{"id":38048,"date":"2025-09-11T11:42:11","date_gmt":"2025-09-11T09:42:11","guid":{"rendered":"https:\/\/www.iceagetv.com\/radiosite\/?p=38048"},"modified":"2025-09-11T11:42:15","modified_gmt":"2025-09-11T09:42:15","slug":"un-homme-de-50-ans-en-fauteuil-roulant-a-ete-tue-a-lyon-frappe-au-cou-avec-une-arme-blanche-un-suspect-est-recherche-par-les-forces-de-lordre","status":"publish","type":"post","link":"https:\/\/www.iceagetv.com\/radiosite\/un-homme-de-50-ans-en-fauteuil-roulant-a-ete-tue-a-lyon-frappe-au-cou-avec-une-arme-blanche-un-suspect-est-recherche-par-les-forces-de-lordre\/","title":{"rendered":"Un homme de 50 ans en fauteuil roulant a \u00e9t\u00e9 tu\u00e9 \u00e0 Lyon, frapp\u00e9 au cou avec une arme blanche &#8211; Un suspect est recherch\u00e9 par les forces de l&rsquo;ordre"},"content":{"rendered":"\n<p class=\"\">Un passant les avait alert\u00e9s peu avant 22H30 de cette agression survenue pr\u00e8s d\u2019une barre d\u2019immeubles dans le 9e arrondissement. La victime, de nationalit\u00e9 irakienne et n\u00e9e en 1979, habitait dans la rue, a pr\u00e9cis\u00e9 une source proche du dossier. Selon un t\u00e9moin, un homme l\u2019attendait et l\u2019a frapp\u00e9 au cou. L\u2019auteur \u00ab a ensuite pris la fuite \u00e0 pied \u00bb, a-t-elle pr\u00e9cis\u00e9.<strong>&nbsp;Le point sur ce que l&rsquo;on sait<\/strong><\/p>\n\n\n\n<p class=\"\">Un homme en fauteuil roulant a \u00e9t\u00e9 tu\u00e9 mercredi soir \u00e0 Lyon, frapp\u00e9 au cou avec une arme blanche, a appris jeudi l\u2019AFP de sources proches de l\u2019enqu\u00eate. La victime \u00e9tait en arr\u00eat cardio-respiratoire quand les secours sont arriv\u00e9s, et ils n\u2019ont pas pu la ranimer, ont pr\u00e9cis\u00e9 les pompiers.<\/p>\n\n\n\n<p class=\"\">Un passant les avait alert\u00e9s peu avant 22H30 de cette agression survenue pr\u00e8s d\u2019une barre d\u2019immeubles dans le 9e arrondissement. La victime, de nationalit\u00e9 irakienne et n\u00e9e en 1979, habitait dans la rue, a pr\u00e9cis\u00e9 une source proche du dossier.<\/p>\n\n\n\n<p class=\"\">Selon un t\u00e9moin, un homme l\u2019attendait et l\u2019a frapp\u00e9 au cou. L\u2019auteur \u00ab&nbsp;a ensuite pris la fuite \u00e0 pied&nbsp;\u00bb, a-t-elle pr\u00e9cis\u00e9. Jeudi matin, des traces de sang restaient visibles sur place et le gardien de l\u2019immeuble tentait de les nettoyer.<\/p>\n\n\n\n<p class=\"\">\u00ab&nbsp;Il y avait du sang \u00e0 l\u2019int\u00e9rieur de l\u2019immeuble&nbsp;\u00bb, sur \u00ab&nbsp;les vitres, la porte et toute l\u2019entr\u00e9e&nbsp;\u00bb, a-t-il expliqu\u00e9 \u00e0 l\u2019AFP. La victime \u00e9tait \u00ab&nbsp;quelqu\u2019un de tr\u00e8s discret, correct&nbsp;\u00bb, a ajout\u00e9 le gardien, qui n\u2019a pas voulu donner plus que son pr\u00e9nom Francisco.<\/p>\n\n\n\n<p class=\"\">\u00ab&nbsp;C\u2019\u00e9tait une personne vuln\u00e9rable, en fauteuil roulant, qui ne marche pas&nbsp;\u00bb et \u00ab&nbsp;un voisin sans probl\u00e8me (&#8230;) qui ne parlait \u00e0 personne&nbsp;\u00bb, a ajout\u00e9 une habitante de l\u2019immeuble.<\/p>\n\n\n\n<p class=\"\">Apr\u00e8s avoir entendu \u00ab&nbsp;comme une altercation&nbsp;\u00bb, son mari est descendu et a port\u00e9 secours \u00e0 la victime, a-t-elle ajout\u00e9. \u00ab&nbsp;Il s\u2019est pris un coup de machette au niveau de la carotide&nbsp;\u00bb, a-t-elle assur\u00e9.<\/p>\n\n\n\n<p class=\"\"><strong>09h37:&nbsp;<\/strong>La victime \u00e9tait \u00ab&nbsp;quelqu\u2019un de tr\u00e8s discret, correct&nbsp;\u00bb, a ajout\u00e9 le gardien, qui n\u2019a pas voulu donner plus que son pr\u00e9nom Francisco.<\/p>\n\n\n\n<p class=\"\">\u00ab&nbsp;C\u2019\u00e9tait une personne vuln\u00e9rable, en fauteuil roulant, qui ne marche pas&nbsp;\u00bb et \u00ab&nbsp;un voisin sans probl\u00e8me (&#8230;) qui ne parlait \u00e0 personne&nbsp;\u00bb, a ajout\u00e9 une habitante de l\u2019immeuble.<\/p>\n\n\n\n<p class=\"\">Apr\u00e8s avoir entendu \u00ab\u00a0comme une altercation\u00a0\u00bb, son mari est descendu et a port\u00e9 secours \u00e0 la victime, a-t-elle ajout\u00e9. \u00ab\u00a0Il s\u2019est pris un coup de machette au niveau de la carotide\u00a0\u00bb, a-t-elle assur\u00e9.<strong>&nbsp;Un homme de 50 ans en fauteuil roulant a \u00e9t\u00e9 tu\u00e9 hier soir \u00e0 Lyon, frapp\u00e9 au cou avec une arme blanche, a appris jeudi l\u2019AFP de sources proches de l\u2019enqu\u00eate.<\/strong><\/p>\n\n\n\n<p class=\"\">La victime \u00e9tait en arr\u00eat cardio-respiratoire quand les secours sont arriv\u00e9s vers 22h30, et ils n\u2019ont pas pu la ranimer, ont pr\u00e9cis\u00e9 les pompiers.<\/p>\n\n\n\n<p class=\"\">Les faits se sont d\u00e9roul\u00e9s au pied d\u2019une barre d\u2019immeubles dans le 9e arrondissement de Lyon.<\/p>\n\n\n\n<p class=\"\">Selon&nbsp;<a href=\"https:\/\/www.bfmtv.com\/lyon\/un-homme-en-fauteuil-roulant-tue-a-l-arme-blanche-a-lyon_AN-202509110313.html\" target=\"_blank\" rel=\"noreferrer noopener\">BFMTV<\/a>, aucune interpellation n&rsquo;a eu lieu pour l&rsquo;instant,&nbsp;un suspect est actuellement recherch\u00e9 par les forces de l&rsquo;ordre.<\/p>\n","protected":false},"excerpt":{"rendered":"<p>Un passant les avait alert\u00e9s peu avant 22H30 de cette agression survenue pr\u00e8s d\u2019une barre d\u2019immeubles dans le 9e arrondissement. La victime, de nationalit\u00e9 irakienne et n\u00e9e en 1979, habitait dans la rue, a pr\u00e9cis\u00e9 une source proche du dossier. Selon un t\u00e9moin, un homme l\u2019attendait et l\u2019a frapp\u00e9 au cou. L\u2019auteur \u00ab a ensuite [&hellip;]<\/p>\n","protected":false},"author":2,"featured_media":38050,"comment_status":"open","ping_status":"open","sticky":false,"template":"","format":"standard","meta":{"_jetpack_memberships_contains_paid_content":false,"footnotes":"","jetpack_publicize_message":"","jetpack_publicize_feature_enabled":true,"jetpack_social_post_already_shared":true,"jetpack_social_options":{"image_generator_settings":{"template":"highway","default_image_id":0,"font":"","enabled":true,"token":"eyJpbWciOiJodHRwczpcL1wvd3d3LmljZWFnZXR2LmNvbVwvcmFkaW9zaXRlXC93cC1jb250ZW50XC91cGxvYWRzXC8yMDI1XC8wOVwvQ2FwdHVyZS1kZWNyYW4tMjAyNS0wOS0xMS0xMTQxMjkucG5nIiwidHh0IjoiVW4gaG9tbWUgZGUgNTAgYW5zIGVuIGZhdXRldWlsIHJvdWxhbnQgYSBcdTAwZTl0XHUwMGU5IHR1XHUwMGU5IFx1MDBlMCBMeW9uLCBmcmFwcFx1MDBlOSBhdSBjb3UgYXZlYyB1bmUgYXJtZSBibGFuY2hlICYjODIxMTsgVW4gc3VzcGVjdCBlc3QgcmVjaGVyY2hcdTAwZTkgcGFyIGxlcyBmb3JjZXMgZGUgbCYjODIxNztvcmRyZSIsInRlbXBsYXRlIjoiaGlnaHdheSIsImZvbnQiOiIiLCJibG9nX2lkIjoxMTEwMTY0NjF9.Y_uZiB8iapSH08wJsAdD9lA-PYaruFa_4c6yTvVgIJIMQ"},"version":2},"_wpas_customize_per_network":false},"categories":[405],"tags":[],"class_list":["post-38048","post","type-post","status-publish","format-standard","has-post-thumbnail","hentry","category-actu-france-monde"],"jetpack_publicize_connections":[],"jetpack_featured_media_url":"https:\/\/i0.wp.com\/www.iceagetv.com\/radiosite\/wp-content\/uploads\/2025\/09\/Capture-decran-2025-09-11-114129.png?fit=730%2C273&ssl=1","jetpack_sharing_enabled":true,"_links":{"self":[{"href":"https:\/\/www.iceagetv.com\/radiosite\/wp-json\/wp\/v2\/posts\/38048","targetHints":{"allow":["GET"]}}],"collection":[{"href":"https:\/\/www.iceagetv.com\/radiosite\/wp-json\/wp\/v2\/posts"}],"about":[{"href":"https:\/\/www.iceagetv.com\/radiosite\/wp-json\/wp\/v2\/types\/post"}],"author":[{"embeddable":true,"href":"https:\/\/www.iceagetv.com\/radiosite\/wp-json\/wp\/v2\/users\/2"}],"replies":[{"embeddable":true,"href":"https:\/\/www.iceagetv.com\/radiosite\/wp-json\/wp\/v2\/comments?post=38048"}],"version-history":[{"count":1,"href":"https:\/\/www.iceagetv.com\/radiosite\/wp-json\/wp\/v2\/posts\/38048\/revisions"}],"predecessor-version":[{"id":38051,"href":"https:\/\/www.iceagetv.com\/radiosite\/wp-json\/wp\/v2\/posts\/38048\/revisions\/38051"}],"wp:featuredmedia":[{"embeddable":true,"href":"https:\/\/www.iceagetv.com\/radiosite\/wp-json\/wp\/v2\/media\/38050"}],"wp:attachment":[{"href":"https:\/\/www.iceagetv.com\/radiosite\/wp-json\/wp\/v2\/media?parent=38048"}],"wp:term":[{"taxonomy":"category","embeddable":true,"href":"https:\/\/www.iceagetv.com\/radiosite\/wp-json\/wp\/v2\/categories?post=38048"},{"taxonomy":"post_tag","embeddable":true,"href":"https:\/\/www.iceagetv.com\/radiosite\/wp-json\/wp\/v2\/tags?post=38048"}],"curies":[{"name":"wp","href":"https:\/\/api.w.org\/{rel}","templated":true}]}}