{"id":38053,"date":"2025-09-11T17:45:33","date_gmt":"2025-09-11T15:45:33","guid":{"rendered":"https:\/\/www.iceagetv.com\/radiosite\/?p=38053"},"modified":"2025-09-11T17:45:37","modified_gmt":"2025-09-11T15:45:37","slug":"greve-du-18-septembre-les-commercants-francais-tres-inquiets-face-aux-mobilisations-prevues","status":"publish","type":"post","link":"https:\/\/www.iceagetv.com\/radiosite\/greve-du-18-septembre-les-commercants-francais-tres-inquiets-face-aux-mobilisations-prevues\/","title":{"rendered":"Gr\u00e8ve du 18\u00a0septembre\u00a0: les commer\u00e7ants fran\u00e7ais \u00ab\u00a0tr\u00e8s inquiets\u00a0\u00bb face aux mobilisations pr\u00e9vues"},"content":{"rendered":"\n<p class=\"\"><strong>L\u2019inqui\u00e9tude grandit en France chez les commer\u00e7ants, qui anticipent des impacts majeurs dus aux mouvements sociaux annonc\u00e9s pour le 18\u00a0septembre<\/strong>Les commer\u00e7ants sont \u00ab\u00a0tr\u00e8s inquiets\u00a0\u00bb de la nouvelle journ\u00e9e de mobilisation pr\u00e9vue le 18\u00a0septembre \u00e0 l\u2019appel des syndicats, anticipant des \u00ab\u00a0impacts plus graves\u00a0\u00bb que\u00a0<a href=\"https:\/\/www.sudouest.fr\/societe\/bloquons-tout\/direct-bloquons-tout-en-gironde-suivez-les-temps-forts-de-la-journee-du-10-septembre-25859271.php\" target=\"_blank\" rel=\"noreferrer noopener\">pour le mouvement \u00ab\u00a0Bloquons tout\u00a0\u00bb,<\/a>\u00a0s\u2019est alarm\u00e9 jeudi le pr\u00e9sident du Conseil du commerce de France (CDCF).Il semble qu\u2019il n\u2019y ait pas eu d\u2019incident tr\u00e8s grave\u00a0\u00bb mercredi, a rapport\u00e9 sur BFM Business Guy Gras, pr\u00e9sident du CDCF, au lendemain d\u2019une journ\u00e9e de contestation sociale n\u00e9e sur les r\u00e9seaux sociaux.Nous avons surtout eu des fermetures de magasins&nbsp;\u00bb, totales ou partielles, les commer\u00e7ants ayant pris les \u00ab&nbsp;mesures de s\u00e9curit\u00e9&nbsp;\u00bb n\u00e9cessaires \u00ab&nbsp;pour prot\u00e9ger leur outil de travail&nbsp;\u00bb et \u00ab&nbsp;leurs salari\u00e9s&nbsp;\u00bb, a relat\u00e9 le pr\u00e9sident de cette organisation repr\u00e9sentant une trentaine de f\u00e9d\u00e9rations professionnelles.<\/p>\n\n\n\n<p class=\"\">\u00ab\u00a0Nous anticipions une baisse de chiffre d\u2019affaires de l\u2019ordre de 20 \u00e0 30\u00a0%\u00a0\u00bb sur la journ\u00e9e de mercredi, a-t-il indiqu\u00e9, dans l\u2019attente de \u00ab\u00a0chiffres plus pr\u00e9cis\u00a0\u00bb \u00e0 l\u2019issue d\u2019une r\u00e9union du CDCF pr\u00e9vue jeudi apr\u00e8s-midi.Le 18&nbsp;septembre, une journ\u00e9e \u00e0 haut risque&nbsp;?<\/p>\n\n\n\n<p class=\"\">\u00ab&nbsp;Mais nous anticipons des impacts plus graves pour le 18&nbsp;septembre. Nous sommes tr\u00e8s inquiets pour le 18&nbsp;septembre&nbsp;\u00bb, a soulign\u00e9 Guy Gras, redoutant des \u00ab&nbsp;mouvements de blocage&nbsp;\u00bb et des \u00ab&nbsp;actions importantes sur le territoire&nbsp;\u00bb.<\/p>\n\n\n\n<p class=\"\">\u00ab&nbsp;Nos commer\u00e7ants, ils pr\u00e9f\u00e9reraient investir dans des climatisations plus modernes, et des syst\u00e8mes d\u2019\u00e9clairage moins consommateurs d\u2019\u00e9nergie, plut\u00f4t que dans des portes blind\u00e9es et des vitrines ultra-s\u00e9curis\u00e9es&nbsp;\u00bb, a-t-il d\u00e9plor\u00e9.<\/p>\n\n\n\n<p class=\"\">Interrog\u00e9 sur d\u2019\u00e9ventuelles r\u00e9ductions propos\u00e9es par des commer\u00e7ants, en \u00e9change de paiements en esp\u00e8ce plut\u00f4t que par carte bancaire, l\u2019une des modalit\u00e9s d\u2019action pr\u00e9conis\u00e9es par certains initiateurs du mouvement du 10\u00a0septembre, Guy Gras a estim\u00e9 ces \u00ab\u00a0situations tout \u00e0 fait anecdotiques\u00a0\u00bb.&nbsp;Les commer\u00e7ants ont surtout peur pour leur outil de travail et pour la poursuite de leur activit\u00e9, je ne pense pas que le commerce dans sa majorit\u00e9 suive les actions graves de certains agitateurs&nbsp;\u00bb, a-t-il fait valoir.<\/p>\n\n\n\n<p class=\"\">Rassemblements, blocages\u2026 Pr\u00e8s de 200&nbsp;000&nbsp;personnes ont particip\u00e9 mercredi \u00e0 la mobilisation contre l\u2019aust\u00e9rit\u00e9, les \u00ab&nbsp;in\u00e9galit\u00e9s&nbsp;\u00bb et le \u00ab&nbsp;d\u00e9ni&nbsp;\u00bb d\u00e9mocratique, soutenue seulement par la CGT et Solidaires du c\u00f4t\u00e9 des syndicats, qui appellent \u00e0 leur tour tous les salari\u00e9s \u00e0 la gr\u00e8ve le 18&nbsp;septembre. Le centre commercial du Forum des Halles, un des plus importants d\u2019Europe, a notamment d\u00fb fermer ses portes mercredi apr\u00e8s-midi.<\/p>\n","protected":false},"excerpt":{"rendered":"<p>L\u2019inqui\u00e9tude grandit en France chez les commer\u00e7ants, qui anticipent des impacts majeurs dus aux mouvements sociaux annonc\u00e9s pour le 18\u00a0septembreLes commer\u00e7ants sont \u00ab\u00a0tr\u00e8s inquiets\u00a0\u00bb de la nouvelle journ\u00e9e de mobilisation pr\u00e9vue le 18\u00a0septembre \u00e0 l\u2019appel des syndicats, anticipant des \u00ab\u00a0impacts plus graves\u00a0\u00bb que\u00a0pour le mouvement \u00ab\u00a0Bloquons tout\u00a0\u00bb,\u00a0s\u2019est alarm\u00e9 jeudi le pr\u00e9sident du Conseil du commerce [&hellip;]<\/p>\n","protected":false},"author":2,"featured_media":38054,"comment_status":"open","ping_status":"open","sticky":false,"template":"","format":"standard","meta":{"_jetpack_memberships_contains_paid_content":false,"footnotes":"","jetpack_publicize_message":"","jetpack_publicize_feature_enabled":true,"jetpack_social_post_already_shared":true,"jetpack_social_options":{"image_generator_settings":{"template":"highway","default_image_id":0,"font":"","enabled":true,"token":"eyJpbWciOiJodHRwczpcL1wvd3d3LmljZWFnZXR2LmNvbVwvcmFkaW9zaXRlXC93cC1jb250ZW50XC91cGxvYWRzXC8yMDI1XC8wOVwvQ2FwdHVyZS1kZWNyYW4tMjAyNS0wOS0xMS0xNzQ0NTMucG5nIiwidHh0IjoiR3JcdTAwZTh2ZSBkdSAxOFx1MDBhMHNlcHRlbWJyZVx1MDBhMDogbGVzIGNvbW1lclx1MDBlN2FudHMgZnJhblx1MDBlN2FpcyBcdTAwYWJcdTAwYTB0clx1MDBlOHMgaW5xdWlldHNcdTAwYTBcdTAwYmIgZmFjZSBhdXggbW9iaWxpc2F0aW9ucyBwclx1MDBlOXZ1ZXMiLCJ0ZW1wbGF0ZSI6ImhpZ2h3YXkiLCJmb250IjoiIiwiYmxvZ19pZCI6MTExMDE2NDYxfQ.Wm5ck6WrHB4HZ7qaJb4OYg3YdIQ9SsM3R2BYVCJpcTEMQ"},"version":2},"_wpas_customize_per_network":false},"categories":[405],"tags":[],"class_list":["post-38053","post","type-post","status-publish","format-standard","has-post-thumbnail","hentry","category-actu-france-monde"],"jetpack_publicize_connections":[],"jetpack_featured_media_url":"https:\/\/i0.wp.com\/www.iceagetv.com\/radiosite\/wp-content\/uploads\/2025\/09\/Capture-decran-2025-09-11-174453.png?fit=257%2C187&ssl=1","jetpack_sharing_enabled":true,"_links":{"self":[{"href":"https:\/\/www.iceagetv.com\/radiosite\/wp-json\/wp\/v2\/posts\/38053","targetHints":{"allow":["GET"]}}],"collection":[{"href":"https:\/\/www.iceagetv.com\/radiosite\/wp-json\/wp\/v2\/posts"}],"about":[{"href":"https:\/\/www.iceagetv.com\/radiosite\/wp-json\/wp\/v2\/types\/post"}],"author":[{"embeddable":true,"href":"https:\/\/www.iceagetv.com\/radiosite\/wp-json\/wp\/v2\/users\/2"}],"replies":[{"embeddable":true,"href":"https:\/\/www.iceagetv.com\/radiosite\/wp-json\/wp\/v2\/comments?post=38053"}],"version-history":[{"count":1,"href":"https:\/\/www.iceagetv.com\/radiosite\/wp-json\/wp\/v2\/posts\/38053\/revisions"}],"predecessor-version":[{"id":38055,"href":"https:\/\/www.iceagetv.com\/radiosite\/wp-json\/wp\/v2\/posts\/38053\/revisions\/38055"}],"wp:featuredmedia":[{"embeddable":true,"href":"https:\/\/www.iceagetv.com\/radiosite\/wp-json\/wp\/v2\/media\/38054"}],"wp:attachment":[{"href":"https:\/\/www.iceagetv.com\/radiosite\/wp-json\/wp\/v2\/media?parent=38053"}],"wp:term":[{"taxonomy":"category","embeddable":true,"href":"https:\/\/www.iceagetv.com\/radiosite\/wp-json\/wp\/v2\/categories?post=38053"},{"taxonomy":"post_tag","embeddable":true,"href":"https:\/\/www.iceagetv.com\/radiosite\/wp-json\/wp\/v2\/tags?post=38053"}],"curies":[{"name":"wp","href":"https:\/\/api.w.org\/{rel}","templated":true}]}}