{"id":38065,"date":"2025-09-11T20:14:06","date_gmt":"2025-09-11T18:14:06","guid":{"rendered":"https:\/\/www.iceagetv.com\/radiosite\/?p=38065"},"modified":"2025-09-11T20:14:10","modified_gmt":"2025-09-11T18:14:10","slug":"canicule-au-moins-280-morts-en-plus-chez-les-75-ans-et-plus-sante-publique-france-devoile-les-chiffres-du-mois-daout","status":"publish","type":"post","link":"https:\/\/www.iceagetv.com\/radiosite\/canicule-au-moins-280-morts-en-plus-chez-les-75-ans-et-plus-sante-publique-france-devoile-les-chiffres-du-mois-daout\/","title":{"rendered":"Canicule\u00a0: au moins 280 morts en plus chez les 75 ans et plus, Sant\u00e9 publique France d\u00e9voile les chiffres du mois d&rsquo;ao\u00fbt"},"content":{"rendered":"\n<p class=\"\"><strong>La canicule d\u2019ao\u00fbt\u00a02025 a engendr\u00e9 un exc\u00e8s de mortalit\u00e9 de 280 d\u00e9c\u00e8s en France, touchant principalement les personnes \u00e2g\u00e9es. Les autorit\u00e9s sanitaires soulignent l\u2019urgence de mesures pr\u00e9ventives face \u00e0 des vagues de chaleur de plus en plus fr\u00e9quentes.<\/strong>Au moins 280 d\u00e9c\u00e8s de plus que la normale, soit un exc\u00e8s d\u2019environ 5&nbsp;%, ont \u00e9t\u00e9 constat\u00e9s en France lors de la canicule du 8 au 19&nbsp;ao\u00fbt, la deuxi\u00e8me de l\u2019\u00e9t\u00e9 2025, a annonc\u00e9 jeudi l\u2019agence Sant\u00e9 publique France.<\/p>\n\n\n\n<p class=\"\"><em>\u00ab\u00a0Cette mortalit\u00e9 en exc\u00e8s n\u2019est observ\u00e9e que chez les personnes \u00e2g\u00e9es de 75 ans et plus\u00a0\u00bb<\/em>, pr\u00e9cise l\u2019agence sanitaire, rappelant qu\u2019il est encore trop t\u00f4t pour \u00e9tablir un rapport direct de cause \u00e0 effet entre ces morts et les fortes chaleurs.<\/p>\n\n\n\n<p class=\"\">La France, comme d\u2019autres pays europ\u00e9ens, a \u00e9t\u00e9 frapp\u00e9e au mois d\u2019ao\u00fbt par cet \u00e9pisode de fortes chaleurs, le deuxi\u00e8me de l\u2019\u00e9t\u00e9 apr\u00e8s une premi\u00e8re canicule fin juin et d\u00e9but juillet. \u00c0 l\u2019\u00e9chelle mondiale, le mois d\u2019ao\u00fbt a \u00e9t\u00e9 le troisi\u00e8me plus chaud jamais mesur\u00e9.Les chiffres donn\u00e9s jeudi par Sant\u00e9 publique France pr\u00e9sentent une premi\u00e8re id\u00e9e de la mortalit\u00e9 li\u00e9e \u00e0 cette canicule, qui a frapp\u00e9 un peu moins de la moiti\u00e9 de l\u2019Hexagone, alors que les effets n\u00e9gatifs des fortes chaleurs sont bien document\u00e9s\u00a0: risque de d\u00e9shydratation, aggravation de troubles cardiovasculaires\u2026<\/p>\n","protected":false},"excerpt":{"rendered":"<p>La canicule d\u2019ao\u00fbt\u00a02025 a engendr\u00e9 un exc\u00e8s de mortalit\u00e9 de 280 d\u00e9c\u00e8s en France, touchant principalement les personnes \u00e2g\u00e9es. Les autorit\u00e9s sanitaires soulignent l\u2019urgence de mesures pr\u00e9ventives face \u00e0 des vagues de chaleur de plus en plus fr\u00e9quentes.Au moins 280 d\u00e9c\u00e8s de plus que la normale, soit un exc\u00e8s d\u2019environ 5&nbsp;%, ont \u00e9t\u00e9 constat\u00e9s en [&hellip;]<\/p>\n","protected":false},"author":2,"featured_media":38066,"comment_status":"open","ping_status":"open","sticky":false,"template":"","format":"standard","meta":{"_jetpack_memberships_contains_paid_content":false,"footnotes":"","jetpack_publicize_message":"","jetpack_publicize_feature_enabled":true,"jetpack_social_post_already_shared":true,"jetpack_social_options":{"image_generator_settings":{"template":"highway","default_image_id":0,"font":"","enabled":true,"token":"eyJpbWciOiJodHRwczpcL1wvd3d3LmljZWFnZXR2LmNvbVwvcmFkaW9zaXRlXC93cC1jb250ZW50XC91cGxvYWRzXC8yMDI1XC8wOVwvQ2FwdHVyZS1kZWNyYW4tMjAyNS0wOS0xMS0yMDEzMjQucG5nIiwidHh0IjoiQ2FuaWN1bGVcdTAwYTA6IGF1IG1vaW5zIDI4MCBtb3J0cyBlbiBwbHVzIGNoZXogbGVzIDc1IGFucyBldCBwbHVzLCBTYW50XHUwMGU5IHB1YmxpcXVlIEZyYW5jZSBkXHUwMGU5dm9pbGUgbGVzIGNoaWZmcmVzIGR1IG1vaXMgZCYjODIxNzthb1x1MDBmYnQiLCJ0ZW1wbGF0ZSI6ImhpZ2h3YXkiLCJmb250IjoiIiwiYmxvZ19pZCI6MTExMDE2NDYxfQ.GJZK2X5XFj1yogXI4AEbwGUF7Ou8jpsbm5BXmR2XS58MQ"},"version":2},"_wpas_customize_per_network":false},"categories":[405],"tags":[],"class_list":["post-38065","post","type-post","status-publish","format-standard","has-post-thumbnail","hentry","category-actu-france-monde"],"jetpack_publicize_connections":[],"jetpack_featured_media_url":"https:\/\/i0.wp.com\/www.iceagetv.com\/radiosite\/wp-content\/uploads\/2025\/09\/Capture-decran-2025-09-11-201324.png?fit=1018%2C362&ssl=1","jetpack_sharing_enabled":true,"_links":{"self":[{"href":"https:\/\/www.iceagetv.com\/radiosite\/wp-json\/wp\/v2\/posts\/38065","targetHints":{"allow":["GET"]}}],"collection":[{"href":"https:\/\/www.iceagetv.com\/radiosite\/wp-json\/wp\/v2\/posts"}],"about":[{"href":"https:\/\/www.iceagetv.com\/radiosite\/wp-json\/wp\/v2\/types\/post"}],"author":[{"embeddable":true,"href":"https:\/\/www.iceagetv.com\/radiosite\/wp-json\/wp\/v2\/users\/2"}],"replies":[{"embeddable":true,"href":"https:\/\/www.iceagetv.com\/radiosite\/wp-json\/wp\/v2\/comments?post=38065"}],"version-history":[{"count":1,"href":"https:\/\/www.iceagetv.com\/radiosite\/wp-json\/wp\/v2\/posts\/38065\/revisions"}],"predecessor-version":[{"id":38067,"href":"https:\/\/www.iceagetv.com\/radiosite\/wp-json\/wp\/v2\/posts\/38065\/revisions\/38067"}],"wp:featuredmedia":[{"embeddable":true,"href":"https:\/\/www.iceagetv.com\/radiosite\/wp-json\/wp\/v2\/media\/38066"}],"wp:attachment":[{"href":"https:\/\/www.iceagetv.com\/radiosite\/wp-json\/wp\/v2\/media?parent=38065"}],"wp:term":[{"taxonomy":"category","embeddable":true,"href":"https:\/\/www.iceagetv.com\/radiosite\/wp-json\/wp\/v2\/categories?post=38065"},{"taxonomy":"post_tag","embeddable":true,"href":"https:\/\/www.iceagetv.com\/radiosite\/wp-json\/wp\/v2\/tags?post=38065"}],"curies":[{"name":"wp","href":"https:\/\/api.w.org\/{rel}","templated":true}]}}