{"id":38086,"date":"2025-09-12T08:38:55","date_gmt":"2025-09-12T06:38:55","guid":{"rendered":"https:\/\/www.iceagetv.com\/radiosite\/?p=38086"},"modified":"2025-09-12T08:38:59","modified_gmt":"2025-09-12T06:38:59","slug":"bresil-lancien-president-jair-bolsonaro-condamne-a-27-ans-de-prison-pour-un-coup-detat-manque","status":"publish","type":"post","link":"https:\/\/www.iceagetv.com\/radiosite\/bresil-lancien-president-jair-bolsonaro-condamne-a-27-ans-de-prison-pour-un-coup-detat-manque\/","title":{"rendered":"Br\u00e9sil : l&rsquo;ancien pr\u00e9sident Jair Bolsonaro condamn\u00e9 \u00e0 27 ans de prison pour un coup d&rsquo;\u00e9tat manqu\u00e9"},"content":{"rendered":"\n<p class=\"\">L&rsquo;ancien chef de l&rsquo;Etat d&rsquo;extr\u00eame droite va d\u00e9poser des recours, \u00ab\u00a0y compris au niveau international\u00a0\u00bb. Il n&rsquo;ira en prison que lorsque ses options seront \u00e9puis\u00e9es.Le secr\u00e9taire d\u2019Etat am\u00e9ricain Marco Rubio a aussit\u00f4t promis des repr\u00e9sailles: les Etats-Unis vont \u00ab&nbsp;r\u00e9pondre en cons\u00e9quence&nbsp;\u00bb \u00e0 cette condamnation \u00ab&nbsp;injuste&nbsp;\u00bb, a-t-il dit. Le Br\u00e9sil a r\u00e9pliqu\u00e9 qu\u2019il ne se laisserait pas \u00ab&nbsp;intimider&nbsp;\u00bb par des \u00ab&nbsp;menaces&nbsp;\u00bb.<\/p>\n\n\n\n<p class=\"\">Par quatre voix contre une, la Cour supr\u00eame a d\u00e9clar\u00e9 coupable l\u2019ex-pr\u00e9sident br\u00e9silien (2019-2022), 70 ans, le condamnant \u00e0 27 ans et trois mois de prison. Un s\u00e9isme, \u00e0 un peu plus d\u2019un an de la pr\u00e9sidentielle de 2026.<\/p>\n\n\n\n<p class=\"\">M. Bolsonaro a \u00e9t\u00e9 reconnu chef d\u2019une \u00ab\u00a0organisation criminelle\u00a0\u00bb ayant conspir\u00e9 pour assurer son \u00ab\u00a0maintien autoritaire au pouvoir\u00a0\u00bb apr\u00e8s sa d\u00e9faite face au pr\u00e9sident de gauche actuel, Luiz Inacio Lula da Silva, lors de l\u2019\u00e9lection de la fin 2022.L\u2019assassinat de Lula, l\u2019actuel Pr\u00e9sident<\/p>\n\n\n\n<p class=\"\">Selon l\u2019accusation, le projet pr\u00e9voyait notamment l\u2019assassinat de Lula et ne s\u2019est pas concr\u00e9tis\u00e9 faute de soutien de la hi\u00e9rarchie militaire.<\/p>\n\n\n\n<p class=\"\">Les \u00e9meutes qui avaient vu le 8 janvier 2023, une semaine apr\u00e8s l\u2019investiture de Lula, des milliers de sympathisants bolsonaristes prendre d\u2019assaut et&nbsp;<a href=\"https:\/\/actu.fr\/monde\/bresil-l-ex-president-jair-bolsonaro-vise-par-l-enquete-sur-les-saccages-a-brasilia_56594105.html\">vandaliser les si\u00e8ges des institutions \u00e0 Brasilia<\/a>&nbsp;auraient \u00e9t\u00e9 l&rsquo;&nbsp;\u00bbultime espoir&nbsp;\u00bb de voir aboutir le complot.&nbsp;<\/p>\n\n\n\n<p class=\"\">In\u00e9ligible jusqu\u2019en 2030 et assign\u00e9 \u00e0 r\u00e9sidence, M. Bolsonaro n\u2019\u00e9tait pas pr\u00e9sent \u00e0 l\u2019audience, pour motif de sant\u00e9 selon sa d\u00e9fense. L\u2019ancien chef de l\u2019Etat garde \u00ab\u00a0la t\u00eate haute pour affronter cette pers\u00e9cution\u00a0\u00bb, a r\u00e9agi le s\u00e9nateur Flavio Bolsonaro, son fils a\u00een\u00e9.Le camp conservateur va mettre \u00ab\u00a0toutes ses forces\u00a0\u00bb pour \u00ab\u00a0unir le Parlement\u00a0\u00bb autour d\u2019un projet d\u2019amnistie incluant son leader, a-t-il affirm\u00e9.Dans un tout autre climat, quelques dizaines de sympathisants bolsonaristes se sont retrouv\u00e9s pr\u00e8s de son domicile pour t\u00e9moigner leur soutien \u00e0 leur champion lors d\u2019une \u00ab&nbsp;veill\u00e9e de pri\u00e8re&nbsp;\u00bb.<\/p>\n\n\n\n<p class=\"\">\u00ab&nbsp;Avec l\u2019\u00e2ge qu\u2019il a, nous savons tous qu\u2019il finira par mourir en prison&nbsp;\u00bb, l\u00e2che Vantuir Batista, pasteur \u00e9vang\u00e9lique.<\/p>\n\n\n\n<p class=\"\">L\u2019affaire Bolsonaro est aussi \u00e0 l\u2019origine d\u2019une crise sans pr\u00e9c\u00e9dent entre la premi\u00e8re puissance d\u2019Am\u00e9rique latine et les \u00c9tats-Unis.&nbsp;<\/p>\n\n\n\n<p class=\"\">D\u00e9non\u00e7ant une \u00ab&nbsp;chasse aux sorci\u00e8res&nbsp;\u00bb contre Jair Bolsonaro, Donald Trump a impos\u00e9 depuis d\u00e9but ao\u00fbt une surtaxe punitive de 50 % sur une part importante des exportations br\u00e9siliennes.<\/p>\n\n\n\n<p class=\"\">\u00ab&nbsp;C\u2019est tr\u00e8s surprenant que \u00e7a puisse arriver&nbsp;\u00bb, a r\u00e9agi le pr\u00e9sident am\u00e9ricain apr\u00e8s la condamnation de son alli\u00e9, la comparant \u00e0 ses propres d\u00e9boires judiciaires pass\u00e9s.<\/p>\n\n\n\n<h2 class=\"wp-block-heading\">Il n\u2019ira pas en prison de suite<\/h2>\n\n\n\n<p class=\"\">C\u2019est la premi\u00e8re fois qu\u2019un ancien chef de l\u2019Etat est condamn\u00e9 pour de tels faits, dans un pays encore hant\u00e9 par le souvenir de la dictature militaire (1964-1985).<\/p>\n\n\n\n<p class=\"\">D\u00e9plorant des peines \u00ab&nbsp;incroyablement excessives&nbsp;\u00bb, ses avocats ont promis de d\u00e9poser \u00ab&nbsp;les recours appropri\u00e9s, y compris au niveau international&nbsp;\u00bb. Selon une source de la Cour supr\u00eame, la d\u00e9fense aura cinq jours pour faire appel, une fois le jugement publi\u00e9.<\/p>\n\n\n\n<p class=\"\">M. Bolsonaro ne pourrait \u00eatre envoy\u00e9 en prison qu\u2019une fois tous ses recours \u00e9puis\u00e9s, a expliqu\u00e9 \u00e0 l\u2019AFP Thiago Bottino, professeur de droit p\u00e9nal \u00e0 la Fondation Getulio Vargas.&nbsp;<br>La haute juridiction a condamn\u00e9 en outre sept anciens proches collaborateurs de M. Bolsonaro, dont plusieurs ex-ministres et g\u00e9n\u00e9raux, \u00e0 des peines allant de deux \u00e0 26 ans de prison.<\/p>\n\n\n\n<p class=\"\">La bataille devrait rapidement s\u2019acc\u00e9l\u00e9rer pour le leadership \u00e0 droite en vue de la prochaine pr\u00e9sidentielle.<\/p>\n\n\n\n<p class=\"\">Avec une popularit\u00e9 renforc\u00e9e par les attaques am\u00e9ricaines, Lula, 79 ans, affiche son intention de briguer un nouveau mandat, se posant en champion de la \u00ab&nbsp;souverainet\u00e9&nbsp;\u00bb br\u00e9silienne.<\/p>\n\n\n\n<p class=\"\">Jair Bolsonaro est le quatri\u00e8me ancien locataire du palais pr\u00e9sidentiel condamn\u00e9 depuis le retour \u00e0 la d\u00e9mocratie il y a 40 ans.<\/p>\n\n\n\n<p class=\"\">Avant lui, Fernando Collor de Mello, Michel Temer et Lula (qui fit deux premiers mandats entre 2003 et 2010) ont \u00e9t\u00e9 condamn\u00e9s pour corruption. Lula a \u00e9t\u00e9 incarc\u00e9r\u00e9 en 2018-2019, avant que sa condamnation ne soit annul\u00e9e pour vice de forme.<\/p>\n","protected":false},"excerpt":{"rendered":"<p>L&rsquo;ancien chef de l&rsquo;Etat d&rsquo;extr\u00eame droite va d\u00e9poser des recours, \u00ab\u00a0y compris au niveau international\u00a0\u00bb. Il n&rsquo;ira en prison que lorsque ses options seront \u00e9puis\u00e9es.Le secr\u00e9taire d\u2019Etat am\u00e9ricain Marco Rubio a aussit\u00f4t promis des repr\u00e9sailles: les Etats-Unis vont \u00ab&nbsp;r\u00e9pondre en cons\u00e9quence&nbsp;\u00bb \u00e0 cette condamnation \u00ab&nbsp;injuste&nbsp;\u00bb, a-t-il dit. Le Br\u00e9sil a r\u00e9pliqu\u00e9 qu\u2019il ne se laisserait [&hellip;]<\/p>\n","protected":false},"author":2,"featured_media":38087,"comment_status":"open","ping_status":"open","sticky":false,"template":"","format":"standard","meta":{"_jetpack_memberships_contains_paid_content":false,"footnotes":"","jetpack_publicize_message":"","jetpack_publicize_feature_enabled":true,"jetpack_social_post_already_shared":true,"jetpack_social_options":{"image_generator_settings":{"template":"highway","default_image_id":0,"font":"","enabled":true,"token":"eyJpbWciOiJodHRwczpcL1wvd3d3LmljZWFnZXR2LmNvbVwvcmFkaW9zaXRlXC93cC1jb250ZW50XC91cGxvYWRzXC8yMDI1XC8wOVwvQ2FwdHVyZS1kZWNyYW4tMjAyNS0wOS0xMi0wODM4MTIucG5nIiwidHh0IjoiQnJcdTAwZTlzaWwgOiBsJiM4MjE3O2FuY2llbiBwclx1MDBlOXNpZGVudCBKYWlyIEJvbHNvbmFybyBjb25kYW1uXHUwMGU5IFx1MDBlMCAyNyBhbnMgZGUgcHJpc29uIHBvdXIgdW4gY291cCBkJiM4MjE3O1x1MDBlOXRhdCBtYW5xdVx1MDBlOSIsInRlbXBsYXRlIjoiaGlnaHdheSIsImZvbnQiOiIiLCJibG9nX2lkIjoxMTEwMTY0NjF9.nx_8Kb6lCfzoQsCbtxRu2URjNlxYh9JFSRZiPOryrnoMQ"},"version":2},"_wpas_customize_per_network":false},"categories":[405],"tags":[],"class_list":["post-38086","post","type-post","status-publish","format-standard","has-post-thumbnail","hentry","category-actu-france-monde"],"jetpack_publicize_connections":[],"jetpack_featured_media_url":"https:\/\/i0.wp.com\/www.iceagetv.com\/radiosite\/wp-content\/uploads\/2025\/09\/Capture-decran-2025-09-12-083812.png?fit=847%2C495&ssl=1","jetpack_sharing_enabled":true,"_links":{"self":[{"href":"https:\/\/www.iceagetv.com\/radiosite\/wp-json\/wp\/v2\/posts\/38086","targetHints":{"allow":["GET"]}}],"collection":[{"href":"https:\/\/www.iceagetv.com\/radiosite\/wp-json\/wp\/v2\/posts"}],"about":[{"href":"https:\/\/www.iceagetv.com\/radiosite\/wp-json\/wp\/v2\/types\/post"}],"author":[{"embeddable":true,"href":"https:\/\/www.iceagetv.com\/radiosite\/wp-json\/wp\/v2\/users\/2"}],"replies":[{"embeddable":true,"href":"https:\/\/www.iceagetv.com\/radiosite\/wp-json\/wp\/v2\/comments?post=38086"}],"version-history":[{"count":1,"href":"https:\/\/www.iceagetv.com\/radiosite\/wp-json\/wp\/v2\/posts\/38086\/revisions"}],"predecessor-version":[{"id":38088,"href":"https:\/\/www.iceagetv.com\/radiosite\/wp-json\/wp\/v2\/posts\/38086\/revisions\/38088"}],"wp:featuredmedia":[{"embeddable":true,"href":"https:\/\/www.iceagetv.com\/radiosite\/wp-json\/wp\/v2\/media\/38087"}],"wp:attachment":[{"href":"https:\/\/www.iceagetv.com\/radiosite\/wp-json\/wp\/v2\/media?parent=38086"}],"wp:term":[{"taxonomy":"category","embeddable":true,"href":"https:\/\/www.iceagetv.com\/radiosite\/wp-json\/wp\/v2\/categories?post=38086"},{"taxonomy":"post_tag","embeddable":true,"href":"https:\/\/www.iceagetv.com\/radiosite\/wp-json\/wp\/v2\/tags?post=38086"}],"curies":[{"name":"wp","href":"https:\/\/api.w.org\/{rel}","templated":true}]}}