{"id":38099,"date":"2025-09-12T13:05:23","date_gmt":"2025-09-12T11:05:23","guid":{"rendered":"https:\/\/www.iceagetv.com\/radiosite\/?p=38099"},"modified":"2025-09-12T13:05:27","modified_gmt":"2025-09-12T11:05:27","slug":"un-ehpad-des-bouches-du-rhone-ferme-apres-des-dysfonctionnements-graves-mettant-en-peril-la-securite-des-residents","status":"publish","type":"post","link":"https:\/\/www.iceagetv.com\/radiosite\/un-ehpad-des-bouches-du-rhone-ferme-apres-des-dysfonctionnements-graves-mettant-en-peril-la-securite-des-residents\/","title":{"rendered":"Un Ehpad des Bouches-du-Rh\u00f4ne ferm\u00e9 apr\u00e8s des \u00ab\u00a0dysfonctionnements graves mettant en p\u00e9ril la s\u00e9curit\u00e9 des r\u00e9sidents"},"content":{"rendered":"\n<p class=\"\">Le retrait d&rsquo;autorisation a \u00e9t\u00e9 prononc\u00e9 le 11 septembre par le directeur g\u00e9n\u00e9ral de l&rsquo;ARS et la pr\u00e9sidente du Conseil d\u00e9partemental des Bouches-du-Rh\u00f4ne.L&rsquo;Ehpad \u00ab\u00a0Clos Saint-Martin\u00a0\u00bb de P\u00e9lissanne (Bouches-du-Rh\u00f4ne) est ferm\u00e9 apr\u00e8s des \u00ab\u00a0dysfonctionnements graves\u00a0\u00bb signal\u00e9s par le maire de la commune \u00e0 l&rsquo;Agence r\u00e9gionale de sant\u00e9 de Provence-Alpes-C\u00f4te d&rsquo;Azur, indique, vendredi 12 septembre, l&rsquo;ARS dans un communiqu\u00e9.\u00a0\u00bbPlusieurs inspections dont une derni\u00e8re inopin\u00e9e, men\u00e9e le 27 ao\u00fbt 2025&Prime;Le retrait d&rsquo;autorisation a \u00e9t\u00e9 prononc\u00e9 le 11 septembre par le directeur g\u00e9n\u00e9ral de l&rsquo;ARS et la pr\u00e9sidente du Conseil d\u00e9partemental des Bouches-du-Rh\u00f4ne. Cela \u00ab\u00a0fait suite \u00e0 plusieurs inspections, dont une derni\u00e8re, inopin\u00e9e, men\u00e9e le 27 ao\u00fbt 2025\u00a0\u00bb \u00e0 l&rsquo;initiative de l&rsquo;ARS et du D\u00e9partement, \u00e9crit l&rsquo;ARS.L&rsquo;autorit\u00e9 sanitaire assure que celle-ci \u00ab\u00a0a r\u00e9v\u00e9l\u00e9 de graves d\u00e9faillances au sein de l&rsquo;Ehpad\u00a0\u00bb. Elle \u00e9num\u00e8re : \u00ab\u00a0locaux indignes et dangereux pour les r\u00e9sidents, gestion insatisfaisante des ressources humaines, maltraitance institutionnelle\u00a0\u00bb avec des \u00ab\u00a0soins non ou mal effectu\u00e9s, abandon des r\u00e9sidents avec des risques de fugue ou de d\u00e9c\u00e8s\u00a0\u00bb. Pour l&rsquo;ARS, tout cela compromettait \u00ab\u00a0directement la sant\u00e9, la s\u00e9curit\u00e9 et le bien-\u00eatre physique et moral des r\u00e9sidents\u00a0\u00bb.Un administrateur provisoire a \u00e9t\u00e9 nomm\u00e9 afin notamment \u00ab\u00a0d&rsquo;organiser le transfert des 73 r\u00e9sidents vers d&rsquo;autres \u00e9tablissements adapt\u00e9s, en concertation avec leurs familles ou tuteurs\u00a0\u00bb. L&rsquo;administrateur en question a \u00e9galement la charge de \u00ab\u00a0faciliter le reclassement des salari\u00e9s de l&rsquo;\u00e9tablissement\u00a0\u00bb.<\/p>\n","protected":false},"excerpt":{"rendered":"<p>Le retrait d&rsquo;autorisation a \u00e9t\u00e9 prononc\u00e9 le 11 septembre par le directeur g\u00e9n\u00e9ral de l&rsquo;ARS et la pr\u00e9sidente du Conseil d\u00e9partemental des Bouches-du-Rh\u00f4ne.L&rsquo;Ehpad \u00ab\u00a0Clos Saint-Martin\u00a0\u00bb de P\u00e9lissanne (Bouches-du-Rh\u00f4ne) est ferm\u00e9 apr\u00e8s des \u00ab\u00a0dysfonctionnements graves\u00a0\u00bb signal\u00e9s par le maire de la commune \u00e0 l&rsquo;Agence r\u00e9gionale de sant\u00e9 de Provence-Alpes-C\u00f4te d&rsquo;Azur, indique, vendredi 12 septembre, l&rsquo;ARS dans [&hellip;]<\/p>\n","protected":false},"author":2,"featured_media":38100,"comment_status":"open","ping_status":"open","sticky":false,"template":"","format":"standard","meta":{"_jetpack_memberships_contains_paid_content":false,"footnotes":"","jetpack_publicize_message":"","jetpack_publicize_feature_enabled":true,"jetpack_social_post_already_shared":true,"jetpack_social_options":{"image_generator_settings":{"template":"highway","default_image_id":0,"font":"","enabled":true,"token":"eyJpbWciOiJodHRwczpcL1wvd3d3LmljZWFnZXR2LmNvbVwvcmFkaW9zaXRlXC93cC1jb250ZW50XC91cGxvYWRzXC8yMDI1XC8wOVwvU2NyZWVuc2hvdF8yMDI1MDkxMl8xMzA0MjYuanBnIiwidHh0IjoiVW4gRWhwYWQgZGVzIEJvdWNoZXMtZHUtUmhcdTAwZjRuZSBmZXJtXHUwMGU5IGFwclx1MDBlOHMgZGVzICYjODIyMDtkeXNmb25jdGlvbm5lbWVudHMgZ3JhdmVzIG1ldHRhbnQgZW4gcFx1MDBlOXJpbCBsYSBzXHUwMGU5Y3VyaXRcdTAwZTkgZGVzIHJcdTAwZTlzaWRlbnRzIiwidGVtcGxhdGUiOiJoaWdod2F5IiwiZm9udCI6IiIsImJsb2dfaWQiOjExMTAxNjQ2MX0.vs9Gjw64Ku5yIxKr9n-VlBUVdG4m68bap-cwKWWLJwQMQ"},"version":2},"_wpas_customize_per_network":false},"categories":[405],"tags":[],"class_list":["post-38099","post","type-post","status-publish","format-standard","has-post-thumbnail","hentry","category-actu-france-monde"],"jetpack_publicize_connections":[],"jetpack_featured_media_url":"https:\/\/i0.wp.com\/www.iceagetv.com\/radiosite\/wp-content\/uploads\/2025\/09\/Screenshot_20250912_130426.jpg?fit=928%2C531&ssl=1","jetpack_sharing_enabled":true,"_links":{"self":[{"href":"https:\/\/www.iceagetv.com\/radiosite\/wp-json\/wp\/v2\/posts\/38099","targetHints":{"allow":["GET"]}}],"collection":[{"href":"https:\/\/www.iceagetv.com\/radiosite\/wp-json\/wp\/v2\/posts"}],"about":[{"href":"https:\/\/www.iceagetv.com\/radiosite\/wp-json\/wp\/v2\/types\/post"}],"author":[{"embeddable":true,"href":"https:\/\/www.iceagetv.com\/radiosite\/wp-json\/wp\/v2\/users\/2"}],"replies":[{"embeddable":true,"href":"https:\/\/www.iceagetv.com\/radiosite\/wp-json\/wp\/v2\/comments?post=38099"}],"version-history":[{"count":1,"href":"https:\/\/www.iceagetv.com\/radiosite\/wp-json\/wp\/v2\/posts\/38099\/revisions"}],"predecessor-version":[{"id":38101,"href":"https:\/\/www.iceagetv.com\/radiosite\/wp-json\/wp\/v2\/posts\/38099\/revisions\/38101"}],"wp:featuredmedia":[{"embeddable":true,"href":"https:\/\/www.iceagetv.com\/radiosite\/wp-json\/wp\/v2\/media\/38100"}],"wp:attachment":[{"href":"https:\/\/www.iceagetv.com\/radiosite\/wp-json\/wp\/v2\/media?parent=38099"}],"wp:term":[{"taxonomy":"category","embeddable":true,"href":"https:\/\/www.iceagetv.com\/radiosite\/wp-json\/wp\/v2\/categories?post=38099"},{"taxonomy":"post_tag","embeddable":true,"href":"https:\/\/www.iceagetv.com\/radiosite\/wp-json\/wp\/v2\/tags?post=38099"}],"curies":[{"name":"wp","href":"https:\/\/api.w.org\/{rel}","templated":true}]}}