{"id":3810,"date":"2016-01-20T10:02:45","date_gmt":"2016-01-20T10:02:45","guid":{"rendered":"http:\/\/www.iceagetv.com\/radiosite\/?p=3810"},"modified":"2016-01-20T10:02:45","modified_gmt":"2016-01-20T10:02:45","slug":"gauche-se-dechire-autour-dune-laicite-jugee-assez-laique","status":"publish","type":"post","link":"https:\/\/www.iceagetv.com\/radiosite\/gauche-se-dechire-autour-dune-laicite-jugee-assez-laique\/","title":{"rendered":"La gauche se d\u00e9chire autour d&rsquo;une la\u00efcit\u00e9 jug\u00e9e par assez la\u00efque"},"content":{"rendered":"<p>\n\tLundi soir devant le Conseil repr&eacute;sentatif des institutions juives de France, le Premier ministre Manuel Valls a s&eacute;v&egrave;rement recadr&eacute; le pr&eacute;sident de l&#39;Observatoire de la la&iuml;cit&eacute;, Jean-Louis Bianco. Dernier &eacute;pisode de la bataille qui oppose deux visions de la la&iuml;cit&eacute;, sur fond de lutte contre l&#39;islamophobie et l&#39;antis&eacute;mitisme.\n<\/p>\n<p>\n\tLe torchon br&ucirc;le entre Matignon et l&#39;Observatoire de la&nbsp;la&iuml;cit&eacute;. Lundi soir, &agrave; l&#39;occasion d&#39;une conf&eacute;rence-d&eacute;bat organis&eacute;e &agrave; Paris par Les Amis du Crif (Conseil repr&eacute;sentatif des institutions juives de France), le Premier ministre a vivement critiqu&eacute; Jean-Louis Bianco, le pr&eacute;sident de l&#39;Observatoire de la la&iuml;cit&eacute;, et son rapporteur, Nicolas Cad&egrave;ne. &nbsp;\n<\/p>\n<p>\n\tMotif du courroux de Manuel Valls? La signature par les deux hommes d&#39;un texte publi&eacute; apr&egrave;s&nbsp;les attentats du 13 novembre&nbsp;&quot;pour condamnerle terrorisme&quot;. Cet appel, baptis&eacute;&nbsp;&quot;Nous sommes unis&quot;, a &eacute;galement &eacute;t&eacute; approuv&eacute; par des organisations dont le Premier ministre consid&egrave;re qu&#39;elles participent &agrave; un &quot;climat naus&eacute;abond&quot;, car anim&eacute;es par des militants r&eacute;put&eacute;s proches des Fr&egrave;res musulmans. &quot;L&#39;observatoire de la la&iuml;cit&eacute; de Jean-Louis Bianco a d&eacute;pass&eacute; des lignes et je le rappellerai &agrave; chacun&quot;, a s&eacute;v&egrave;rement tacl&eacute; Manuel Valls, avant d&#39;ajouter: &quot;L&#39;Observatoire de la la&iuml;cit&eacute;, plac&eacute; d&#39;ailleurs sous ma responsabilit&eacute;, &ccedil;a ne peut pas &ecirc;tre quelque chose qui d&eacute;nature la r&eacute;alit&eacute; de cette la&iuml;cit&eacute;.&quot;&nbsp;\n<\/p>\n<p>\n\tUn feu nourri de critiques\n<\/p>\n<p>\n\tCes propos de Manuel Valls ne sont que la derni&egrave;re attaque en date contre le pr&eacute;sident de cet organisme, ancien ministre socialiste, qui concentre depuis plusieurs semaines sur sa personne un feu nourri de critiques, y compris et surtout de son propre camp politique, illustration de l&#39;opposition virulente entre deux visions de la la&iuml;cit&eacute;, et deux gauches. &nbsp;\n<\/p>\n<p>\n\tUne bataille raviv&eacute;e le 6 janvier, alors qu&#39;Elisabeth Badinter&nbsp;participait &agrave; la matinale de France Inter. Agac&eacute; par les propos de la philosophe sur la neutralit&eacute; religieuse dans l&#39;espace public (qui n&#39;est pas dans la loi de 1905), le rapporteur de l&#39;Observatoire de la la&iuml;cit&eacute; poste ce tweet: &nbsp;\n<\/p>\n<p>\n\tLundi soir devant le Conseil repr&eacute;sentatif des institutions juives de France, le Premier ministre Manuel Valls a s&eacute;v&egrave;rement recadr&eacute; le pr&eacute;sident de l&#39;Observatoire de la la&iuml;cit&eacute;, Jean-Louis Bianco. Dernier &eacute;pisode de la bataille qui oppose deux visions de la la&iuml;cit&eacute;, sur fond de lutte contre l&#39;islamophobie et l&#39;antis&eacute;mitisme.\n<\/p>\n<p>\n\tLe torchon br&ucirc;le entre Matignon et l&#39;Observatoire de la&nbsp;la&iuml;cit&eacute;. Lundi soir, &agrave; l&#39;occasion d&#39;une conf&eacute;rence-d&eacute;bat organis&eacute;e &agrave; Paris par Les Amis du Crif (Conseil repr&eacute;sentatif des institutions juives de France), le Premier ministre a vivement critiqu&eacute; Jean-Louis Bianco, le pr&eacute;sident de l&#39;Observatoire de la la&iuml;cit&eacute;, et son rapporteur, Nicolas Cad&egrave;ne. &nbsp;\n<\/p>\n<p>\n\tMotif du courroux de Manuel Valls? La signature par les deux hommes d&#39;un texte publi&eacute; apr&egrave;s&nbsp;les attentats du 13 novembre&nbsp;&quot;pour condamnerle terrorisme&quot;. Cet appel, baptis&eacute;&nbsp;&quot;Nous sommes unis&quot;, a &eacute;galement &eacute;t&eacute; approuv&eacute; par des organisations dont le Premier ministre consid&egrave;re qu&#39;elles participent &agrave; un &quot;climat naus&eacute;abond&quot;, car anim&eacute;es par des militants r&eacute;put&eacute;s proches des Fr&egrave;res musulmans. &quot;L&#39;observatoire de la la&iuml;cit&eacute; de Jean-Louis Bianco a d&eacute;pass&eacute; des lignes et je le rappellerai &agrave; chacun&quot;, a s&eacute;v&egrave;rement tacl&eacute; Manuel Valls, avant d&#39;ajouter: &quot;L&#39;Observatoire de la la&iuml;cit&eacute;, plac&eacute; d&#39;ailleurs sous ma responsabilit&eacute;, &ccedil;a ne peut pas &ecirc;tre quelque chose qui d&eacute;nature la r&eacute;alit&eacute; de cette la&iuml;cit&eacute;.&quot;&nbsp;\n<\/p>\n<p>\n\tUn feu nourri de critiques\n<\/p>\n<p>\n\tCes propos de Manuel Valls ne sont que la derni&egrave;re attaque en date contre le pr&eacute;sident de cet organisme, ancien ministre socialiste, qui concentre depuis plusieurs semaines sur sa personne un feu nourri de critiques, y compris et surtout de son propre camp politique, illustration de l&#39;opposition virulente entre deux visions de la la&iuml;cit&eacute;, et deux gauches. &nbsp;\n<\/p>\n<p>\n\tUne bataille raviv&eacute;e le 6 janvier, alors qu&#39;Elisabeth Badinter&nbsp;participait &agrave; la matinale de France Inter. Agac&eacute; par les propos de la philosophe sur la neutralit&eacute; religieuse dans l&#39;espace public (qui n&#39;est pas dans la loi de 1905), le rapporteur de l&#39;Observatoire de la la&iuml;cit&eacute; poste ce tweet: &nbsp;Sur son compte Twitter, Nicolas Cad&egrave;ne essuie alors des attaques parfois tr&egrave;s virulentes. Deux camps s&#39;affrontent: la gauche &quot;Bianco&quot; vs la gauche &quot;Badinter&quot;. Une semaine plus tard, le lundi 11 janvier, trois membres de l&#39;Observatoire de la la&iuml;cit&eacute; -Jean Glavany (d&eacute;put&eacute; PS), Fran&ccedil;oise Laborde (s&eacute;natrice PRG), Patrick Kessel (pr&eacute;sident du Comit&eacute; La&iuml;cit&eacute; R&eacute;publique)- publient&nbsp;un communiqu&eacute;&nbsp;dans lequel ils d&eacute;noncent le tweet du rapporteur de l&#39;Observatoire de la la&iuml;cit&eacute; qu&#39;ils qualifient de &quot;d&eacute;risoire, risible et inacceptable&quot;. Et d&#39;annoncer qu&#39;ils suspendent leur participation aux travaux de l&#39;Observatoire de la la&iuml;cit&eacute; &quot;tant que le rapporteur g&eacute;n&eacute;ral ne se sera pas excus&eacute; ou qu&#39;il n&#39;aura pas &eacute;t&eacute; d&eacute;savou&eacute;&quot;. &nbsp;\n<\/p>\n<p>\n\tP&eacute;tition contre p&eacute;tition\n<\/p>\n<p>\n\tEpisode suivant le mardi 12 janvier, quand une&nbsp;p&eacute;tition&nbsp;est mise en ligne pour r&eacute;clamer la t&ecirc;te de Jean-Louis Bianco. Port&eacute; par la pr&eacute;sidente de l&#39;Observatoire de la la&iuml;cit&eacute; du Val-d&#39;Oise, Laurence Marchand-Taillade (PRG), et par le journaliste franco-alg&eacute;rien Mohamed Sifaoui, le texte qui l&#39;accompagne accuse l&#39;ancien ministre de &quot;privil&eacute;gier les accommodements irraisonnables et le repli communautariste au d&eacute;triment de l&#39;esprit d&#39;une v&eacute;ritable R&eacute;publique la&iuml;que, diverse et m&eacute;tiss&eacute;e&quot;. Tout comme Manuel Valls quelques jours plus tard, ils lui reprochent &eacute;galement d&#39;avoir sign&eacute; la p&eacute;tition du collectif &quot;Nous sommes unis&quot; o&ugrave; figurent, parmi les 90 signataires, des personnalit&eacute;s d&eacute;sign&eacute;es comme &quot;une partie du gratin de l&#39;islam politique&quot;: des repr&eacute;sentants de &quot;l&#39;obscur CCIF&quot; et du Collectif des musulmans de France.&nbsp;Des accusations qui indigent Samuel Grzybowski, 23 ans, fondateur du mouvement de jeunesse interreligieux Coexister, initiateur du collectif &quot;Nous sommes unis&quot;. A L&#39;Express, il rappelle les conditions de la naissance du texte sign&eacute; par Jean-Louis Bianco: &quot;L&#39;id&eacute;e est n&eacute;e dans la nuit qui a suivi les attentats du 13 novembre. Avec d&#39;autres amis sur Twitter nous avons fait &eacute;merger le hasthag (mot-cl&eacute;)#Noussommesunis. Face &agrave; son succ&egrave;s, j&#39;ai eu l&#39;id&eacute;e de r&eacute;diger un texte qui nous rassemble. Tr&egrave;s vite j&#39;ai contact&eacute; Jean-Paul Delevoye (alors encore pr&eacute;sident du CESE), Christine Lazerges (pr&eacute;sidente de la Commission nationale consultative des droits de l&#39;homme), et Jean-Louis Bianco. Avant m&ecirc;me que la version finale de notre texte ne soit publi&eacute;e dans&nbsp;Lib&eacute;ration, des responsables d&#39;associations et d&#39;organisations de tous horizons nous ont contact&eacute;s pour le signer.&quot; &nbsp;\n<\/p>\n<p>\n\tParmi ces personnalit&eacute;s, Samy Debbah, (pr&eacute;sident du Collectif contre l&#39;islamophobie en France), Nabil Ennasri (pr&eacute;sident du Collectif des Musulmans de France), ou encore le rappeur Medine, montr&eacute;s du doigt par Laurence Marchand-Taillade et Mohamed Sifaoui. &quot;M&ecirc;me si nous n&#39;&eacute;tions pas n&eacute;cessairement d&#39;accord avec les positions de ces signataires, reconna&icirc;t Samuel Grzybowski, nous avons finalement d&eacute;cid&eacute; de les accepter dans le collectif. Parce qu&#39;ils &eacute;taient tr&egrave;s motiv&eacute;s et parce que c&#39;est bien l&#39;id&eacute;e qui nous anime: nous rassembler au-del&agrave; de nos diff&eacute;rences.&quot;&nbsp;\n<\/p>\n<p>\n\t&quot;Le Premier ministre a-t-il lu la liste des signataires?&quot;\n<\/p>\n<p>\n\t&quot;On a fait un travail impeccable avec ce collectif se d&eacute;fend &eacute;galement Jean-Louis Bianco aupr&egrave;s de L&#39;Express. 90 personnalit&eacute;s tr&egrave;s diverses et respectables ont sign&eacute; notre appel, et je ne vois pas comment le Premier ministre peut me rapprocher de l&#39;avoir sign&eacute; moi aussi. A moins qu&#39;il n&#39;ai pas pris le temps de lire la liste de ses personnalit&eacute;s?&quot;. Une hypoth&egrave;se plausible puisque parmi les signataires de l&#39;appel d&eacute;nonc&eacute; par Manuel Valls devant le Crif figurent des membres&#8230; du Crif, et le grand rabbin de France. Mais aussi le pr&eacute;sident de la Fondation Abb&eacute; Pierre, l&#39;association ATD Quart monde, la Ligue de l&#39;enseignement, la Ligue des droits de l&#39;homme, des responsables syndicaux (CFDT, FSU, Unsa) et des responsables religieux (la F&eacute;d&eacute;ration protestante de France, le secr&eacute;taire g&eacute;n&eacute;ral de l&#39;enseignement catholique).&nbsp;\n<\/p>\n<p>\n\tMardi matin dans&nbsp;un communiqu&eacute;, Jean-Louis Bianco a r&eacute;pondu aux critiques de Manuel Valls, en rappelant notamment que l&#39;Observatoire de la la&iuml;cit&eacute; n&#39;est pas sous sa responsabilit&eacute;, &quot;(le Premier ministre) m&eacute;conna&icirc;t la r&eacute;alit&eacute; des institutions ind&eacute;pendantes dans la R&eacute;publique&quot;, &eacute;crit le pr&eacute;sident de l&#39;Observatoire regrettant &eacute;galement que celui-ci ne l&#39;ait pas appel&eacute; avant de le critiquer publiquement. A L&#39;Express, il pr&eacute;cise: &quot;J&#39;aurais plut&ocirc;t attendu du Premier ministre qu&#39;il me f&eacute;licite d&#39;avoir sign&eacute; cet appel. Il y a dans cette affaire beaucoup de mauvaise foi. La r&eacute;alit&eacute;, c&#39;est que nous observons dans notre pays une mont&eacute;e des actes&nbsp;anti-musulmans, et des actes&nbsp;antis&eacute;mites. La vraie question est: qu&#39;est-ce qu&#39;on fait contre &ccedil;a?&quot;&nbsp;\n<\/p>\n<p>\n\tMardi soir, un peu plus de 3700 personnes avaient sign&eacute; la p&eacute;tition demandant la d&eacute;mission de Jean-Louis Bianco. En parall&egrave;le, tout au long de la journ&eacute;e, les soutiens de la part des signataires de &quot;Nous sommes unis&quot; au pr&eacute;sident de l&#39;Observatoire de la la&iuml;cit&eacute; se sont multipli&eacute;s. Le collectif a &eacute;galement demand&eacute; &agrave; &ecirc;tre re&ccedil;u par le Premier ministre &quot;pour une explication&quot;. &nbsp;<\/p>\n","protected":false},"excerpt":{"rendered":"<p>Lundi soir devant le Conseil repr&eacute;sentatif des institutions juives de France, le Premier ministre Manuel Valls a s&eacute;v&egrave;rement recadr&eacute; le pr&eacute;sident de l&#39;Observatoire de la la&iuml;cit&eacute;, Jean-Louis Bianco. Dernier &eacute;pisode de la bataille qui oppose deux visions de la la&iuml;cit&eacute;, sur fond de lutte contre l&#39;islamophobie et l&#39;antis&eacute;mitisme. Le torchon br&ucirc;le entre Matignon et l&#39;Observatoire [&hellip;]<\/p>\n","protected":false},"author":2,"featured_media":3811,"comment_status":"open","ping_status":"open","sticky":false,"template":"","format":"standard","meta":{"_jetpack_memberships_contains_paid_content":false,"footnotes":"","jetpack_publicize_message":"","jetpack_publicize_feature_enabled":true,"jetpack_social_post_already_shared":false,"jetpack_social_options":{"image_generator_settings":{"template":"highway","default_image_id":0,"font":"","enabled":false},"version":2},"_wpas_customize_per_network":false},"categories":[405],"tags":[875],"class_list":["post-3810","post","type-post","status-publish","format-standard","has-post-thumbnail","hentry","category-actu-france-monde","tag-la-gauche-se-dechire-autour-dune-laicite-jugee-par-assez-laique"],"jetpack_publicize_connections":[],"jetpack_featured_media_url":"https:\/\/i0.wp.com\/www.iceagetv.com\/radiosite\/wp-content\/uploads\/2016\/01\/La-gauche-se-d%C3%A9chire-autour-dune-la%C3%AFcit%C3%A9-jug%C3%A9e-par-assez-la%C3%AFque.jpg?fit=2000%2C1125&ssl=1","jetpack_sharing_enabled":true,"_links":{"self":[{"href":"https:\/\/www.iceagetv.com\/radiosite\/wp-json\/wp\/v2\/posts\/3810","targetHints":{"allow":["GET"]}}],"collection":[{"href":"https:\/\/www.iceagetv.com\/radiosite\/wp-json\/wp\/v2\/posts"}],"about":[{"href":"https:\/\/www.iceagetv.com\/radiosite\/wp-json\/wp\/v2\/types\/post"}],"author":[{"embeddable":true,"href":"https:\/\/www.iceagetv.com\/radiosite\/wp-json\/wp\/v2\/users\/2"}],"replies":[{"embeddable":true,"href":"https:\/\/www.iceagetv.com\/radiosite\/wp-json\/wp\/v2\/comments?post=3810"}],"version-history":[{"count":1,"href":"https:\/\/www.iceagetv.com\/radiosite\/wp-json\/wp\/v2\/posts\/3810\/revisions"}],"predecessor-version":[{"id":3812,"href":"https:\/\/www.iceagetv.com\/radiosite\/wp-json\/wp\/v2\/posts\/3810\/revisions\/3812"}],"wp:featuredmedia":[{"embeddable":true,"href":"https:\/\/www.iceagetv.com\/radiosite\/wp-json\/wp\/v2\/media\/3811"}],"wp:attachment":[{"href":"https:\/\/www.iceagetv.com\/radiosite\/wp-json\/wp\/v2\/media?parent=3810"}],"wp:term":[{"taxonomy":"category","embeddable":true,"href":"https:\/\/www.iceagetv.com\/radiosite\/wp-json\/wp\/v2\/categories?post=3810"},{"taxonomy":"post_tag","embeddable":true,"href":"https:\/\/www.iceagetv.com\/radiosite\/wp-json\/wp\/v2\/tags?post=3810"}],"curies":[{"name":"wp","href":"https:\/\/api.w.org\/{rel}","templated":true}]}}