{"id":38117,"date":"2025-09-12T17:20:30","date_gmt":"2025-09-12T15:20:30","guid":{"rendered":"https:\/\/www.iceagetv.com\/radiosite\/?p=38117"},"modified":"2025-09-12T17:20:33","modified_gmt":"2025-09-12T15:20:33","slug":"alerte-meteo-le-pas-de-calais-place-par-meteo-france-en-vigilance-orange-a-partir-de-demain-pour-pluie-inondation-et-le-var-pour-pluie-inondation-et-orages","status":"publish","type":"post","link":"https:\/\/www.iceagetv.com\/radiosite\/alerte-meteo-le-pas-de-calais-place-par-meteo-france-en-vigilance-orange-a-partir-de-demain-pour-pluie-inondation-et-le-var-pour-pluie-inondation-et-orages\/","title":{"rendered":"Alerte m\u00e9t\u00e9o &#8211; Le Pas-de-Calais plac\u00e9, par M\u00e9t\u00e9o-France, en vigilance orange \u00e0 partir de demain pour \u00ab\u00a0pluie-inondation\u00a0\u00bb et le Var pour \u00ab\u00a0pluie-inondation\u00a0\u00bb et \u00ab\u00a0orages\u00a0\u00bb"},"content":{"rendered":"\n<p class=\"\">Le Pas-de-Calais plac\u00e9, par M\u00e9t\u00e9o-France, en vigilance orange \u00e0 partir de demain pour \u00ab\u00a0pluie-inondation\u00a0\u00bb et le Var pour \u00ab\u00a0pluie-inondation\u00a0\u00bb et \u00ab\u00a0orages\u00a0\u00bb<\/p>\n\n\n\n<p class=\"\">Le Pas-de-Calais est plac\u00e9, par M\u00e9t\u00e9o-France, en vigilance orange \u00e0 partir de demain pour \u00ab\u00a0pluie-inondation\u00a0\u00bb et le Var pour \u00ab\u00a0pluie-inondation\u00a0\u00bb et \u00ab\u00a0orages\u00a0\u00bb. \u00ab\u00a0Dans un contexte perturb\u00e9 et dans un flux de sud-ouest maritime bien \u00e9tabli, des averses ont tendance \u00e0 se former en Manche et \u00e0 se d\u00e9verser notamment sur l&rsquo;Ouest du Pas-de-Calais\u00a0\u00bb,&nbsp;pr\u00e9vient l&rsquo;institut concernant le Pas-de-Calais.&nbsp;\u00ab\u00a0Un \u00e9pisode pluvio-orageux m\u00e9diterran\u00e9en notable est attendu au cours de la journ\u00e9e de samedi, plus actif sur les zones littorales du Var et moindre mesure des Bouches-du-Rh\u00f4ne\u00a0\u00bb,&nbsp;poursuit M\u00e9t\u00e9o-France.<\/p>\n","protected":false},"excerpt":{"rendered":"<p>Le Pas-de-Calais plac\u00e9, par M\u00e9t\u00e9o-France, en vigilance orange \u00e0 partir de demain pour \u00ab\u00a0pluie-inondation\u00a0\u00bb et le Var pour \u00ab\u00a0pluie-inondation\u00a0\u00bb et \u00ab\u00a0orages\u00a0\u00bb Le Pas-de-Calais est plac\u00e9, par M\u00e9t\u00e9o-France, en vigilance orange \u00e0 partir de demain pour \u00ab\u00a0pluie-inondation\u00a0\u00bb et le Var pour \u00ab\u00a0pluie-inondation\u00a0\u00bb et \u00ab\u00a0orages\u00a0\u00bb. \u00ab\u00a0Dans un contexte perturb\u00e9 et dans un flux de sud-ouest maritime bien [&hellip;]<\/p>\n","protected":false},"author":2,"featured_media":38118,"comment_status":"open","ping_status":"open","sticky":false,"template":"","format":"standard","meta":{"_jetpack_memberships_contains_paid_content":false,"footnotes":"","jetpack_publicize_message":"","jetpack_publicize_feature_enabled":true,"jetpack_social_post_already_shared":true,"jetpack_social_options":{"image_generator_settings":{"template":"highway","default_image_id":0,"font":"","enabled":true,"token":"eyJpbWciOiJodHRwczpcL1wvd3d3LmljZWFnZXR2LmNvbVwvcmFkaW9zaXRlXC93cC1jb250ZW50XC91cGxvYWRzXC8yMDI1XC8wOVwvQ2FwdHVyZS1kZWNyYW4tMjAyNS0wOS0xMi0xNzE5MjkucG5nIiwidHh0IjoiQWxlcnRlIG1cdTAwZTl0XHUwMGU5byAmIzgyMTE7IExlIFBhcy1kZS1DYWxhaXMgcGxhY1x1MDBlOSwgcGFyIE1cdTAwZTl0XHUwMGU5by1GcmFuY2UsIGVuIHZpZ2lsYW5jZSBvcmFuZ2UgXHUwMGUwIHBhcnRpciBkZSBkZW1haW4gcG91ciAmIzgyMjA7cGx1aWUtaW5vbmRhdGlvbiYjODIyMTsgZXQgbGUgVmFyIHBvdXIgJiM4MjIwO3BsdWllLWlub25kYXRpb24mIzgyMjE7IGV0ICYjODIyMDtvcmFnZXMmIzgyMjE7IiwidGVtcGxhdGUiOiJoaWdod2F5IiwiZm9udCI6IiIsImJsb2dfaWQiOjExMTAxNjQ2MX0.CtLq-Yg9nxfbzK-xx88X37_AuetqZO2tyDPU5bLzdaIMQ"},"version":2},"_wpas_customize_per_network":false},"categories":[14],"tags":[],"class_list":["post-38117","post","type-post","status-publish","format-standard","has-post-thumbnail","hentry","category-actu-meteo"],"jetpack_publicize_connections":[],"jetpack_featured_media_url":"https:\/\/i0.wp.com\/www.iceagetv.com\/radiosite\/wp-content\/uploads\/2025\/09\/Capture-decran-2025-09-12-171929.png?fit=745%2C396&ssl=1","jetpack_sharing_enabled":true,"_links":{"self":[{"href":"https:\/\/www.iceagetv.com\/radiosite\/wp-json\/wp\/v2\/posts\/38117","targetHints":{"allow":["GET"]}}],"collection":[{"href":"https:\/\/www.iceagetv.com\/radiosite\/wp-json\/wp\/v2\/posts"}],"about":[{"href":"https:\/\/www.iceagetv.com\/radiosite\/wp-json\/wp\/v2\/types\/post"}],"author":[{"embeddable":true,"href":"https:\/\/www.iceagetv.com\/radiosite\/wp-json\/wp\/v2\/users\/2"}],"replies":[{"embeddable":true,"href":"https:\/\/www.iceagetv.com\/radiosite\/wp-json\/wp\/v2\/comments?post=38117"}],"version-history":[{"count":1,"href":"https:\/\/www.iceagetv.com\/radiosite\/wp-json\/wp\/v2\/posts\/38117\/revisions"}],"predecessor-version":[{"id":38119,"href":"https:\/\/www.iceagetv.com\/radiosite\/wp-json\/wp\/v2\/posts\/38117\/revisions\/38119"}],"wp:featuredmedia":[{"embeddable":true,"href":"https:\/\/www.iceagetv.com\/radiosite\/wp-json\/wp\/v2\/media\/38118"}],"wp:attachment":[{"href":"https:\/\/www.iceagetv.com\/radiosite\/wp-json\/wp\/v2\/media?parent=38117"}],"wp:term":[{"taxonomy":"category","embeddable":true,"href":"https:\/\/www.iceagetv.com\/radiosite\/wp-json\/wp\/v2\/categories?post=38117"},{"taxonomy":"post_tag","embeddable":true,"href":"https:\/\/www.iceagetv.com\/radiosite\/wp-json\/wp\/v2\/tags?post=38117"}],"curies":[{"name":"wp","href":"https:\/\/api.w.org\/{rel}","templated":true}]}}