{"id":38121,"date":"2025-09-13T08:03:25","date_gmt":"2025-09-13T06:03:25","guid":{"rendered":"https:\/\/www.iceagetv.com\/radiosite\/?p=38121"},"modified":"2025-09-13T08:03:28","modified_gmt":"2025-09-13T06:03:28","slug":"lagence-de-notation-fitch-abaisse-la-note-de-la-france-sebastien-lecornu-au-defi-de-trouver-un-budget","status":"publish","type":"post","link":"https:\/\/www.iceagetv.com\/radiosite\/lagence-de-notation-fitch-abaisse-la-note-de-la-france-sebastien-lecornu-au-defi-de-trouver-un-budget\/","title":{"rendered":"L\u2019agence de notation Fitch abaisse la note de la France, S\u00e9bastien Lecornu au d\u00e9fi de trouver un budget"},"content":{"rendered":"\n<p class=\"\">Quatre jours apr\u00e8s la chute de Fran\u00e7ois Bayrou, la dette souveraine fran\u00e7aise n\u2019est plus not\u00e9e que A+. L\u2019agence Fitch ne pense pas que le Premier ministre fera assez d\u2019\u00e9conomiesDETTE &#8211; Fini le double A de l\u2019\u00e9conomie fran\u00e7aise. En pleine incertitude politique et budg\u00e9taire, l\u2019agence de notation Fitch a abaiss\u00e9 vendredi 12 septembre la note souveraine de la dette de la France \u00e0 A+. Une d\u00e9cision \u00e0 laquelle le nouveau Premier ministre S\u00e9bastien Lecornu pouvait s\u2019attendre mais qui vient lui confirmer l\u2019ampleur de la t\u00e2che qui l\u2019attend.Car la premi\u00e8re agence \u00e0 revoir sa notation avant m\u00eame le d\u00e9but de l\u2019automne dit sanctionner l\u2019instabilit\u00e9 politique persistante et les incertitudes budg\u00e9taires. Selon Fitch, ces deux facteurs contrarient l\u2019assainissement de comptes publics tr\u00e8s d\u00e9grad\u00e9s. Pointant la \u00ab fragmentation et la polarisation croissante \u00bb de la politique, Fitch estime dans un communiqu\u00e9 que \u00ab cette instabilit\u00e9 affaiblit la capacit\u00e9 du syst\u00e8me politique \u00e0 mettre en \u0153uvre une consolidation budg\u00e9taire d\u2019ampleur \u00bb.Elle juge improbable de ramener le d\u00e9ficit public sous 3 % du PIB en 2029 comme l\u2019ambitionnait le gouvernement sortant pour remettre la France dans les clous europ\u00e9ens. Car selon Fitch, il est \u00e9vident que S\u00e9bastien Lecornu -pour obtenir un budget pour l\u2019ann\u00e9e 2026- devra r\u00e9duire l\u2019ampleur de l\u2019effort budg\u00e9taire que Fran\u00e7ois Bayrou avait envisag\u00e9 \u00e0 44 milliards d\u2019euros l\u2019ann\u00e9e prochaine. De quoi compromettre l\u2019objectif d\u2019un d\u00e9ficit projet\u00e9 \u00e0 4,6 % l\u2019an prochain : l\u2019agence de notation le voit rester d\u2019ailleurs sup\u00e9rieur \u00e0 5 % en 2026 et 2027.<\/p>\n","protected":false},"excerpt":{"rendered":"<p>Quatre jours apr\u00e8s la chute de Fran\u00e7ois Bayrou, la dette souveraine fran\u00e7aise n\u2019est plus not\u00e9e que A+. L\u2019agence Fitch ne pense pas que le Premier ministre fera assez d\u2019\u00e9conomiesDETTE &#8211; Fini le double A de l\u2019\u00e9conomie fran\u00e7aise. En pleine incertitude politique et budg\u00e9taire, l\u2019agence de notation Fitch a abaiss\u00e9 vendredi 12 septembre la note souveraine [&hellip;]<\/p>\n","protected":false},"author":2,"featured_media":38122,"comment_status":"open","ping_status":"open","sticky":false,"template":"","format":"standard","meta":{"_jetpack_memberships_contains_paid_content":false,"footnotes":"","jetpack_publicize_message":"","jetpack_publicize_feature_enabled":true,"jetpack_social_post_already_shared":true,"jetpack_social_options":{"image_generator_settings":{"template":"highway","default_image_id":0,"font":"","enabled":true,"token":"eyJpbWciOiJodHRwczpcL1wvd3d3LmljZWFnZXR2LmNvbVwvcmFkaW9zaXRlXC93cC1jb250ZW50XC91cGxvYWRzXC8yMDI1XC8wOVwvU2NyZWVuc2hvdF8yMDI1MDkxM18wODAyMzguanBnIiwidHh0IjoiTFx1MjAxOWFnZW5jZSBkZSBub3RhdGlvbiBGaXRjaCBhYmFpc3NlIGxhIG5vdGUgZGUgbGEgRnJhbmNlLCBTXHUwMGU5YmFzdGllbiBMZWNvcm51IGF1IGRcdTAwZTlmaSBkZSB0cm91dmVyIHVuIGJ1ZGdldCIsInRlbXBsYXRlIjoiaGlnaHdheSIsImZvbnQiOiIiLCJibG9nX2lkIjoxMTEwMTY0NjF9.CDYDpxL5bbNCwXWfiySKpMLakVRp5WrUP28QiP3GR8kMQ"},"version":2},"_wpas_customize_per_network":false},"categories":[405],"tags":[],"class_list":["post-38121","post","type-post","status-publish","format-standard","has-post-thumbnail","hentry","category-actu-france-monde"],"jetpack_publicize_connections":[],"jetpack_featured_media_url":"https:\/\/i0.wp.com\/www.iceagetv.com\/radiosite\/wp-content\/uploads\/2025\/09\/Screenshot_20250913_080238.jpg?fit=919%2C523&ssl=1","jetpack_sharing_enabled":true,"_links":{"self":[{"href":"https:\/\/www.iceagetv.com\/radiosite\/wp-json\/wp\/v2\/posts\/38121","targetHints":{"allow":["GET"]}}],"collection":[{"href":"https:\/\/www.iceagetv.com\/radiosite\/wp-json\/wp\/v2\/posts"}],"about":[{"href":"https:\/\/www.iceagetv.com\/radiosite\/wp-json\/wp\/v2\/types\/post"}],"author":[{"embeddable":true,"href":"https:\/\/www.iceagetv.com\/radiosite\/wp-json\/wp\/v2\/users\/2"}],"replies":[{"embeddable":true,"href":"https:\/\/www.iceagetv.com\/radiosite\/wp-json\/wp\/v2\/comments?post=38121"}],"version-history":[{"count":1,"href":"https:\/\/www.iceagetv.com\/radiosite\/wp-json\/wp\/v2\/posts\/38121\/revisions"}],"predecessor-version":[{"id":38123,"href":"https:\/\/www.iceagetv.com\/radiosite\/wp-json\/wp\/v2\/posts\/38121\/revisions\/38123"}],"wp:featuredmedia":[{"embeddable":true,"href":"https:\/\/www.iceagetv.com\/radiosite\/wp-json\/wp\/v2\/media\/38122"}],"wp:attachment":[{"href":"https:\/\/www.iceagetv.com\/radiosite\/wp-json\/wp\/v2\/media?parent=38121"}],"wp:term":[{"taxonomy":"category","embeddable":true,"href":"https:\/\/www.iceagetv.com\/radiosite\/wp-json\/wp\/v2\/categories?post=38121"},{"taxonomy":"post_tag","embeddable":true,"href":"https:\/\/www.iceagetv.com\/radiosite\/wp-json\/wp\/v2\/tags?post=38121"}],"curies":[{"name":"wp","href":"https:\/\/api.w.org\/{rel}","templated":true}]}}