{"id":38134,"date":"2025-09-13T17:53:05","date_gmt":"2025-09-13T15:53:05","guid":{"rendered":"https:\/\/www.iceagetv.com\/radiosite\/?p=38134"},"modified":"2025-09-13T17:53:09","modified_gmt":"2025-09-13T15:53:09","slug":"5-000-maisons-france-sante-une-promesse-du-premier-ministre-pour-des-structures-qui-existent-deja","status":"publish","type":"post","link":"https:\/\/www.iceagetv.com\/radiosite\/5-000-maisons-france-sante-une-promesse-du-premier-ministre-pour-des-structures-qui-existent-deja\/","title":{"rendered":"5 000 maisons France Sant\u00e9 : une promesse du Premier ministre\u2026 pour des structures qui existent d\u00e9j\u00e0\u00a0?"},"content":{"rendered":"\n<p class=\"\">Le Premier ministre S\u00e9bastien Lecornu a annonc\u00e9 ce samedi son souhait de d\u00e9velopper 5 000 maisons France Sant\u00e9, face aux d\u00e9serts m\u00e9dicaux. Des milliers de structures existent d\u00e9j\u00e0.<strong>Une offre de soins \u00e0 30 minutes de chaque Fran\u00e7ais<\/strong>&nbsp;: le Premier ministre S\u00e9bastien Lecornu a fait cette promesse samedi 13 septembre 2025. En visite dans un&nbsp;<a href=\"https:\/\/actu.fr\/politique\/sebastien-lecornu-fera-son-premier-deplacement-en-tant-que-premier-ministre-ce-samedi-en-saone-et-loire_63157393.html\">centre de sant\u00e9 d\u00e9partemental \u00e0 M\u00e2con (Sa\u00f4ne-et-Loire)<\/a>&nbsp;pour son premier d\u00e9placement comme Premier ministre,&nbsp;<a href=\"https:\/\/actu.fr\/tag\/sebastien-lecornu\">S\u00e9bastien Lecornu<\/a>&nbsp;a promis de b\u00e2tir un&nbsp;<strong>r\u00e9seau \u00ab&nbsp;France Sant\u00e9&nbsp;\u00bb<\/strong>.<\/p>\n\n\n\n<p class=\"\">Il esp\u00e8re ainsi que&nbsp;<a href=\"https:\/\/actu.fr\/societe\/france-sante-le-premier-ministre-sebastien-lecornu-promet-une-offre-de-soins-a-moins-de-30-min-d-ici-2027_63158312.html\">5 000 maisons \u00ab&nbsp;France Sant\u00e9&nbsp;\u00bb seront disponibles en 2027<\/a>, con\u00e7ues sur le mod\u00e8le des maisons \u00ab&nbsp;France Services&nbsp;\u00bb, qui proposent&nbsp;<strong>un guichet unique de proximit\u00e9<\/strong>&nbsp;pour diverses d\u00e9marches administratives.<\/p>\n\n\n\n<p class=\"\">Le Premier ministre n\u2019a toutefois pas pr\u00e9cis\u00e9 s\u2019il utiliserait les structures qui existent d\u00e9j\u00e0. Car oui,\u00a0<strong>de telles structures sont d\u00e9j\u00e0 en fonctionnement dans de nombreux territoires de France<\/strong>, qu\u2019il s\u2019agisse des centres de sant\u00e9 pluridisciplinaires ou des maisons de sant\u00e9 pluriprofessionnelles. On en compte m\u00eame d\u00e9j\u00e0 plus de 5 000 au total sur tout le territoire.\u00a0Les centres de sant\u00e9<\/p>\n\n\n\n<p class=\"\">Les centres de sant\u00e9 d\u00e9j\u00e0 en fonctionnement proposent au tarif conventionn\u00e9 une palette de soins m\u00e9dicaux. On en compte&nbsp;<strong>\u00ab&nbsp;plus de 2 500&nbsp;\u00bb<\/strong>&nbsp;(dont 582 pluriprofessionnels), et \u00e0 l\u2019exception des centres de soins infirmiers, \u00ab&nbsp;ils sont implant\u00e9s majoritairement en milieu urbain&nbsp;\u00bb, explique sur&nbsp;<a href=\"https:\/\/sante.gouv.fr\/systeme-de-sante\/structures-de-soins\/article\/les-centres-de-sante-211965\">son site internet le minist\u00e8re de la Sant\u00e9<\/a>.<\/p>\n\n\n\n<p class=\"\">Les&nbsp;<strong>centres de sant\u00e9 pluridisciplinaires<\/strong>&nbsp;sont consid\u00e9r\u00e9s par beaucoup d\u2019experts comme un mod\u00e8le d\u2019avenir pour faire face aux difficult\u00e9s d\u2019acc\u00e8s aux soins, en facilitant le suivi des personnes atteintes de pathologies chroniques, et en permettant aux param\u00e9dicaux de soulager les m\u00e9decins de certaines t\u00e2ches.<\/p>\n\n\n\n<p class=\"\">Ils sont cens\u00e9s aussi mieux correspondre aux attentes des jeunes m\u00e9decins, plut\u00f4t avides de travailler en \u00e9quipe.<\/p>\n\n\n\n<p class=\"\"><strong>Voici la carte des centres de sant\u00e9 pluridisciplinaires en fonctionnement fin 2022<\/strong>Les maisons de sant\u00e9<\/p>\n\n\n\n<p class=\"\">Les syndicats de m\u00e9decins lib\u00e9raux voient d\u2019un mauvais \u0153il le d\u00e9veloppement de ces centres de sant\u00e9 pluridisciplinaires, structures publiques ou associatives o\u00f9&nbsp;<a href=\"https:\/\/actu.fr\/politique\/elections-municipales\/pour-eviter-le-desert-medical-ce-maire-a-trouve-la-solution-tous-les-medecins-sont-salaries-par-la-commune_62364296.html\">les m\u00e9decins sont salari\u00e9s<\/a>. Ils pr\u00e9f\u00e8rent d\u00e9fendre&nbsp;<strong>les maisons de sant\u00e9 pluriprofessionnelles<\/strong>&nbsp;(MSP), structures cr\u00e9\u00e9es en 2007, o\u00f9 les diff\u00e9rents professionnels \u2013 m\u00e9decins, infirmiers, kin\u00e9s, etc. \u2013 sont des lib\u00e9raux.<\/p>\n\n\n\n<p class=\"\">Ils estiment notamment que les m\u00e9decins lib\u00e9raux font beaucoup plus d\u2019actes et d\u2019heures de travail que les m\u00e9decins salari\u00e9s. &nbsp;<\/p>\n\n\n\n<p class=\"\">Il y avait\u00a0<strong>2 501 maisons de sant\u00e9 pluriprofessionnelles<\/strong>\u00a0<a href=\"https:\/\/sante.gouv.fr\/IMG\/pdf\/dp_msp.pdf\">en fonctionnement au 31 d\u00e9cembre 2023<\/a>\u00a0et \u00ab\u00a0l\u2019objectif est d\u2019atteindre 4 000 maisons de sant\u00e9 en France\u00a0\u00bb, selon le minist\u00e8re.La France, un immense d\u00e9sert m\u00e9dical<\/p>\n\n\n\n<p class=\"\">Le nouveau chef de gouvernement, lui, n\u2019a pas chiffr\u00e9 le co\u00fbt de la mesure qu\u2019il souhaite d\u00e9velopper pour 2027. Ni pr\u00e9cis\u00e9 s\u2019il souhaitait se baser sur ces milliers de structures d\u00e9j\u00e0 en fonctionnement pour b\u00e2tir ce r\u00e9seau de maisons France Sant\u00e9, ou s\u2019il s\u2019agit de 5 000 nouvelles ouvertures.<\/p>\n\n\n\n<p class=\"\">En r\u00e9action \u00e0 cette annonce, le principal syndicat de m\u00e9decins g\u00e9n\u00e9ralistes, MG France, a craint&nbsp;<a href=\"https:\/\/www.franceinfo.fr\/sante\/deserts-medicaux\/reseau-france-sante-il-faudra-10-000-medecins-ou-va-t-on-les-trouver-interroge-le-principal-syndicat-de-medecins-generalistes_7490257.html\">sur&nbsp;<em>franceinfo<\/em><\/a>&nbsp;que cette volont\u00e9 ne soit pas r\u00e9alisable. Ouvrir 5 000 nouvelles maisons France Sant\u00e9, \u00ab&nbsp;cela n\u00e9cessite au moins deux m\u00e9decins par maison, \u00e7a va faire le recrutement de 10 000 m\u00e9decins, o\u00f9 va-t-on les trouver ?&nbsp;\u00bb, s\u2019est interrog\u00e9 Jean-Christophe Nogrette, secr\u00e9taire g\u00e9n\u00e9ral adjoint de MG France.<\/p>\n\n\n\n<p class=\"\">Sans plus de d\u00e9tails, le Premier ministre a simplement assur\u00e9 vouloir piloter lui-m\u00eame ce projet qu\u2019il consid\u00e8re comme une \u00ab&nbsp;<strong>grande priorit\u00e9 nationale<\/strong>\u00ab&nbsp;.<\/p>\n\n\n\n<p class=\"\">En 2024, \u00ab&nbsp;six millions de Fran\u00e7ais n\u2019avaient pas de m\u00e9decin traitant et&nbsp;<strong>87 % du territoire \u00e9tait class\u00e9 en&nbsp;<a href=\"https:\/\/actu.fr\/tag\/desertification-medicale\">d\u00e9sert m\u00e9dical&nbsp;<\/a><\/strong>\u00bb, rappelle le gouvernement sur son site internet.<\/p>\n","protected":false},"excerpt":{"rendered":"<p>Le Premier ministre S\u00e9bastien Lecornu a annonc\u00e9 ce samedi son souhait de d\u00e9velopper 5 000 maisons France Sant\u00e9, face aux d\u00e9serts m\u00e9dicaux. Des milliers de structures existent d\u00e9j\u00e0.Une offre de soins \u00e0 30 minutes de chaque Fran\u00e7ais&nbsp;: le Premier ministre S\u00e9bastien Lecornu a fait cette promesse samedi 13 septembre 2025. En visite dans un&nbsp;centre de [&hellip;]<\/p>\n","protected":false},"author":2,"featured_media":38135,"comment_status":"open","ping_status":"open","sticky":false,"template":"","format":"standard","meta":{"_jetpack_memberships_contains_paid_content":false,"footnotes":"","jetpack_publicize_message":"","jetpack_publicize_feature_enabled":true,"jetpack_social_post_already_shared":true,"jetpack_social_options":{"image_generator_settings":{"template":"highway","default_image_id":0,"font":"","enabled":true,"token":"eyJpbWciOiJodHRwczpcL1wvd3d3LmljZWFnZXR2LmNvbVwvcmFkaW9zaXRlXC93cC1jb250ZW50XC91cGxvYWRzXC8yMDI1XC8wOVwvMGVhNmE4OGQyYjI3NmYxYjZhODhkMmIyN2U1YjZhdi05NjB4NjQwLTEuanBnIiwidHh0IjoiNSAwMDAgbWFpc29ucyBGcmFuY2UgU2FudFx1MDBlOSA6IHVuZSBwcm9tZXNzZSBkdSBQcmVtaWVyIG1pbmlzdHJlXHUyMDI2IHBvdXIgZGVzIHN0cnVjdHVyZXMgcXVpIGV4aXN0ZW50IGRcdTAwZTlqXHUwMGUwXHUwMGEwPyIsInRlbXBsYXRlIjoiaGlnaHdheSIsImZvbnQiOiIiLCJibG9nX2lkIjoxMTEwMTY0NjF9.p8nP74MENUswqVQZogqDrm2tLzF4MkvEEaGNy2zsr2QMQ"},"version":2},"_wpas_customize_per_network":false},"categories":[405],"tags":[],"class_list":["post-38134","post","type-post","status-publish","format-standard","has-post-thumbnail","hentry","category-actu-france-monde"],"jetpack_publicize_connections":[],"jetpack_featured_media_url":"https:\/\/i0.wp.com\/www.iceagetv.com\/radiosite\/wp-content\/uploads\/2025\/09\/0ea6a88d2b276f1b6a88d2b27e5b6av-960x640-1.jpg?fit=960%2C640&ssl=1","jetpack_sharing_enabled":true,"_links":{"self":[{"href":"https:\/\/www.iceagetv.com\/radiosite\/wp-json\/wp\/v2\/posts\/38134","targetHints":{"allow":["GET"]}}],"collection":[{"href":"https:\/\/www.iceagetv.com\/radiosite\/wp-json\/wp\/v2\/posts"}],"about":[{"href":"https:\/\/www.iceagetv.com\/radiosite\/wp-json\/wp\/v2\/types\/post"}],"author":[{"embeddable":true,"href":"https:\/\/www.iceagetv.com\/radiosite\/wp-json\/wp\/v2\/users\/2"}],"replies":[{"embeddable":true,"href":"https:\/\/www.iceagetv.com\/radiosite\/wp-json\/wp\/v2\/comments?post=38134"}],"version-history":[{"count":1,"href":"https:\/\/www.iceagetv.com\/radiosite\/wp-json\/wp\/v2\/posts\/38134\/revisions"}],"predecessor-version":[{"id":38136,"href":"https:\/\/www.iceagetv.com\/radiosite\/wp-json\/wp\/v2\/posts\/38134\/revisions\/38136"}],"wp:featuredmedia":[{"embeddable":true,"href":"https:\/\/www.iceagetv.com\/radiosite\/wp-json\/wp\/v2\/media\/38135"}],"wp:attachment":[{"href":"https:\/\/www.iceagetv.com\/radiosite\/wp-json\/wp\/v2\/media?parent=38134"}],"wp:term":[{"taxonomy":"category","embeddable":true,"href":"https:\/\/www.iceagetv.com\/radiosite\/wp-json\/wp\/v2\/categories?post=38134"},{"taxonomy":"post_tag","embeddable":true,"href":"https:\/\/www.iceagetv.com\/radiosite\/wp-json\/wp\/v2\/tags?post=38134"}],"curies":[{"name":"wp","href":"https:\/\/api.w.org\/{rel}","templated":true}]}}