{"id":38138,"date":"2025-09-13T18:09:07","date_gmt":"2025-09-13T16:09:07","guid":{"rendered":"https:\/\/www.iceagetv.com\/radiosite\/?p=38138"},"modified":"2025-09-13T18:09:12","modified_gmt":"2025-09-13T16:09:12","slug":"le-premier-ministre-sebastien-lecornu-annonce-retirer-la-suppression-des-deux-jours-feries-on-va-y-arriver-cest-toujours-dans-les-moments-de-blocage-et-de-tension-que-notre-pays-a-a","status":"publish","type":"post","link":"https:\/\/www.iceagetv.com\/radiosite\/le-premier-ministre-sebastien-lecornu-annonce-retirer-la-suppression-des-deux-jours-feries-on-va-y-arriver-cest-toujours-dans-les-moments-de-blocage-et-de-tension-que-notre-pays-a-a\/","title":{"rendered":"Le Premier ministre S\u00e9bastien Lecornu annonce \u00ab\u00a0retirer la suppression des deux jours f\u00e9ri\u00e9s\u00a0\u00bb : \u00ab\u00a0On va y arriver ! C\u2019est toujours dans les moments de blocage et de tension que notre pays a avanc\u00e9.\u00a0\u00bb"},"content":{"rendered":"\n<p class=\"\">J&rsquo;ai d\u00e9cid\u00e9 de retirer la suppression de deux jours f\u00e9ri\u00e9s\u00a0\u00bb, annonce le Premier ministre S\u00e9bastien Lecornu.&nbsp;Je l\u2019ai dit lors de la&nbsp;passation de pouvoir&nbsp;: on va y arriver ! C\u2019est toujours dans les moments de blocage et de tension que notre pays a avanc\u00e9. Mon \u00e9tat d\u2019esprit est simple : je ne veux ni instabilit\u00e9, ni immobilisme.\u00a0\u00bb<\/p>\n\n\n\n<p class=\"\">S\u00e9bastien Lecornu en dit plus sur sa feuille de route, \u00e0 deux ans de la pr\u00e9sidentielle : \u00ab\u00a0Il reste 20 mois avant la fin du quinquennat. Il y a des choses qui pourront \u00eatre faites entre maintenant et 2027, d\u2019autres qui ne pourront pas \u00eatre r\u00e9alis\u00e9es par manque de consensus politique. Elles seront tranch\u00e9es par l\u2019\u00e9lection pr\u00e9sidentielle. Encore une fois : ni instabilit\u00e9, ni immobilisme.\u00a0\u00bb<\/p>\n\n\n\n<p class=\"\">\u00ab\u00a0Notre d\u00e9mocratie n\u2019a jamais \u00e9t\u00e9 aussi parlementaire. Il faut en tirer des conclusions. Une partie des responsables politiques, y compris ceux qui seront au gouvernement, vont devoir compl\u00e8tement r\u00e9inventer la mani\u00e8re de travailler avec les parlementaires.\u00a0\u00bb<\/p>\n","protected":false},"excerpt":{"rendered":"<p>J&rsquo;ai d\u00e9cid\u00e9 de retirer la suppression de deux jours f\u00e9ri\u00e9s\u00a0\u00bb, annonce le Premier ministre S\u00e9bastien Lecornu.&nbsp;Je l\u2019ai dit lors de la&nbsp;passation de pouvoir&nbsp;: on va y arriver ! C\u2019est toujours dans les moments de blocage et de tension que notre pays a avanc\u00e9. Mon \u00e9tat d\u2019esprit est simple : je ne veux ni instabilit\u00e9, ni [&hellip;]<\/p>\n","protected":false},"author":2,"featured_media":38141,"comment_status":"open","ping_status":"open","sticky":false,"template":"","format":"standard","meta":{"_jetpack_memberships_contains_paid_content":false,"footnotes":"","jetpack_publicize_message":"","jetpack_publicize_feature_enabled":true,"jetpack_social_post_already_shared":true,"jetpack_social_options":{"image_generator_settings":{"template":"highway","default_image_id":0,"font":"","enabled":true,"token":"eyJpbWciOiJodHRwczpcL1wvd3d3LmljZWFnZXR2LmNvbVwvcmFkaW9zaXRlXC93cC1jb250ZW50XC91cGxvYWRzXC8yMDI1XC8wOVwvZjZaM0lUVTkuanBnIiwidHh0IjoiTGUgUHJlbWllciBtaW5pc3RyZSBTXHUwMGU5YmFzdGllbiBMZWNvcm51IGFubm9uY2UgJiM4MjIwO3JldGlyZXIgbGEgc3VwcHJlc3Npb24gZGVzIGRldXggam91cnMgZlx1MDBlOXJpXHUwMGU5cyYjODIyMTsgOiAmIzgyMjA7T24gdmEgeSBhcnJpdmVyICEgQ1x1MjAxOWVzdCB0b3Vqb3VycyBkYW5zIGxlcyBtb21lbnRzIGRlIGJsb2NhZ2UgZXQgZGUgdGVuc2lvbiBxdWUgbm90cmUgcGF5cyBhIGF2YW5jXHUwMGU5LiYjODIyMTsiLCJ0ZW1wbGF0ZSI6ImhpZ2h3YXkiLCJmb250IjoiIiwiYmxvZ19pZCI6MTExMDE2NDYxfQ.Z4BQeyHPSs4i5RSKdQbBN26Th77hhlO3TAnmAEuAPAgMQ"},"version":2},"_wpas_customize_per_network":false},"categories":[405],"tags":[],"class_list":["post-38138","post","type-post","status-publish","format-standard","has-post-thumbnail","hentry","category-actu-france-monde"],"jetpack_publicize_connections":[],"jetpack_featured_media_url":"https:\/\/i0.wp.com\/www.iceagetv.com\/radiosite\/wp-content\/uploads\/2025\/09\/f6Z3ITU9.jpg?fit=679%2C293&ssl=1","jetpack_sharing_enabled":true,"_links":{"self":[{"href":"https:\/\/www.iceagetv.com\/radiosite\/wp-json\/wp\/v2\/posts\/38138","targetHints":{"allow":["GET"]}}],"collection":[{"href":"https:\/\/www.iceagetv.com\/radiosite\/wp-json\/wp\/v2\/posts"}],"about":[{"href":"https:\/\/www.iceagetv.com\/radiosite\/wp-json\/wp\/v2\/types\/post"}],"author":[{"embeddable":true,"href":"https:\/\/www.iceagetv.com\/radiosite\/wp-json\/wp\/v2\/users\/2"}],"replies":[{"embeddable":true,"href":"https:\/\/www.iceagetv.com\/radiosite\/wp-json\/wp\/v2\/comments?post=38138"}],"version-history":[{"count":1,"href":"https:\/\/www.iceagetv.com\/radiosite\/wp-json\/wp\/v2\/posts\/38138\/revisions"}],"predecessor-version":[{"id":38142,"href":"https:\/\/www.iceagetv.com\/radiosite\/wp-json\/wp\/v2\/posts\/38138\/revisions\/38142"}],"wp:featuredmedia":[{"embeddable":true,"href":"https:\/\/www.iceagetv.com\/radiosite\/wp-json\/wp\/v2\/media\/38141"}],"wp:attachment":[{"href":"https:\/\/www.iceagetv.com\/radiosite\/wp-json\/wp\/v2\/media?parent=38138"}],"wp:term":[{"taxonomy":"category","embeddable":true,"href":"https:\/\/www.iceagetv.com\/radiosite\/wp-json\/wp\/v2\/categories?post=38138"},{"taxonomy":"post_tag","embeddable":true,"href":"https:\/\/www.iceagetv.com\/radiosite\/wp-json\/wp\/v2\/tags?post=38138"}],"curies":[{"name":"wp","href":"https:\/\/api.w.org\/{rel}","templated":true}]}}