{"id":38155,"date":"2025-09-14T10:38:03","date_gmt":"2025-09-14T08:38:03","guid":{"rendered":"https:\/\/www.iceagetv.com\/radiosite\/?p=38155"},"modified":"2025-09-14T10:38:07","modified_gmt":"2025-09-14T08:38:07","slug":"agriculteurs-le-president-de-la-fnsea-interpelle-le-nouveau-premier-ministre-sebastien-lecornu-et-annonce-une-grande-mobilisation-le-25-septembre-a-travers-toute-la-france","status":"publish","type":"post","link":"https:\/\/www.iceagetv.com\/radiosite\/agriculteurs-le-president-de-la-fnsea-interpelle-le-nouveau-premier-ministre-sebastien-lecornu-et-annonce-une-grande-mobilisation-le-25-septembre-a-travers-toute-la-france\/","title":{"rendered":"Agriculteurs : Le pr\u00e9sident de la FNSEA interpelle le nouveau Premier ministre S\u00e9bastien Lecornu et annonce une grande mobilisation le 25 septembre \u00e0 travers toute la France"},"content":{"rendered":"\n<p class=\"\">Dans un entretien au JDD, Arnaud Rousseau, le pr\u00e9sident de la FNSEA interpelle le nouveau Premier ministre S\u00e9bastien Lecornu et annonce une grande mobilisation le 25 septembre \u00e0 travers toute la France autour des questions des \u00e9changes internationaux pour les produits agricoles.<\/p>\n\n\n\n<p class=\"\">Cette mobilisation aura lieu contre \u00ab le Mercosur, les taxes impos\u00e9es par Donald Trump et le flot des importations internationales qui ne respectent pas les normes qui sont les n\u00f4tres \u00bb, explique le dirigeant. \u00ab \u00c0 l\u2019image des \u0153ufs ukrainiens : tous ces produits qui entrent sur notre territoire et que nous ne voulons pas voir dans nos assiettes, car ils sont dangereux pour la sant\u00e9 et pour l\u2019environnement ! \u00bb, poursuit-il.<\/p>\n\n\n\n<p class=\"\">\u00ab Les actions sont \u00e0 l\u2019appr\u00e9ciation des f\u00e9d\u00e9rations d\u00e9partementales mais \u00e7a peut prendre la forme de visite de grandes surfaces pour aller chercher tous les produits non conformes \u00bb, a pr\u00e9cis\u00e9 \u00e0 l\u2019AFP un porte-parole du premier syndicat agricole fran\u00e7ais, qui m\u00e8nera ces actions avec les Jeunes agriculteurs (JA).<\/p>\n\n\n\n<p class=\"\">La FNSEA et les JA avaient d\u00e9j\u00e0 dit leur hostilit\u00e9 \u00e0 l\u2019accord de libre-\u00e9change entre des pays latino-am\u00e9ricains du Mercosur et l\u2019Union europ\u00e9enne.<\/p>\n\n\n\n<p class=\"\">Cet accord UE-Mercosur doit notamment permettre \u00e0 l\u2019UE d\u2019exporter davantage de voitures, de machines, de vins et de spiritueux en Argentine, au Br\u00e9sil, en Uruguay et au Paraguay.<\/p>\n","protected":false},"excerpt":{"rendered":"<p>Dans un entretien au JDD, Arnaud Rousseau, le pr\u00e9sident de la FNSEA interpelle le nouveau Premier ministre S\u00e9bastien Lecornu et annonce une grande mobilisation le 25 septembre \u00e0 travers toute la France autour des questions des \u00e9changes internationaux pour les produits agricoles. Cette mobilisation aura lieu contre \u00ab le Mercosur, les taxes impos\u00e9es par Donald [&hellip;]<\/p>\n","protected":false},"author":2,"featured_media":38156,"comment_status":"open","ping_status":"open","sticky":false,"template":"","format":"standard","meta":{"_jetpack_memberships_contains_paid_content":false,"footnotes":"","jetpack_publicize_message":"","jetpack_publicize_feature_enabled":true,"jetpack_social_post_already_shared":true,"jetpack_social_options":{"image_generator_settings":{"template":"highway","default_image_id":0,"font":"","enabled":true,"token":"eyJpbWciOiJodHRwczpcL1wvd3d3LmljZWFnZXR2LmNvbVwvcmFkaW9zaXRlXC93cC1jb250ZW50XC91cGxvYWRzXC8yMDI1XC8wOVwvanBzMDMzUHYuanBnIiwidHh0IjoiQWdyaWN1bHRldXJzIDogTGUgcHJcdTAwZTlzaWRlbnQgZGUgbGEgRk5TRUEgaW50ZXJwZWxsZSBsZSBub3V2ZWF1IFByZW1pZXIgbWluaXN0cmUgU1x1MDBlOWJhc3RpZW4gTGVjb3JudSBldCBhbm5vbmNlIHVuZSBncmFuZGUgbW9iaWxpc2F0aW9uIGxlIDI1IHNlcHRlbWJyZSBcdTAwZTAgdHJhdmVycyB0b3V0ZSBsYSBGcmFuY2UiLCJ0ZW1wbGF0ZSI6ImhpZ2h3YXkiLCJmb250IjoiIiwiYmxvZ19pZCI6MTExMDE2NDYxfQ.xUpnAs0xiqY7j3JAVoLC2LIXHkeUic6F6pLoiei_snMMQ"},"version":2},"_wpas_customize_per_network":false},"categories":[405],"tags":[],"class_list":["post-38155","post","type-post","status-publish","format-standard","has-post-thumbnail","hentry","category-actu-france-monde"],"jetpack_publicize_connections":[],"jetpack_featured_media_url":"https:\/\/i0.wp.com\/www.iceagetv.com\/radiosite\/wp-content\/uploads\/2025\/09\/jps033Pv.jpg?fit=679%2C293&ssl=1","jetpack_sharing_enabled":true,"_links":{"self":[{"href":"https:\/\/www.iceagetv.com\/radiosite\/wp-json\/wp\/v2\/posts\/38155","targetHints":{"allow":["GET"]}}],"collection":[{"href":"https:\/\/www.iceagetv.com\/radiosite\/wp-json\/wp\/v2\/posts"}],"about":[{"href":"https:\/\/www.iceagetv.com\/radiosite\/wp-json\/wp\/v2\/types\/post"}],"author":[{"embeddable":true,"href":"https:\/\/www.iceagetv.com\/radiosite\/wp-json\/wp\/v2\/users\/2"}],"replies":[{"embeddable":true,"href":"https:\/\/www.iceagetv.com\/radiosite\/wp-json\/wp\/v2\/comments?post=38155"}],"version-history":[{"count":1,"href":"https:\/\/www.iceagetv.com\/radiosite\/wp-json\/wp\/v2\/posts\/38155\/revisions"}],"predecessor-version":[{"id":38157,"href":"https:\/\/www.iceagetv.com\/radiosite\/wp-json\/wp\/v2\/posts\/38155\/revisions\/38157"}],"wp:featuredmedia":[{"embeddable":true,"href":"https:\/\/www.iceagetv.com\/radiosite\/wp-json\/wp\/v2\/media\/38156"}],"wp:attachment":[{"href":"https:\/\/www.iceagetv.com\/radiosite\/wp-json\/wp\/v2\/media?parent=38155"}],"wp:term":[{"taxonomy":"category","embeddable":true,"href":"https:\/\/www.iceagetv.com\/radiosite\/wp-json\/wp\/v2\/categories?post=38155"},{"taxonomy":"post_tag","embeddable":true,"href":"https:\/\/www.iceagetv.com\/radiosite\/wp-json\/wp\/v2\/tags?post=38155"}],"curies":[{"name":"wp","href":"https:\/\/api.w.org\/{rel}","templated":true}]}}