{"id":38169,"date":"2025-09-14T17:11:13","date_gmt":"2025-09-14T15:11:13","guid":{"rendered":"https:\/\/www.iceagetv.com\/radiosite\/?p=38169"},"modified":"2025-09-14T17:11:17","modified_gmt":"2025-09-14T15:11:17","slug":"paris-un-homme-blesse-au-couteau-pres-de-la-tour-eiffel-une-enquete-ouverte","status":"publish","type":"post","link":"https:\/\/www.iceagetv.com\/radiosite\/paris-un-homme-blesse-au-couteau-pres-de-la-tour-eiffel-une-enquete-ouverte\/","title":{"rendered":"Paris : un homme bless\u00e9 au couteau pr\u00e8s de la tour Eiffel, une enqu\u00eate ouverte"},"content":{"rendered":"\n<p class=\"\">Un homme a ass\u00e9n\u00e9 des coups de couteau \u00e0 une autre personne, samedi 13 septembre 2025, sur le pont de l&rsquo;Alma. Les faits seraient li\u00e9s \u00e0 une guerre de territoire.Une\u00a0<strong>attaque au couteau<\/strong>\u00a0pr\u00e8s de la\u00a0<a href=\"https:\/\/actu.fr\/tag\/tour-eiffel\">tour Eiffel<\/a>. Samedi 13\u00a0septembre 2025, un homme a ass\u00e9n\u00e9 plusieurs coups \u00e0 l\u2019arme blanche \u00e0 une autre personne sur le\u00a0<a href=\"https:\/\/actu.fr\/ile-de-france\/paris_75056\/crue-de-la-seine-a-paris-le-zouave-du-pont-de-l-alma-mauvais-indicateur-du-niveau-de-l-eau_39446781.html\">pont de l\u2019Alma<\/a>, dans le 7e arrondissement de\u00a0<a href=\"https:\/\/actu.fr\/paris\/\">Paris<\/a>, indique une source polici\u00e8re \u00e0\u00a0<em>actu Paris<\/em>. Contact\u00e9, le parquet de Paris fait savoir qu\u2019une enqu\u00eate a \u00e9t\u00e9 ouverte pour tentative d\u2019\u00ab<strong>\u2009homicide volontaire<\/strong>\u2009\u00bb.L\u2019auteur en fuite, la victime hors de danger<\/p>\n\n\n\n<p class=\"\">Les faits se sont d\u00e9roul\u00e9s en fin de soir\u00e9e, samedi soir. Un homme a port\u00e9 plusieurs coups de couteau \u00e0 un autre homme situ\u00e9 dans le secteur. La victime, touch\u00e9e \u00e0 la t\u00eate, a \u00e9t\u00e9 conduite \u00e0 l\u2019h\u00f4pital. Mais ses jours ne sont&nbsp;<strong>pas en danger<\/strong>, souligne le minist\u00e8re public. D\u2019apr\u00e8s cette source, il pourrait s\u2019agir d\u2019un diff\u00e9rend li\u00e9 \u00e0 une \u00ab<strong>\u2009guerre de territoire<\/strong>\u2009\u00bb que se livrent des travailleurs informels dans ce quartier pris\u00e9 des touristes.<\/p>\n\n\n\n<p class=\"\">L\u2019auteur pr\u00e9sum\u00e9 des coups de couteau est toujours&nbsp;<strong>en fuite.<\/strong>&nbsp;\u00ab\u2009Les investigations se poursuivent\u2009\u00bb, explique le parquet. Ces derni\u00e8res sont diligent\u00e9es par le commissariat du 7e arrondissement.<\/p>\n\n\n\n<p class=\"\"><\/p>\n","protected":false},"excerpt":{"rendered":"<p>Un homme a ass\u00e9n\u00e9 des coups de couteau \u00e0 une autre personne, samedi 13 septembre 2025, sur le pont de l&rsquo;Alma. Les faits seraient li\u00e9s \u00e0 une guerre de territoire.Une\u00a0attaque au couteau\u00a0pr\u00e8s de la\u00a0tour Eiffel. Samedi 13\u00a0septembre 2025, un homme a ass\u00e9n\u00e9 plusieurs coups \u00e0 l\u2019arme blanche \u00e0 une autre personne sur le\u00a0pont de l\u2019Alma, [&hellip;]<\/p>\n","protected":false},"author":2,"featured_media":38170,"comment_status":"open","ping_status":"open","sticky":false,"template":"","format":"standard","meta":{"_jetpack_memberships_contains_paid_content":false,"footnotes":"","jetpack_publicize_message":"","jetpack_publicize_feature_enabled":true,"jetpack_social_post_already_shared":true,"jetpack_social_options":{"image_generator_settings":{"template":"highway","default_image_id":0,"font":"","enabled":true,"token":"eyJpbWciOiJodHRwczpcL1wvd3d3LmljZWFnZXR2LmNvbVwvcmFkaW9zaXRlXC93cC1jb250ZW50XC91cGxvYWRzXC8yMDI1XC8wOVwvdG91ci1laWZmZWwtZXMtOTYweDY0MC0xLmpwZWciLCJ0eHQiOiJQYXJpcyA6IHVuIGhvbW1lIGJsZXNzXHUwMGU5IGF1IGNvdXRlYXUgcHJcdTAwZThzIGRlIGxhIHRvdXIgRWlmZmVsLCB1bmUgZW5xdVx1MDBlYXRlIG91dmVydGUiLCJ0ZW1wbGF0ZSI6ImhpZ2h3YXkiLCJmb250IjoiIiwiYmxvZ19pZCI6MTExMDE2NDYxfQ.z7HC5gefc_J-KFSW2yPiCl8g2nPfd3mQIaKbliEONLcMQ"},"version":2},"_wpas_customize_per_network":false},"categories":[405],"tags":[],"class_list":["post-38169","post","type-post","status-publish","format-standard","has-post-thumbnail","hentry","category-actu-france-monde"],"jetpack_publicize_connections":[],"jetpack_featured_media_url":"https:\/\/i0.wp.com\/www.iceagetv.com\/radiosite\/wp-content\/uploads\/2025\/09\/tour-eiffel-es-960x640-1.jpeg?fit=960%2C640&ssl=1","jetpack_sharing_enabled":true,"_links":{"self":[{"href":"https:\/\/www.iceagetv.com\/radiosite\/wp-json\/wp\/v2\/posts\/38169","targetHints":{"allow":["GET"]}}],"collection":[{"href":"https:\/\/www.iceagetv.com\/radiosite\/wp-json\/wp\/v2\/posts"}],"about":[{"href":"https:\/\/www.iceagetv.com\/radiosite\/wp-json\/wp\/v2\/types\/post"}],"author":[{"embeddable":true,"href":"https:\/\/www.iceagetv.com\/radiosite\/wp-json\/wp\/v2\/users\/2"}],"replies":[{"embeddable":true,"href":"https:\/\/www.iceagetv.com\/radiosite\/wp-json\/wp\/v2\/comments?post=38169"}],"version-history":[{"count":1,"href":"https:\/\/www.iceagetv.com\/radiosite\/wp-json\/wp\/v2\/posts\/38169\/revisions"}],"predecessor-version":[{"id":38171,"href":"https:\/\/www.iceagetv.com\/radiosite\/wp-json\/wp\/v2\/posts\/38169\/revisions\/38171"}],"wp:featuredmedia":[{"embeddable":true,"href":"https:\/\/www.iceagetv.com\/radiosite\/wp-json\/wp\/v2\/media\/38170"}],"wp:attachment":[{"href":"https:\/\/www.iceagetv.com\/radiosite\/wp-json\/wp\/v2\/media?parent=38169"}],"wp:term":[{"taxonomy":"category","embeddable":true,"href":"https:\/\/www.iceagetv.com\/radiosite\/wp-json\/wp\/v2\/categories?post=38169"},{"taxonomy":"post_tag","embeddable":true,"href":"https:\/\/www.iceagetv.com\/radiosite\/wp-json\/wp\/v2\/tags?post=38169"}],"curies":[{"name":"wp","href":"https:\/\/api.w.org\/{rel}","templated":true}]}}