{"id":38176,"date":"2025-09-15T13:06:10","date_gmt":"2025-09-15T11:06:10","guid":{"rendered":"https:\/\/www.iceagetv.com\/radiosite\/?p=38176"},"modified":"2025-09-15T13:06:14","modified_gmt":"2025-09-15T11:06:14","slug":"cinq-adolescents-mis-en-examen-dans-le-cadre-dune-enquete-ouverte-apres-lagression-dun-policier-de-la-bac-a-tourcoing-deux-font-lobjet-dune-incarceration","status":"publish","type":"post","link":"https:\/\/www.iceagetv.com\/radiosite\/cinq-adolescents-mis-en-examen-dans-le-cadre-dune-enquete-ouverte-apres-lagression-dun-policier-de-la-bac-a-tourcoing-deux-font-lobjet-dune-incarceration\/","title":{"rendered":"Cinq adolescents mis en examen dans le cadre d\u2019une enqu\u00eate ouverte apr\u00e8s l\u2019agression d\u2019un policier de la Bac \u00e0 Tourcoing &#8211; Deux font l\u2019objet d\u2019une incarc\u00e9ration provisoire"},"content":{"rendered":"\n<p class=\"\">Cinq adolescents ont \u00e9t\u00e9 mis en examen dans le cadre d\u2019une enqu\u00eate ouverte apr\u00e8s l\u2019agression d\u2019un policier \u00e0 Tourcoing (Nord), film\u00e9e et diffus\u00e9e sur les r\u00e9seaux sociaux, et le vol d\u2019une trottinette, a annonc\u00e9 dimanche \u00e0 l\u2019AFP la procureure de Lille.<\/p>\n\n\n\n<p class=\"\">\u00ab&nbsp;Deux font l\u2019objet d\u2019une incarc\u00e9ration provisoire, deux sont sous strict contr\u00f4le judiciaire comportant notamment pour l\u2019un un placement dans une structure \u00e0 Douai et pour l\u2019autre un \u00e9loignement en Loire-Atlantique&nbsp;\u00bb, a pr\u00e9cis\u00e9 la procureure de Lille Carole Etienne.<\/p>\n\n\n\n<p class=\"\">\u00ab&nbsp;Une mesure \u00e9ducative judiciaire provisoire comportant \u00e9galement des obligations et interdictions&nbsp;\u00bb a \u00e9t\u00e9 d\u00e9cid\u00e9 pour le cinqui\u00e8me mis en examen.<\/p>\n\n\n\n<p class=\"\">\u00ab&nbsp;Les deux auteurs pr\u00e9sum\u00e9s les plus impliqu\u00e9s dans l\u2019agression violente du policier de la BAC de Tourcoing dorment en prison, en d\u00e9tention provisoire&nbsp;\u00bb, a affirm\u00e9 le ministre la Justice d\u00e9missionnaire G\u00e9rald Darmanin sur le r\u00e9seau social X.<\/p>\n\n\n\n<p class=\"\">Selon une source syndicale, le nouveau Premier ministre, S\u00e9bastien Lecornu, a appel\u00e9 le policier bless\u00e9 pour lui exprimer son soutien.<\/p>\n\n\n\n<p class=\"\">La victime, un policier de la brigade anticriminalit\u00e9 (BAC) de Tourcoing, intervenait jeudi en fin d\u2019apr\u00e8s-midi dans un quartier populaire avec deux coll\u00e8gues pour un vol de trottinette, sur fond de harc\u00e8lement d\u2019un autre adolescent qui subissait \u00ab&nbsp;la loi d\u2019une petite bande&nbsp;\u00bb, avait expliqu\u00e9 M. Darmanin vendredi.<\/p>\n\n\n\n<p class=\"\">Apr\u00e8s l\u2019interpellation d\u2019un mineur imm\u00e9diatement apr\u00e8s l\u2019agression du policier, deux autres adolescents avaient \u00e9t\u00e9 interpell\u00e9s vendredi matin, puis deux autres, \u00e2g\u00e9s de 17 et 19 ans selon le parquet, samedi matin.<\/p>\n\n\n\n<p class=\"\">La procureure a ouvert une information judiciaire notamment pour \u00ab&nbsp;vol aggrav\u00e9&nbsp;\u00bb, \u00ab&nbsp;violences sur un fonctionnaire de police aggrav\u00e9es par au moins deux circonstances (r\u00e9union, arme)&nbsp;\u00bb et \u00ab&nbsp;enregistrement ou diffusion d\u2019images&nbsp;\u00bb portant une \u00ab&nbsp;atteinte volontaire \u00e0 l\u2019int\u00e9grit\u00e9 de la personne&nbsp;\u00bb, ph\u00e9nom\u00e8ne qualifi\u00e9 de \u00ab&nbsp;happy slapping&nbsp;\u00bb, le fait d\u2019enregistrer ou de diffuser des images de violence.<\/p>\n\n\n\n<p class=\"\">Le policier \u00ab&nbsp;est plus choqu\u00e9 psychologiquement que physiquement&nbsp;\u00bb, bien qu\u2019il souffre d\u2019un nez cass\u00e9 et d\u2019une \u00ab&nbsp;cloison nasale qu\u2019il va sans doute se faire op\u00e9rer&nbsp;\u00bb, avait pr\u00e9cis\u00e9 vendredi M. Darmanin. Selon la procureure, il s\u2019est vu remettre une incapacit\u00e9 totale de travail (ITT) de cinq jours, \u00ab&nbsp;r\u00e9\u00e9valuable&nbsp;\u00bb.<\/p>\n\n\n\n<p class=\"\">\u00ab&nbsp;Qu\u2019on puisse diffuser ces images, c\u2019est l\u00e0 le second scandale&nbsp;\u00bb, avait soulign\u00e9 M. Darmanin, d\u00e9plorant qu\u2019on puisse \u00ab&nbsp;se r\u00e9jouir&nbsp;\u00bb de cette agression, dont la vid\u00e9o, largement relay\u00e9e sur les r\u00e9seaux sociaux, montre le policier maintenu au sol en pleine rue et frapp\u00e9 de plusieurs coups de poing au visage.<\/p>\n\n\n\n<p class=\"\">Deux autres personnes susceptibles d\u2019\u00eatre impliqu\u00e9es dans le vol de trottinette sont encore recherch\u00e9es, selon le parquet de Lille.<\/p>\n","protected":false},"excerpt":{"rendered":"<p>Cinq adolescents ont \u00e9t\u00e9 mis en examen dans le cadre d\u2019une enqu\u00eate ouverte apr\u00e8s l\u2019agression d\u2019un policier \u00e0 Tourcoing (Nord), film\u00e9e et diffus\u00e9e sur les r\u00e9seaux sociaux, et le vol d\u2019une trottinette, a annonc\u00e9 dimanche \u00e0 l\u2019AFP la procureure de Lille. \u00ab&nbsp;Deux font l\u2019objet d\u2019une incarc\u00e9ration provisoire, deux sont sous strict contr\u00f4le judiciaire comportant notamment [&hellip;]<\/p>\n","protected":false},"author":2,"featured_media":38177,"comment_status":"open","ping_status":"open","sticky":false,"template":"","format":"standard","meta":{"_jetpack_memberships_contains_paid_content":false,"footnotes":"","jetpack_publicize_message":"","jetpack_publicize_feature_enabled":true,"jetpack_social_post_already_shared":true,"jetpack_social_options":{"image_generator_settings":{"template":"highway","default_image_id":0,"font":"","enabled":true,"token":"eyJpbWciOiJodHRwczpcL1wvd3d3LmljZWFnZXR2LmNvbVwvcmFkaW9zaXRlXC93cC1jb250ZW50XC91cGxvYWRzXC8yMDI1XC8wOVwvYk1namNfQ00uanBnIiwidHh0IjoiQ2lucSBhZG9sZXNjZW50cyBtaXMgZW4gZXhhbWVuIGRhbnMgbGUgY2FkcmUgZFx1MjAxOXVuZSBlbnF1XHUwMGVhdGUgb3V2ZXJ0ZSBhcHJcdTAwZThzIGxcdTIwMTlhZ3Jlc3Npb24gZFx1MjAxOXVuIHBvbGljaWVyIGRlIGxhIEJhYyBcdTAwZTAgVG91cmNvaW5nICYjODIxMTsgRGV1eCBmb250IGxcdTIwMTlvYmpldCBkXHUyMDE5dW5lIGluY2FyY1x1MDBlOXJhdGlvbiBwcm92aXNvaXJlIiwidGVtcGxhdGUiOiJoaWdod2F5IiwiZm9udCI6IiIsImJsb2dfaWQiOjExMTAxNjQ2MX0.8kySRKBOOwcYOOtpU7reyPGRuHOQc122XDsutI6JS-IMQ"},"version":2},"_wpas_customize_per_network":false},"categories":[405],"tags":[],"class_list":["post-38176","post","type-post","status-publish","format-standard","has-post-thumbnail","hentry","category-actu-france-monde"],"jetpack_publicize_connections":[],"jetpack_featured_media_url":"https:\/\/i0.wp.com\/www.iceagetv.com\/radiosite\/wp-content\/uploads\/2025\/09\/bMgjc_CM.jpg?fit=679%2C293&ssl=1","jetpack_sharing_enabled":true,"_links":{"self":[{"href":"https:\/\/www.iceagetv.com\/radiosite\/wp-json\/wp\/v2\/posts\/38176","targetHints":{"allow":["GET"]}}],"collection":[{"href":"https:\/\/www.iceagetv.com\/radiosite\/wp-json\/wp\/v2\/posts"}],"about":[{"href":"https:\/\/www.iceagetv.com\/radiosite\/wp-json\/wp\/v2\/types\/post"}],"author":[{"embeddable":true,"href":"https:\/\/www.iceagetv.com\/radiosite\/wp-json\/wp\/v2\/users\/2"}],"replies":[{"embeddable":true,"href":"https:\/\/www.iceagetv.com\/radiosite\/wp-json\/wp\/v2\/comments?post=38176"}],"version-history":[{"count":1,"href":"https:\/\/www.iceagetv.com\/radiosite\/wp-json\/wp\/v2\/posts\/38176\/revisions"}],"predecessor-version":[{"id":38178,"href":"https:\/\/www.iceagetv.com\/radiosite\/wp-json\/wp\/v2\/posts\/38176\/revisions\/38178"}],"wp:featuredmedia":[{"embeddable":true,"href":"https:\/\/www.iceagetv.com\/radiosite\/wp-json\/wp\/v2\/media\/38177"}],"wp:attachment":[{"href":"https:\/\/www.iceagetv.com\/radiosite\/wp-json\/wp\/v2\/media?parent=38176"}],"wp:term":[{"taxonomy":"category","embeddable":true,"href":"https:\/\/www.iceagetv.com\/radiosite\/wp-json\/wp\/v2\/categories?post=38176"},{"taxonomy":"post_tag","embeddable":true,"href":"https:\/\/www.iceagetv.com\/radiosite\/wp-json\/wp\/v2\/tags?post=38176"}],"curies":[{"name":"wp","href":"https:\/\/api.w.org\/{rel}","templated":true}]}}