{"id":38184,"date":"2025-09-15T15:15:56","date_gmt":"2025-09-15T13:15:56","guid":{"rendered":"https:\/\/www.iceagetv.com\/radiosite\/?p=38184"},"modified":"2025-09-15T15:16:00","modified_gmt":"2025-09-15T13:16:00","slug":"plusieurs-federations-europeennes-du-textile-et-de-lhabillement-appellent-conjointement-lunion-europeenne-a-des-actions-durgence-contre-la-mode-ultra-ephemere","status":"publish","type":"post","link":"https:\/\/www.iceagetv.com\/radiosite\/plusieurs-federations-europeennes-du-textile-et-de-lhabillement-appellent-conjointement-lunion-europeenne-a-des-actions-durgence-contre-la-mode-ultra-ephemere\/","title":{"rendered":"Plusieurs f\u00e9d\u00e9rations europ\u00e9ennes du textile et de l\u2019habillement appellent conjointement l\u2019Union europ\u00e9enne \u00e0 \u00ab\u00a0des actions d\u2019urgence\u00a0\u00bb contre la mode ultra-\u00e9ph\u00e9m\u00e8re"},"content":{"rendered":"\n<p class=\"\">Plusieurs f\u00e9d\u00e9rations europ\u00e9ennes du textile et de l\u2019habillement appellent conjointement l\u2019Union europ\u00e9enne \u00e0 \u00ab&nbsp;des actions d\u2019urgence&nbsp;\u00bb contre la mode ultra-\u00e9ph\u00e9m\u00e8re, dans une lettre consult\u00e9e par l\u2019AFP qui sera sign\u00e9e mardi et transmise \u00e0 la Commission europ\u00e9enne.<\/p>\n\n\n\n<p class=\"\">Pour endiguer la \u00ab&nbsp;hausse sans pr\u00e9c\u00e9dent des d\u00e9chets textiles&nbsp;\u00bb et \u00ab&nbsp;la pression intenable sur les entreprises europ\u00e9ennes&nbsp;\u00bb, les signataires demandent notamment et \u00ab&nbsp;sans d\u00e9lai&nbsp;\u00bb \u00e0 l\u2019UE de renforcer les barri\u00e8res douani\u00e8res et d\u2019acc\u00e9l\u00e9rer les enqu\u00eates en cours contre ces plateformes (Shein, Temu, etc.)<\/p>\n\n\n\n<p class=\"\">L\u2019organisme repr\u00e9sentatif Euratex (l\u2019Union europ\u00e9enne de l\u2019habillement et du textile) mais aussi de nombreuses f\u00e9d\u00e9rations de plusieurs pays (France, Italie, Espagne, Allemagne, Gr\u00e8ce, Suisse, Belgique, Portugal, etc.) ont uni leurs forces pour exiger des mesures imm\u00e9diates.<\/p>\n\n\n\n<p class=\"\">Ils constatent \u00ab&nbsp;avec une vive inqui\u00e9tude la mont\u00e9e en puissance&nbsp;\u00bb de ces acteurs de l\u2019e-commerce avec leurs \u00ab&nbsp;4,5 milliards de colis import\u00e9s en 2024 dans l\u2019Union europ\u00e9enne&nbsp;\u00bb et estiment que leur mod\u00e8le \u00e9conomique est \u00ab&nbsp;contraire aux r\u00e8gles en vigueur&nbsp;\u00bb sur le Vieux continent, citant \u00ab&nbsp;la fraude \u00e0 la TVA, la violation des droits de propri\u00e9t\u00e9 intellectuelle et les all\u00e9gations trompeuses&nbsp;\u00bb.<\/p>\n\n\n\n<p class=\"\">Aussi demandent-ils aux institutions europ\u00e9ennes de \u00ab&nbsp;mettre en place imm\u00e9diatement&nbsp;\u00bb et non dans quelques ann\u00e9es la r\u00e9forme du code des douanes europ\u00e9en. Celle-ci pr\u00e9voit entre autres la suppression de l\u2019exon\u00e9ration de droits de douane des colis aux montants inf\u00e9rieurs \u00e0 150 euros, une mesure dont b\u00e9n\u00e9ficient largement les mastodontes de l\u2019e-commerce asiatique qui exp\u00e9dient depuis la Chine de tout petits paquets.<\/p>\n\n\n\n<p class=\"\">Les signataires plaident \u00e9galement pour \u00ab&nbsp;acc\u00e9l\u00e9rer les enqu\u00eates en cours et adopter les sanctions les plus lourdes&nbsp;\u00bb pr\u00e9vues par les r\u00e9glementations europ\u00e9ennes en cas d\u2019infraction et \u00ab&nbsp;exiger des plateformes d\u2019e-commerce qu\u2019elles d\u00e9signent des repr\u00e9sentants l\u00e9galement autoris\u00e9s, afin qu\u2019elles puissent \u00eatre tenues l\u00e9galement responsables&nbsp;\u00bb.<\/p>\n\n\n\n<p class=\"\">Enfin, ils requi\u00e8rent \u00ab&nbsp;des frais sur les petits colis afin de financer les contr\u00f4les en douane&nbsp;\u00bb et que soit entam\u00e9 \u00ab&nbsp;un dialogue avec les autorit\u00e9s chinoises sur ces plateformes dont les pratiques contredisent leurs objectifs environnementaux&nbsp;\u00bb.<\/p>\n","protected":false},"excerpt":{"rendered":"<p>Plusieurs f\u00e9d\u00e9rations europ\u00e9ennes du textile et de l\u2019habillement appellent conjointement l\u2019Union europ\u00e9enne \u00e0 \u00ab&nbsp;des actions d\u2019urgence&nbsp;\u00bb contre la mode ultra-\u00e9ph\u00e9m\u00e8re, dans une lettre consult\u00e9e par l\u2019AFP qui sera sign\u00e9e mardi et transmise \u00e0 la Commission europ\u00e9enne. Pour endiguer la \u00ab&nbsp;hausse sans pr\u00e9c\u00e9dent des d\u00e9chets textiles&nbsp;\u00bb et \u00ab&nbsp;la pression intenable sur les entreprises europ\u00e9ennes&nbsp;\u00bb, les signataires [&hellip;]<\/p>\n","protected":false},"author":2,"featured_media":38181,"comment_status":"open","ping_status":"open","sticky":false,"template":"","format":"standard","meta":{"_jetpack_memberships_contains_paid_content":false,"footnotes":"","jetpack_publicize_message":"","jetpack_publicize_feature_enabled":true,"jetpack_social_post_already_shared":true,"jetpack_social_options":{"image_generator_settings":{"template":"highway","default_image_id":0,"font":"","enabled":true,"token":"eyJpbWciOiJodHRwczpcL1wvd3d3LmljZWFnZXR2LmNvbVwvcmFkaW9zaXRlXC93cC1jb250ZW50XC91cGxvYWRzXC8yMDI1XC8wOVwvZHlEOUxVb2QuanBnIiwidHh0IjoiUGx1c2lldXJzIGZcdTAwZTlkXHUwMGU5cmF0aW9ucyBldXJvcFx1MDBlOWVubmVzIGR1IHRleHRpbGUgZXQgZGUgbFx1MjAxOWhhYmlsbGVtZW50IGFwcGVsbGVudCBjb25qb2ludGVtZW50IGxcdTIwMTlVbmlvbiBldXJvcFx1MDBlOWVubmUgXHUwMGUwICYjODIyMDtkZXMgYWN0aW9ucyBkXHUyMDE5dXJnZW5jZSYjODIyMTsgY29udHJlIGxhIG1vZGUgdWx0cmEtXHUwMGU5cGhcdTAwZTltXHUwMGU4cmUiLCJ0ZW1wbGF0ZSI6ImhpZ2h3YXkiLCJmb250IjoiIiwiYmxvZ19pZCI6MTExMDE2NDYxfQ.Zoe_tn3hZ6_BAyC_CoYmMnXD-fygjaHQnDeNfuvGJy4MQ"},"version":2},"_wpas_customize_per_network":false},"categories":[405],"tags":[],"class_list":["post-38184","post","type-post","status-publish","format-standard","has-post-thumbnail","hentry","category-actu-france-monde"],"jetpack_publicize_connections":[],"jetpack_featured_media_url":"https:\/\/i0.wp.com\/www.iceagetv.com\/radiosite\/wp-content\/uploads\/2025\/09\/dyD9LUod.jpg?fit=679%2C293&ssl=1","jetpack_sharing_enabled":true,"_links":{"self":[{"href":"https:\/\/www.iceagetv.com\/radiosite\/wp-json\/wp\/v2\/posts\/38184","targetHints":{"allow":["GET"]}}],"collection":[{"href":"https:\/\/www.iceagetv.com\/radiosite\/wp-json\/wp\/v2\/posts"}],"about":[{"href":"https:\/\/www.iceagetv.com\/radiosite\/wp-json\/wp\/v2\/types\/post"}],"author":[{"embeddable":true,"href":"https:\/\/www.iceagetv.com\/radiosite\/wp-json\/wp\/v2\/users\/2"}],"replies":[{"embeddable":true,"href":"https:\/\/www.iceagetv.com\/radiosite\/wp-json\/wp\/v2\/comments?post=38184"}],"version-history":[{"count":1,"href":"https:\/\/www.iceagetv.com\/radiosite\/wp-json\/wp\/v2\/posts\/38184\/revisions"}],"predecessor-version":[{"id":38186,"href":"https:\/\/www.iceagetv.com\/radiosite\/wp-json\/wp\/v2\/posts\/38184\/revisions\/38186"}],"wp:featuredmedia":[{"embeddable":true,"href":"https:\/\/www.iceagetv.com\/radiosite\/wp-json\/wp\/v2\/media\/38181"}],"wp:attachment":[{"href":"https:\/\/www.iceagetv.com\/radiosite\/wp-json\/wp\/v2\/media?parent=38184"}],"wp:term":[{"taxonomy":"category","embeddable":true,"href":"https:\/\/www.iceagetv.com\/radiosite\/wp-json\/wp\/v2\/categories?post=38184"},{"taxonomy":"post_tag","embeddable":true,"href":"https:\/\/www.iceagetv.com\/radiosite\/wp-json\/wp\/v2\/tags?post=38184"}],"curies":[{"name":"wp","href":"https:\/\/api.w.org\/{rel}","templated":true}]}}