{"id":38190,"date":"2025-09-15T17:24:35","date_gmt":"2025-09-15T15:24:35","guid":{"rendered":"https:\/\/www.iceagetv.com\/radiosite\/?p=38190"},"modified":"2025-09-15T17:24:39","modified_gmt":"2025-09-15T15:24:39","slug":"la-petition-de-philippe-de-villiers-pour-exiger-un-referendum-sur-limmigration-vient-de-passer-le-million-de-signatures-cet-apres-midi-sur-le-site-internet-qui-lui-est-dedie","status":"publish","type":"post","link":"https:\/\/www.iceagetv.com\/radiosite\/la-petition-de-philippe-de-villiers-pour-exiger-un-referendum-sur-limmigration-vient-de-passer-le-million-de-signatures-cet-apres-midi-sur-le-site-internet-qui-lui-est-dedie\/","title":{"rendered":"La p\u00e9tition de Philippe de Villiers pour exiger un r\u00e9f\u00e9rendum sur l&rsquo;immigration vient de passer le million de signatures cet apr\u00e8s-midi, sur le site internet qui lui est d\u00e9di\u00e9"},"content":{"rendered":"\n<p class=\"\">Malgr\u00e9 le silence des m\u00e9dias de service public et des cha\u00eenes infos autres que CNews, la p\u00e9tition de Philippe de Villiers pour un r\u00e9f\u00e9rendum sur l&rsquo;immigration vient de d\u00e9passer ce lundi apr\u00e8s-midi, le million de signatures sur le site&nbsp;<a href=\"https:\/\/referendum-immigration.com\/\" target=\"_blank\" rel=\"noreferrer noopener\">referendum-immigration.com<\/a>&nbsp;.<\/p>\n\n\n\n<p class=\"\"><strong>Selon les constations de<\/strong>&nbsp;<strong>jeanmarcmorandini.com<\/strong>,&nbsp;<strong>\u00e0 17h, le nombre de signatures affich\u00e9 est de 1.007.324, passant ainsi la barre symbolique du million.<\/strong><\/p>\n\n\n\n<p class=\"\">Selon un sondage CSA, r\u00e9alis\u00e9 en f\u00e9vrier pour CNews, Europe 1 et le JDD, pr\u00e8s de sept Fran\u00e7ais sur dix se d\u00e9clarent favorables \u00e0 un r\u00e9f\u00e9rendum sur l\u2019immigration. Un cri d\u2019alarme qui attend d\u00e9sormais \u00e0 \u00eatre entendu au plus haut niveau de l\u2019\u00c9tat.<strong>Le texte de cette p\u00e9tition est le suivant :<\/strong><\/p>\n\n\n\n<p class=\"\"><strong>.<\/strong><\/p>\n\n\n\n<p class=\"\">\u00ab\u00a0Fran\u00e7aises, Fran\u00e7ais,<\/p>\n\n\n\n<p class=\"\">Nous sommes \u00e0 l\u2019heure de l\u2019urgence vitale. L\u2019immigration n\u2019est plus un probl\u00e8me parmi d\u2019autres : c\u2019est la question centrale, celle qui commande toutes les autres. Nous sommes en train de changer de peuplement.<\/p>\n\n\n\n<p class=\"\">Nous sommes en train de changer d\u2019art de vivre. Nous sommes en train de changer de civilisation. Si nous ne faisons rien, c\u2019est la fin de la France.<\/p>\n\n\n\n<p class=\"\">Depuis les accords de Schengen qui ont d\u00e9mantel\u00e9 nos fronti\u00e8res, notre pays n\u2019est plus qu\u2019un hall de gare.<\/p>\n\n\n\n<p class=\"\">Bruxelles a confisqu\u00e9 notre souverainet\u00e9, et les gouvernements successifs ont multipli\u00e9 les pompes aspirantes : regroupement familial sans frein, aides sociales sans condition, r\u00e9gularisations massives. Ainsi s\u2019organise la disparition d\u2019un peuple.<\/p>\n\n\n\n<p class=\"\">Ne comptez pas sur la classe politique pour enrayer cette m\u00e9canique infernale de l\u2019effacement national.<\/p>\n\n\n\n<p class=\"\">Elle ne fera rien. Elle est impuissante ou complice. Tant que nous resterons prisonniers de ces politiciens, rien ne changera.<\/p>\n\n\n\n<p class=\"\">Il n\u2019existe qu\u2019une issue : rendre la parole au peuple.<\/p>\n\n\n\n<p class=\"\">Quand les \u00e9lites oublient la France, c\u2019est au peuple de rappeler les \u00e9lites \u00e0 l\u2019ordre. Il n\u2019y a qu\u2019un seul chemin pour affronter le probl\u00e8me majeur de notre temps \u2014 l\u2019immigration, qui nous submerge et nous transforme : le r\u00e9f\u00e9rendum. L\u2019enjeu n\u2019est rien de moins que la survie de la France.<\/p>\n\n\n\n<p class=\"\">Mais ce r\u00e9f\u00e9rendum, le pr\u00e9sident ne l\u2019accordera pas de lui-m\u00eame. Il faudra l\u2019y contraindre. Par la pression populaire. Comme pour la loi Duplomb : une p\u00e9tition a voulu sauver les abeilles, les oiseaux, les sols.<\/p>\n\n\n\n<p class=\"\">Aujourd\u2019hui, ce sont les Fran\u00e7ais qu\u2019il faut sauver. Les derniers Fran\u00e7ais. Avant qu\u2019il ne soit trop tard. Voil\u00e0 pourquoi je lance cette p\u00e9tition. Pour exiger un r\u00e9f\u00e9rendum sur l\u2019immigration.<\/p>\n\n\n\n<p class=\"\">Pour dire haut et fort : \u00ab Rendez la parole au peuple ! \u00bb Signez, faites signer, multipliez vos voix. Que ce cri soit si puissant qu\u2019il devienne impossible \u00e0 \u00e9touffer. L\u2019heure n\u2019est plus aux commentaires.<\/p>\n\n\n\n<p class=\"\">L\u2019heure est venue d\u2019agir. Pour nos enfants. Pour nos morts qui nous regardent. Pour la France \u00e9ternelle.<\/p>\n\n\n\n<p class=\"\">Philippe de Villiers\u00a0\u00bb<\/p>\n","protected":false},"excerpt":{"rendered":"<p>Malgr\u00e9 le silence des m\u00e9dias de service public et des cha\u00eenes infos autres que CNews, la p\u00e9tition de Philippe de Villiers pour un r\u00e9f\u00e9rendum sur l&rsquo;immigration vient de d\u00e9passer ce lundi apr\u00e8s-midi, le million de signatures sur le site&nbsp;referendum-immigration.com&nbsp;. Selon les constations de&nbsp;jeanmarcmorandini.com,&nbsp;\u00e0 17h, le nombre de signatures affich\u00e9 est de 1.007.324, passant ainsi la [&hellip;]<\/p>\n","protected":false},"author":2,"featured_media":38191,"comment_status":"open","ping_status":"open","sticky":false,"template":"","format":"standard","meta":{"_jetpack_memberships_contains_paid_content":false,"footnotes":"","jetpack_publicize_message":"","jetpack_publicize_feature_enabled":true,"jetpack_social_post_already_shared":true,"jetpack_social_options":{"image_generator_settings":{"template":"highway","default_image_id":0,"font":"","enabled":true,"token":"eyJpbWciOiJodHRwczpcL1wvd3d3LmljZWFnZXR2LmNvbVwvcmFkaW9zaXRlXC93cC1jb250ZW50XC91cGxvYWRzXC8yMDI1XC8wOVwvR09rN05NVlouanBnIiwidHh0IjoiTGEgcFx1MDBlOXRpdGlvbiBkZSBQaGlsaXBwZSBkZSBWaWxsaWVycyBwb3VyIGV4aWdlciB1biByXHUwMGU5Zlx1MDBlOXJlbmR1bSBzdXIgbCYjODIxNztpbW1pZ3JhdGlvbiB2aWVudCBkZSBwYXNzZXIgbGUgbWlsbGlvbiBkZSBzaWduYXR1cmVzIGNldCBhcHJcdTAwZThzLW1pZGksIHN1ciBsZSBzaXRlIGludGVybmV0IHF1aSBsdWkgZXN0IGRcdTAwZTlkaVx1MDBlOSIsInRlbXBsYXRlIjoiaGlnaHdheSIsImZvbnQiOiIiLCJibG9nX2lkIjoxMTEwMTY0NjF9.RjlZHqgUvujKpi6MrpywiMPkf3u1D3344DnR7npI7kgMQ"},"version":2},"_wpas_customize_per_network":false},"categories":[405],"tags":[],"class_list":["post-38190","post","type-post","status-publish","format-standard","has-post-thumbnail","hentry","category-actu-france-monde"],"jetpack_publicize_connections":[],"jetpack_featured_media_url":"https:\/\/i0.wp.com\/www.iceagetv.com\/radiosite\/wp-content\/uploads\/2025\/09\/GOk7NMVZ.jpg?fit=680%2C383&ssl=1","jetpack_sharing_enabled":true,"_links":{"self":[{"href":"https:\/\/www.iceagetv.com\/radiosite\/wp-json\/wp\/v2\/posts\/38190","targetHints":{"allow":["GET"]}}],"collection":[{"href":"https:\/\/www.iceagetv.com\/radiosite\/wp-json\/wp\/v2\/posts"}],"about":[{"href":"https:\/\/www.iceagetv.com\/radiosite\/wp-json\/wp\/v2\/types\/post"}],"author":[{"embeddable":true,"href":"https:\/\/www.iceagetv.com\/radiosite\/wp-json\/wp\/v2\/users\/2"}],"replies":[{"embeddable":true,"href":"https:\/\/www.iceagetv.com\/radiosite\/wp-json\/wp\/v2\/comments?post=38190"}],"version-history":[{"count":1,"href":"https:\/\/www.iceagetv.com\/radiosite\/wp-json\/wp\/v2\/posts\/38190\/revisions"}],"predecessor-version":[{"id":38192,"href":"https:\/\/www.iceagetv.com\/radiosite\/wp-json\/wp\/v2\/posts\/38190\/revisions\/38192"}],"wp:featuredmedia":[{"embeddable":true,"href":"https:\/\/www.iceagetv.com\/radiosite\/wp-json\/wp\/v2\/media\/38191"}],"wp:attachment":[{"href":"https:\/\/www.iceagetv.com\/radiosite\/wp-json\/wp\/v2\/media?parent=38190"}],"wp:term":[{"taxonomy":"category","embeddable":true,"href":"https:\/\/www.iceagetv.com\/radiosite\/wp-json\/wp\/v2\/categories?post=38190"},{"taxonomy":"post_tag","embeddable":true,"href":"https:\/\/www.iceagetv.com\/radiosite\/wp-json\/wp\/v2\/tags?post=38190"}],"curies":[{"name":"wp","href":"https:\/\/api.w.org\/{rel}","templated":true}]}}