{"id":38228,"date":"2025-09-16T20:21:43","date_gmt":"2025-09-16T18:21:43","guid":{"rendered":"https:\/\/www.iceagetv.com\/radiosite\/?p=38228"},"modified":"2025-09-16T20:21:47","modified_gmt":"2025-09-16T18:21:47","slug":"les-organisations-professionnelles-des-auto-ecoles-et-le-syndicat-majoritaire-des-inspecteurs-du-permis-de-conduire-appellent-a-la-greve-et-a-une-manifestation-le-29-septembre-pour-protester-contre-le","status":"publish","type":"post","link":"https:\/\/www.iceagetv.com\/radiosite\/les-organisations-professionnelles-des-auto-ecoles-et-le-syndicat-majoritaire-des-inspecteurs-du-permis-de-conduire-appellent-a-la-greve-et-a-une-manifestation-le-29-septembre-pour-protester-contre-le\/","title":{"rendered":"Les organisations professionnelles des auto-\u00e9coles et le syndicat majoritaire des inspecteurs du permis de conduire appellent \u00e0 la gr\u00e8ve et \u00e0 une manifestation le 29 septembre pour protester contre les d\u00e9lais avant de passer l\u2019examen"},"content":{"rendered":"\n<p class=\"\">Les organisations professionnelles des auto-\u00e9coles et le syndicat majoritaire des inspecteurs du permis de conduire (Snica-FO) appellent \u00e0 la gr\u00e8ve et \u00e0 une manifestation le 29 septembre, pour protester contre les d\u00e9lais avant de passer l\u2019examen, a annonc\u00e9 l\u2019une de ces organisations lundi.<\/p>\n\n\n\n<p class=\"\">Attente \u00e0 rallonge, co\u00fbt du permis qui \u00ab&nbsp;explose&nbsp;\u00bb et \u00ab&nbsp;tensions croissantes&nbsp;\u00bb avec les candidats: pour alerter sur la \u00ab&nbsp;crise&nbsp;\u00bb du secteur, l\u2019intersyndicale des g\u00e9rants d\u2019auto-\u00e9coles (Unic, Unidec et Mobilians) a \u00e9t\u00e9 re\u00e7ue par l\u2019ex\u00e9cutif deux fois en deux mois, en juillet au minist\u00e8re de l\u2019Int\u00e9rieur et vendredi \u00e0 l\u2019\u00c9lys\u00e9e.<\/p>\n\n\n\n<p class=\"\">\u00c0 l\u2019issue de cette derni\u00e8re r\u00e9union, elle estime que \u00ab&nbsp;les d\u00e9cisions restent malheureusement bloqu\u00e9es par les contraintes budg\u00e9taires et l\u2019absence d\u2019un gouvernement, et donc du ministre comp\u00e9tent, en mesure d\u2019agir&nbsp;\u00bb pour raccourcir les d\u00e9lais, rapporte l\u2019Unic dans un communiqu\u00e9.<\/p>\n\n\n\n<p class=\"\">Les organisations professionnelles et le syndicat d\u2019inspecteurs du permis Snica-FO (majoritaire), qui partage le m\u00eame constat, ont donc d\u00e9pos\u00e9, pour la premi\u00e8re fois, un pr\u00e9avis de gr\u00e8ve commun pour le 29 septembre.<\/p>\n\n\n\n<p class=\"\">Ils appellent aussi leurs adh\u00e9rents \u00e0 manifester \u00e0 Paris. \u00ab&nbsp;Le mouvement va \u00eatre suivi&nbsp;\u00bb, pr\u00e9dit pour l\u2019AFP le pr\u00e9sident de l\u2019Unic, Benjamin Panis. D\u2019apr\u00e8s lui, \u00ab&nbsp;la situation est plus d\u00e9licate qu\u2019en 2019&nbsp;\u00bb, date d\u2019un d\u00e9fil\u00e9 de \u00ab&nbsp;3.000 voitures&nbsp;\u00bb auto-\u00e9coles dans la capitale contre une r\u00e9forme du permis.<\/p>\n\n\n\n<p class=\"\">\u00ab&nbsp;Alors que la loi impose un d\u00e9lai maximal de 45 jours entre deux pr\u00e9sentations \u00e0 l\u2019examen, plus de 90 d\u00e9partements d\u00e9passent les d\u00e9lais l\u00e9gaux, et le d\u00e9lai moyen est aujourd\u2019hui de 85 jours&nbsp;\u00bb, souligne l\u2019Union nationale des ind\u00e9pendants de la conduite.<\/p>\n\n\n\n<p class=\"\">Dans les Hauts-de-Seine, les d\u00e9lais d\u2019attente pour avoir une place \u00e0 l\u2019examen ont pu atteindre six \u00e0 huit mois, selon un repr\u00e9sentant des auto-\u00e9coles.<\/p>\n\n\n\n<p class=\"\">Le manque d\u2019examinateurs est criant dans certains d\u00e9partements, et le taux de r\u00e9ussite qui a plafonn\u00e9 \u00e0 55,9% en 2023 implique plusieurs passages pour de nombreux candidats.<\/p>\n\n\n\n<p class=\"\">\u00ab&nbsp;Le manque d\u2019inspecteurs et donc le nombre global de places d\u2019examen restent dramatiquement insuffisants face \u00e0 la hausse du nombre d\u2019inscriptions au permis de conduire (+16,7% en cinq ans)&nbsp;\u00bb, notamment en raison de l\u2019ouverture du permis aux jeunes de 17 ans en 2024, explique l\u2019Unic.<\/p>\n\n\n\n<p class=\"\">Les auto-\u00e9coles traditionnelles demandent de passer de 20 \u00e0 28 heures de conduite exigibles avant l\u2019examen, afin d\u2019am\u00e9liorer les taux de r\u00e9ussite. Elles r\u00e9clament \u00e9galement le recrutement d\u2019au moins 150 inspecteurs du permis.<\/p>\n","protected":false},"excerpt":{"rendered":"<p>Les organisations professionnelles des auto-\u00e9coles et le syndicat majoritaire des inspecteurs du permis de conduire (Snica-FO) appellent \u00e0 la gr\u00e8ve et \u00e0 une manifestation le 29 septembre, pour protester contre les d\u00e9lais avant de passer l\u2019examen, a annonc\u00e9 l\u2019une de ces organisations lundi. Attente \u00e0 rallonge, co\u00fbt du permis qui \u00ab&nbsp;explose&nbsp;\u00bb et \u00ab&nbsp;tensions croissantes&nbsp;\u00bb avec [&hellip;]<\/p>\n","protected":false},"author":2,"featured_media":38229,"comment_status":"open","ping_status":"open","sticky":false,"template":"","format":"standard","meta":{"_jetpack_memberships_contains_paid_content":false,"footnotes":"","jetpack_publicize_message":"","jetpack_publicize_feature_enabled":true,"jetpack_social_post_already_shared":true,"jetpack_social_options":{"image_generator_settings":{"template":"highway","default_image_id":0,"font":"","enabled":true,"token":"eyJpbWciOiJodHRwczpcL1wvd3d3LmljZWFnZXR2LmNvbVwvcmFkaW9zaXRlXC93cC1jb250ZW50XC91cGxvYWRzXC8yMDI1XC8wOVwvZ09wTFQ0bHQuanBnIiwidHh0IjoiTGVzIG9yZ2FuaXNhdGlvbnMgcHJvZmVzc2lvbm5lbGxlcyBkZXMgYXV0by1cdTAwZTljb2xlcyBldCBsZSBzeW5kaWNhdCBtYWpvcml0YWlyZSBkZXMgaW5zcGVjdGV1cnMgZHUgcGVybWlzIGRlIGNvbmR1aXJlIGFwcGVsbGVudCBcdTAwZTAgbGEgZ3JcdTAwZTh2ZSBldCBcdTAwZTAgdW5lIG1hbmlmZXN0YXRpb24gbGUgMjkgc2VwdGVtYnJlIHBvdXIgcHJvdGVzdGVyIGNvbnRyZSBsZXMgZFx1MDBlOWxhaXMgYXZhbnQgZGUgcGFzc2VyIGxcdTIwMTlleGFtZW4iLCJ0ZW1wbGF0ZSI6ImhpZ2h3YXkiLCJmb250IjoiIiwiYmxvZ19pZCI6MTExMDE2NDYxfQ.7FC8lzA4fBSjH6erwG7lHgOV63su0jQB6nYNZQ5kVtIMQ"},"version":2},"_wpas_customize_per_network":false},"categories":[405],"tags":[],"class_list":["post-38228","post","type-post","status-publish","format-standard","has-post-thumbnail","hentry","category-actu-france-monde"],"jetpack_publicize_connections":[],"jetpack_featured_media_url":"https:\/\/i0.wp.com\/www.iceagetv.com\/radiosite\/wp-content\/uploads\/2025\/09\/gOpLT4lt.jpg?fit=679%2C293&ssl=1","jetpack_sharing_enabled":true,"_links":{"self":[{"href":"https:\/\/www.iceagetv.com\/radiosite\/wp-json\/wp\/v2\/posts\/38228","targetHints":{"allow":["GET"]}}],"collection":[{"href":"https:\/\/www.iceagetv.com\/radiosite\/wp-json\/wp\/v2\/posts"}],"about":[{"href":"https:\/\/www.iceagetv.com\/radiosite\/wp-json\/wp\/v2\/types\/post"}],"author":[{"embeddable":true,"href":"https:\/\/www.iceagetv.com\/radiosite\/wp-json\/wp\/v2\/users\/2"}],"replies":[{"embeddable":true,"href":"https:\/\/www.iceagetv.com\/radiosite\/wp-json\/wp\/v2\/comments?post=38228"}],"version-history":[{"count":1,"href":"https:\/\/www.iceagetv.com\/radiosite\/wp-json\/wp\/v2\/posts\/38228\/revisions"}],"predecessor-version":[{"id":38230,"href":"https:\/\/www.iceagetv.com\/radiosite\/wp-json\/wp\/v2\/posts\/38228\/revisions\/38230"}],"wp:featuredmedia":[{"embeddable":true,"href":"https:\/\/www.iceagetv.com\/radiosite\/wp-json\/wp\/v2\/media\/38229"}],"wp:attachment":[{"href":"https:\/\/www.iceagetv.com\/radiosite\/wp-json\/wp\/v2\/media?parent=38228"}],"wp:term":[{"taxonomy":"category","embeddable":true,"href":"https:\/\/www.iceagetv.com\/radiosite\/wp-json\/wp\/v2\/categories?post=38228"},{"taxonomy":"post_tag","embeddable":true,"href":"https:\/\/www.iceagetv.com\/radiosite\/wp-json\/wp\/v2\/tags?post=38228"}],"curies":[{"name":"wp","href":"https:\/\/api.w.org\/{rel}","templated":true}]}}