{"id":38250,"date":"2025-09-17T15:13:10","date_gmt":"2025-09-17T13:13:10","guid":{"rendered":"https:\/\/www.iceagetv.com\/radiosite\/?p=38250"},"modified":"2025-09-17T15:13:15","modified_gmt":"2025-09-17T13:13:15","slug":"lespagne-prete-a-boycotter-le-mondial-2026-en-cas-de-qualification-disrael","status":"publish","type":"post","link":"https:\/\/www.iceagetv.com\/radiosite\/lespagne-prete-a-boycotter-le-mondial-2026-en-cas-de-qualification-disrael\/","title":{"rendered":"L&rsquo;Espagne pr\u00eate \u00e0 boycotter le Mondial 2026 en cas de qualification d&rsquo;Isra\u00ebl\u00a0?"},"content":{"rendered":"\n<p class=\"\">Le porte-parole du gouvernement espagnol Patxi Lopez a laiss\u00e9 entendre que l&rsquo;Espagne pourrait boycotter le Mondial 2026 de football si Isra\u00ebl se qualifie.Particuli\u00e8rement engag\u00e9 pour la cause palestinienne, le gouvernement espagnol a\u00a0<a href=\"https:\/\/www.lequipe.fr\/Cyclisme-sur-route\/Actualites\/-c-est-une-protestation-legitime-le-parti-socialiste-espagnol-nie-la-dimension-violente-des-manifestations-en-marge-de-la-vuelta\/1591994\" target=\"_blank\" rel=\"noreferrer noopener\">notamment soutenu les manifestations<\/a>\u00a0contre la participation d&rsquo;Israel-Premier Tech \u00e0 la derni\u00e8re Vuelta. Le premier ministre socialiste Pedro Sanchez et ses ministres souhaitent que les \u00e9quipes isra\u00e9liennes soient exclues des comp\u00e9titions sportives, sur le m\u00eame mod\u00e8le que les \u00e9quipes russes, interdites de participer depuis l&rsquo;invasion de l&rsquo;Ukraine en f\u00e9vrier 2022.En ce sens, le porte-parole du Parti socialiste au Congr\u00e8s des d\u00e9put\u00e9s Patxi Lopez a laiss\u00e9 entendre que la Roja pourrait boycotter la Coupe du monde 2026 aux \u00c9tats-Unis, au Canada et au Mexique en cas de qualification d&rsquo;Isra\u00ebl<em>. \u00ab\u00a0On verra en temps voulu\u00a0\u00bb<\/em>, a indiqu\u00e9 l&rsquo;homme politique basque ce mardi. Une mani\u00e8re de faire pression sur les instances, alors que la s\u00e9lection isra\u00e9lienne\u00a0<a href=\"https:\/\/www.lequipe.fr\/Football\/qualif-cm-europe\/page-calendrier-resultats\/groupe-i\" target=\"_blank\" rel=\"noreferrer noopener\">est actuellement 3e de son groupe de qualifications<\/a>, \u00e0 \u00e9galit\u00e9 avec l&rsquo;Italie, 2e (9 points tous les deux) et reste en lice pour une qualification en barrages.Dans la m\u00eame lign\u00e9e, l&rsquo;Espagne a aussi marqu\u00e9 son intention de boycotter la prochaine \u00e9dition de l&rsquo;Eurovision si Isra\u00ebl n&rsquo;en est pas exclue, embo\u00eetant ainsi le pas de l&rsquo;Irlande, l&rsquo;Islande, la Slov\u00e9nie et des Pays-Bas.<\/p>\n","protected":false},"excerpt":{"rendered":"<p>Le porte-parole du gouvernement espagnol Patxi Lopez a laiss\u00e9 entendre que l&rsquo;Espagne pourrait boycotter le Mondial 2026 de football si Isra\u00ebl se qualifie.Particuli\u00e8rement engag\u00e9 pour la cause palestinienne, le gouvernement espagnol a\u00a0notamment soutenu les manifestations\u00a0contre la participation d&rsquo;Israel-Premier Tech \u00e0 la derni\u00e8re Vuelta. Le premier ministre socialiste Pedro Sanchez et ses ministres souhaitent que les [&hellip;]<\/p>\n","protected":false},"author":2,"featured_media":38251,"comment_status":"open","ping_status":"open","sticky":false,"template":"","format":"standard","meta":{"_jetpack_memberships_contains_paid_content":false,"footnotes":"","jetpack_publicize_message":"","jetpack_publicize_feature_enabled":true,"jetpack_social_post_already_shared":true,"jetpack_social_options":{"image_generator_settings":{"template":"highway","default_image_id":0,"font":"","enabled":true,"token":"eyJpbWciOiJodHRwczpcL1wvd3d3LmljZWFnZXR2LmNvbVwvcmFkaW9zaXRlXC93cC1jb250ZW50XC91cGxvYWRzXC8yMDI1XC8wOVwvTEVzcGFnbmUtcHJldGUtYS1ib3ljb3R0ZXItbGUtTW9uZGlhbC0yMDI2LWVuLWNhcy1kZS1xdWFsaWZpY2F0aW9uLWRJc3JhZWwuanBnIiwidHh0IjoiTCYjODIxNztFc3BhZ25lIHByXHUwMGVhdGUgXHUwMGUwIGJveWNvdHRlciBsZSBNb25kaWFsIDIwMjYgZW4gY2FzIGRlIHF1YWxpZmljYXRpb24gZCYjODIxNztJc3JhXHUwMGVibFx1MDBhMD8iLCJ0ZW1wbGF0ZSI6ImhpZ2h3YXkiLCJmb250IjoiIiwiYmxvZ19pZCI6MTExMDE2NDYxfQ.UPDCVHCcgxsurlqIPbXgpYKy_qsHbTWVRN3YLCMyiYsMQ"},"version":2},"_wpas_customize_per_network":false},"categories":[18],"tags":[],"class_list":["post-38250","post","type-post","status-publish","format-standard","has-post-thumbnail","hentry","category-actu-sport"],"jetpack_publicize_connections":[],"jetpack_featured_media_url":"https:\/\/i0.wp.com\/www.iceagetv.com\/radiosite\/wp-content\/uploads\/2025\/09\/LEspagne-prete-a-boycotter-le-Mondial-2026-en-cas-de-qualification-dIsrael.jpg?fit=607%2C378&ssl=1","jetpack_sharing_enabled":true,"_links":{"self":[{"href":"https:\/\/www.iceagetv.com\/radiosite\/wp-json\/wp\/v2\/posts\/38250","targetHints":{"allow":["GET"]}}],"collection":[{"href":"https:\/\/www.iceagetv.com\/radiosite\/wp-json\/wp\/v2\/posts"}],"about":[{"href":"https:\/\/www.iceagetv.com\/radiosite\/wp-json\/wp\/v2\/types\/post"}],"author":[{"embeddable":true,"href":"https:\/\/www.iceagetv.com\/radiosite\/wp-json\/wp\/v2\/users\/2"}],"replies":[{"embeddable":true,"href":"https:\/\/www.iceagetv.com\/radiosite\/wp-json\/wp\/v2\/comments?post=38250"}],"version-history":[{"count":1,"href":"https:\/\/www.iceagetv.com\/radiosite\/wp-json\/wp\/v2\/posts\/38250\/revisions"}],"predecessor-version":[{"id":38252,"href":"https:\/\/www.iceagetv.com\/radiosite\/wp-json\/wp\/v2\/posts\/38250\/revisions\/38252"}],"wp:featuredmedia":[{"embeddable":true,"href":"https:\/\/www.iceagetv.com\/radiosite\/wp-json\/wp\/v2\/media\/38251"}],"wp:attachment":[{"href":"https:\/\/www.iceagetv.com\/radiosite\/wp-json\/wp\/v2\/media?parent=38250"}],"wp:term":[{"taxonomy":"category","embeddable":true,"href":"https:\/\/www.iceagetv.com\/radiosite\/wp-json\/wp\/v2\/categories?post=38250"},{"taxonomy":"post_tag","embeddable":true,"href":"https:\/\/www.iceagetv.com\/radiosite\/wp-json\/wp\/v2\/tags?post=38250"}],"curies":[{"name":"wp","href":"https:\/\/api.w.org\/{rel}","templated":true}]}}