{"id":38254,"date":"2025-09-17T16:15:28","date_gmt":"2025-09-17T14:15:28","guid":{"rendered":"https:\/\/www.iceagetv.com\/radiosite\/?p=38254"},"modified":"2025-09-17T16:15:32","modified_gmt":"2025-09-17T14:15:32","slug":"mobilisation-du-18-septembre-laurent-nunez-le-prefet-de-police-se-dit-tres-inquiet-de-la-presence-de-nombreux-casseurs-a-paris-demain-et-appelle-les-commercants-a-fermer-leurs-boutiques-et","status":"publish","type":"post","link":"https:\/\/www.iceagetv.com\/radiosite\/mobilisation-du-18-septembre-laurent-nunez-le-prefet-de-police-se-dit-tres-inquiet-de-la-presence-de-nombreux-casseurs-a-paris-demain-et-appelle-les-commercants-a-fermer-leurs-boutiques-et\/","title":{"rendered":"Mobilisation du 18 septembre: Laurent Nu\u00f1ez, le pr\u00e9fet de police, se dit \u00ab\u00a0tr\u00e8s inquiet\u00a0\u00bb de la pr\u00e9sence de nombreux casseurs \u00e0 Paris demain, et appelle les commer\u00e7ants \u00ab\u00a0\u00e0 fermer leurs boutiques\u00a0\u00bb et mettre en place \u00ab\u00a0des protections de leurs devantures\u00a0\u00bb"},"content":{"rendered":"\n<p class=\"\">Laurent Nu\u00f1ez, le pr\u00e9fet de police se dit \u00ab\u00a0tr\u00e8s inquiet\u00a0\u00bb de la pr\u00e9sence de nombreux casseurs \u00e0 Paris demain.<\/p>\n\n\n\n<p class=\"\">Expliquant avoir des renseignements sur la volont\u00e9 de plusieurs centaines voire milliers de radicaux de s\u2019infiltrer dans le cort\u00e8ge syndical pour&nbsp;\u00aben d\u00e9coudre et casser\u00bb, le pr\u00e9fet appelle les commer\u00e7ants&nbsp;\u00ab\u00e0 fermer leurs boutiques\u00bb&nbsp;et les invite \u00e0 mettre en place&nbsp;\u00abdes protections de leurs devantures\u00bb.<\/p>\n\n\n\n<p class=\"\">Rappelons que selon les estimations des services de renseignements territoriaux, entre 700.000 et 800.000 manifestants devraient se mobiliser dans tout le pays. Et le ministre de l\u2019Int\u00e9rieur d\u00e9missionnaire, Bruno Retailleau, indiquait mercredi attendre \u00abentre 5.000 et 10 000 individus qui viendront pour la bagarre, pour la casse, anim\u00e9s d\u2019une haine anti-flic\u00bb. Plus de 80.000 policiers et gendarmes seront d\u00e9ploy\u00e9s pour y faire face.&nbsp;<\/p>\n","protected":false},"excerpt":{"rendered":"<p>Laurent Nu\u00f1ez, le pr\u00e9fet de police se dit \u00ab\u00a0tr\u00e8s inquiet\u00a0\u00bb de la pr\u00e9sence de nombreux casseurs \u00e0 Paris demain. Expliquant avoir des renseignements sur la volont\u00e9 de plusieurs centaines voire milliers de radicaux de s\u2019infiltrer dans le cort\u00e8ge syndical pour&nbsp;\u00aben d\u00e9coudre et casser\u00bb, le pr\u00e9fet appelle les commer\u00e7ants&nbsp;\u00ab\u00e0 fermer leurs boutiques\u00bb&nbsp;et les invite \u00e0 mettre [&hellip;]<\/p>\n","protected":false},"author":2,"featured_media":38255,"comment_status":"open","ping_status":"open","sticky":false,"template":"","format":"standard","meta":{"_jetpack_memberships_contains_paid_content":false,"footnotes":"","jetpack_publicize_message":"","jetpack_publicize_feature_enabled":true,"jetpack_social_post_already_shared":true,"jetpack_social_options":{"image_generator_settings":{"template":"highway","default_image_id":0,"font":"","enabled":true,"token":"eyJpbWciOiJodHRwczpcL1wvd3d3LmljZWFnZXR2LmNvbVwvcmFkaW9zaXRlXC93cC1jb250ZW50XC91cGxvYWRzXC8yMDI1XC8wOVwvZnBkbkhLdnUuanBnIiwidHh0IjoiTW9iaWxpc2F0aW9uIGR1IDE4IHNlcHRlbWJyZTogTGF1cmVudCBOdVx1MDBmMWV6LCBsZSBwclx1MDBlOWZldCBkZSBwb2xpY2UsIHNlIGRpdCAmIzgyMjA7dHJcdTAwZThzIGlucXVpZXQmIzgyMjE7IGRlIGxhIHByXHUwMGU5c2VuY2UgZGUgbm9tYnJldXggY2Fzc2V1cnMgXHUwMGUwIFBhcmlzIGRlbWFpbiwgZXQgYXBwZWxsZSBsZXMgY29tbWVyXHUwMGU3YW50cyAmIzgyMjA7XHUwMGUwIGZlcm1lciBsZXVycyBib3V0aXF1ZXMmIzgyMjE7IGV0IG1ldHRyZSBlbiBwbGFjZSAmIzgyMjA7ZGVzIHByb3RlY3Rpb25zIGRlIGxldXJzIGRldmFudHVyZXMmIzgyMjE7IiwidGVtcGxhdGUiOiJoaWdod2F5IiwiZm9udCI6IiIsImJsb2dfaWQiOjExMTAxNjQ2MX0.Oq4izmqfQIWqIEjUYPB0Jdc6y9r-WwKBIAIf9AdZN8MMQ"},"version":2},"_wpas_customize_per_network":false},"categories":[405],"tags":[],"class_list":["post-38254","post","type-post","status-publish","format-standard","has-post-thumbnail","hentry","category-actu-france-monde"],"jetpack_publicize_connections":[],"jetpack_featured_media_url":"https:\/\/i0.wp.com\/www.iceagetv.com\/radiosite\/wp-content\/uploads\/2025\/09\/fpdnHKvu.jpg?fit=679%2C293&ssl=1","jetpack_sharing_enabled":true,"_links":{"self":[{"href":"https:\/\/www.iceagetv.com\/radiosite\/wp-json\/wp\/v2\/posts\/38254","targetHints":{"allow":["GET"]}}],"collection":[{"href":"https:\/\/www.iceagetv.com\/radiosite\/wp-json\/wp\/v2\/posts"}],"about":[{"href":"https:\/\/www.iceagetv.com\/radiosite\/wp-json\/wp\/v2\/types\/post"}],"author":[{"embeddable":true,"href":"https:\/\/www.iceagetv.com\/radiosite\/wp-json\/wp\/v2\/users\/2"}],"replies":[{"embeddable":true,"href":"https:\/\/www.iceagetv.com\/radiosite\/wp-json\/wp\/v2\/comments?post=38254"}],"version-history":[{"count":1,"href":"https:\/\/www.iceagetv.com\/radiosite\/wp-json\/wp\/v2\/posts\/38254\/revisions"}],"predecessor-version":[{"id":38256,"href":"https:\/\/www.iceagetv.com\/radiosite\/wp-json\/wp\/v2\/posts\/38254\/revisions\/38256"}],"wp:featuredmedia":[{"embeddable":true,"href":"https:\/\/www.iceagetv.com\/radiosite\/wp-json\/wp\/v2\/media\/38255"}],"wp:attachment":[{"href":"https:\/\/www.iceagetv.com\/radiosite\/wp-json\/wp\/v2\/media?parent=38254"}],"wp:term":[{"taxonomy":"category","embeddable":true,"href":"https:\/\/www.iceagetv.com\/radiosite\/wp-json\/wp\/v2\/categories?post=38254"},{"taxonomy":"post_tag","embeddable":true,"href":"https:\/\/www.iceagetv.com\/radiosite\/wp-json\/wp\/v2\/tags?post=38254"}],"curies":[{"name":"wp","href":"https:\/\/api.w.org\/{rel}","templated":true}]}}