{"id":38279,"date":"2025-09-18T18:00:46","date_gmt":"2025-09-18T16:00:46","guid":{"rendered":"https:\/\/www.iceagetv.com\/radiosite\/?p=38279"},"modified":"2025-09-18T18:00:50","modified_gmt":"2025-09-18T16:00:50","slug":"un-journaliste-de-france-televisions-blesse-a-lyon-en-marge-de-heurts-entre-la-police-et-des-manifestants","status":"publish","type":"post","link":"https:\/\/www.iceagetv.com\/radiosite\/un-journaliste-de-france-televisions-blesse-a-lyon-en-marge-de-heurts-entre-la-police-et-des-manifestants\/","title":{"rendered":"Un journaliste de France T\u00e9l\u00e9visions bless\u00e9 \u00e0 Lyon en marge de heurts entre la police et des manifestants"},"content":{"rendered":"\n<p class=\"\">Nous ne savons pas s&rsquo;il s&rsquo;agit d&rsquo;un tir de mortier [d&rsquo;artifice] ou d&rsquo;une grenade [des forces de l&rsquo;ordre]\u00a0\u00bb, a expliqu\u00e9 le groupe audiovisuel.Un journaliste de France T\u00e9l\u00e9visions a \u00e9t\u00e9 bless\u00e9 \u00e0 Lyon, jeudi 18 septembre, lors de heurts entre forces de l&rsquo;ordre et un groupe de jeunes\u00a0<a href=\"https:\/\/www.franceinfo.fr\/economie\/greve\/greve\/on-promet-quel-avenir-aux-jeunes-les-etudiants-se-joignent-a-la-mobilisation-du-18-septembre_7499512.html\">en marge de la manifestation du jour<\/a>. L&rsquo;incident s&rsquo;est produit vers 12h30, alors que les forces de l&rsquo;ordre venaient de faire usage de gaz lacrymog\u00e8ne et de grenades de d\u00e9sencerclement pour r\u00e9pondre \u00e0 des jets de projectiles venant de manifestants masqu\u00e9s en t\u00eate du cort\u00e8ge.<em>J<\/em><em>&lsquo;ai entendu une explosion derri\u00e8re moi, j&rsquo;ai vu un nuage de fum\u00e9e. En filmant la sc\u00e8ne, je me suis rendu compte que c&rsquo;\u00e9tait mon coll\u00e8gue qui \u00e9tait \u00e0 terre\u00a0\u00bb,<\/em>&nbsp;explique \u00e0 franceinfo un journaliste reporter d&rsquo;images qui l&rsquo;accompagnait au moment des faits.<em>&nbsp;<\/em><em>\u00ab\u00a0Un projectile s&rsquo;est pos\u00e9 sur son sac et a explos\u00e9, \u00e7a a travers\u00e9 le sac et il a \u00e9t\u00e9&nbsp;bless\u00e9 au dos\u00a0\u00bb<\/em>, d\u00e9taille-t-il.<\/p>\n\n\n\n<h2 class=\"wp-block-heading\">Deux policiers bless\u00e9s<\/h2>\n\n\n\n<p class=\"\"><em>\u00ab\u00a0Nous ne savons pas s&rsquo;il s&rsquo;agit d&rsquo;un tir de mortier&nbsp;<\/em>[d&rsquo;artifice]&nbsp;<em>ou d&rsquo;une grenade&nbsp;<\/em>[des forces de l&rsquo;ordre]<em>\u00ab\u00a0<\/em>, a par ailleurs expliqu\u00e9 France&nbsp;T\u00e9l\u00e9visions.<em>&nbsp;\u00ab\u00a0Il a des br\u00fblures superficielles et des acouph\u00e8nes. Il est amen\u00e9 \u00e0 l&rsquo;h\u00f4pital\u00a0\u00bb<\/em>, explique le groupe audiovisuel.&nbsp;<em>\u00ab\u00a0J&rsquo;ai le sentiment que \u00e7a aurait pu \u00eatre beaucoup plus grave, je n&rsquo;ose m\u00eame pas imaginer les cons\u00e9quences si le projectile avait touch\u00e9 son visage\u00a0\u00bb,&nbsp;<\/em>s&rsquo;\u00e9meut son coll\u00e8gue, joint quelques heures apr\u00e8s l&rsquo;incident.<\/p>\n\n\n\n<p class=\"\">D&rsquo;apr\u00e8s la pr\u00e9fecture, il y a eu de&nbsp;<em>\u00ab\u00a0tr\u00e8s nombreux jets de projectiles et tirs de mortiers&nbsp;<\/em>[d&rsquo;artifice]&nbsp;<em>sur les forces de l&rsquo;ordre\u00a0\u00bb,<\/em>&nbsp;r\u00e9alis\u00e9s depuis&nbsp;<em>\u00ab\u00a0le pr\u00e9cort\u00e8ge compos\u00e9 de nombreux individus \u00e0 risque qui emp\u00each(aient)<\/em>&nbsp;<em>les syndicats d&rsquo;avancer\u00a0\u00bb.&nbsp;<\/em>Deux policiers ont par ailleurs \u00e9t\u00e9 bless\u00e9s, dont l&rsquo;un a<em>&nbsp;\u00ab\u00a0perdu une dent\u00a0\u00bb,&nbsp;<\/em>\u00e0 la suite d&rsquo;un de ces jets de projectile, toujours selon la pr\u00e9fecture.<\/p>\n\n\n\n<p class=\"\">Le cort\u00e8ge a ensuite repris sa marche peu apr\u00e8s 13&nbsp;heures, jusqu&rsquo;\u00e0 l&rsquo;arriv\u00e9e de la manifestation place Bellecour. En fin de manifestation, la pr\u00e9fecture a d\u00e9clar\u00e9 que trois personnes ont \u00e9t\u00e9 interpell\u00e9es pour&nbsp;<em>\u00ab\u00a0des jets de projectiles ou tentatives de blocages\u00a0\u00bb.<\/em><\/p>\n\n\n\n<p class=\"\"><\/p>\n","protected":false},"excerpt":{"rendered":"<p>Nous ne savons pas s&rsquo;il s&rsquo;agit d&rsquo;un tir de mortier [d&rsquo;artifice] ou d&rsquo;une grenade [des forces de l&rsquo;ordre]\u00a0\u00bb, a expliqu\u00e9 le groupe audiovisuel.Un journaliste de France T\u00e9l\u00e9visions a \u00e9t\u00e9 bless\u00e9 \u00e0 Lyon, jeudi 18 septembre, lors de heurts entre forces de l&rsquo;ordre et un groupe de jeunes\u00a0en marge de la manifestation du jour. L&rsquo;incident s&rsquo;est [&hellip;]<\/p>\n","protected":false},"author":2,"featured_media":38280,"comment_status":"open","ping_status":"open","sticky":false,"template":"","format":"standard","meta":{"_jetpack_memberships_contains_paid_content":false,"footnotes":"","jetpack_publicize_message":"","jetpack_publicize_feature_enabled":true,"jetpack_social_post_already_shared":true,"jetpack_social_options":{"image_generator_settings":{"template":"highway","default_image_id":0,"font":"","enabled":true,"token":"eyJpbWciOiJodHRwczpcL1wvd3d3LmljZWFnZXR2LmNvbVwvcmFkaW9zaXRlXC93cC1jb250ZW50XC91cGxvYWRzXC8yMDI1XC8wOVwvVW4tam91cm5hbGlzdGUtZGUtRnJhbmNlLVRlbGV2aXNpb25zLWJsZXNzZS1hLUx5b24tZW4tbWFyZ2UtZGUtaGV1cnRzLWVudHJlLWxhLXBvbGljZS1ldC1kZXMtbWFuaWZlc3RhbnRzLmpwZyIsInR4dCI6IlVuIGpvdXJuYWxpc3RlIGRlIEZyYW5jZSBUXHUwMGU5bFx1MDBlOXZpc2lvbnMgYmxlc3NcdTAwZTkgXHUwMGUwIEx5b24gZW4gbWFyZ2UgZGUgaGV1cnRzIGVudHJlIGxhIHBvbGljZSBldCBkZXMgbWFuaWZlc3RhbnRzIiwidGVtcGxhdGUiOiJoaWdod2F5IiwiZm9udCI6IiIsImJsb2dfaWQiOjExMTAxNjQ2MX0.vw0eQDGoo5t1kOQ2cB3KALW9PlCD2PEgN7iWwg64F_MMQ"},"version":2},"_wpas_customize_per_network":false},"categories":[405],"tags":[],"class_list":["post-38279","post","type-post","status-publish","format-standard","has-post-thumbnail","hentry","category-actu-france-monde"],"jetpack_publicize_connections":[],"jetpack_featured_media_url":"https:\/\/i0.wp.com\/www.iceagetv.com\/radiosite\/wp-content\/uploads\/2025\/09\/Un-journaliste-de-France-Televisions-blesse-a-Lyon-en-marge-de-heurts-entre-la-police-et-des-manifestants.jpg?fit=816%2C405&ssl=1","jetpack_sharing_enabled":true,"_links":{"self":[{"href":"https:\/\/www.iceagetv.com\/radiosite\/wp-json\/wp\/v2\/posts\/38279","targetHints":{"allow":["GET"]}}],"collection":[{"href":"https:\/\/www.iceagetv.com\/radiosite\/wp-json\/wp\/v2\/posts"}],"about":[{"href":"https:\/\/www.iceagetv.com\/radiosite\/wp-json\/wp\/v2\/types\/post"}],"author":[{"embeddable":true,"href":"https:\/\/www.iceagetv.com\/radiosite\/wp-json\/wp\/v2\/users\/2"}],"replies":[{"embeddable":true,"href":"https:\/\/www.iceagetv.com\/radiosite\/wp-json\/wp\/v2\/comments?post=38279"}],"version-history":[{"count":1,"href":"https:\/\/www.iceagetv.com\/radiosite\/wp-json\/wp\/v2\/posts\/38279\/revisions"}],"predecessor-version":[{"id":38281,"href":"https:\/\/www.iceagetv.com\/radiosite\/wp-json\/wp\/v2\/posts\/38279\/revisions\/38281"}],"wp:featuredmedia":[{"embeddable":true,"href":"https:\/\/www.iceagetv.com\/radiosite\/wp-json\/wp\/v2\/media\/38280"}],"wp:attachment":[{"href":"https:\/\/www.iceagetv.com\/radiosite\/wp-json\/wp\/v2\/media?parent=38279"}],"wp:term":[{"taxonomy":"category","embeddable":true,"href":"https:\/\/www.iceagetv.com\/radiosite\/wp-json\/wp\/v2\/categories?post=38279"},{"taxonomy":"post_tag","embeddable":true,"href":"https:\/\/www.iceagetv.com\/radiosite\/wp-json\/wp\/v2\/tags?post=38279"}],"curies":[{"name":"wp","href":"https:\/\/api.w.org\/{rel}","templated":true}]}}