{"id":38292,"date":"2025-09-19T08:18:54","date_gmt":"2025-09-19T06:18:54","guid":{"rendered":"https:\/\/www.iceagetv.com\/radiosite\/?p=38292"},"modified":"2025-09-19T08:18:58","modified_gmt":"2025-09-19T06:18:58","slug":"le-dirigeant-nord-coreen-kim-jong-un-a-assiste-a-lessai-de-drones-dattaque-et-appele-au-developpement-de-lia","status":"publish","type":"post","link":"https:\/\/www.iceagetv.com\/radiosite\/le-dirigeant-nord-coreen-kim-jong-un-a-assiste-a-lessai-de-drones-dattaque-et-appele-au-developpement-de-lia\/","title":{"rendered":"Le dirigeant nord-cor\u00e9en Kim Jong Un a assist\u00e9 \u00e0 l&rsquo;essai de drones d&rsquo;attaque et appel\u00e9 au d\u00e9veloppement de l&rsquo;IA"},"content":{"rendered":"\n<p class=\"\">Les drones constituent \u00ab\u00a0un atout militaire majeur\u00a0\u00bb et une \u00ab\u00a0t\u00e2che prioritaire\u00a0\u00bb dans le cadre de la modernisation de l&rsquo;arm\u00e9e nord-cor\u00e9enne, a affirm\u00e9 Kim Jong Un.Le num\u00e9ro un nord-cor\u00e9en, Kim Jong Un, a supervis\u00e9 un essai in\u00e9dit de drones de combat, a rapport\u00e9 un m\u00e9dia d&rsquo;Etat. Sur des photos diffus\u00e9es vendredi 19 septembre par l&rsquo;agence officielle KCNA, un drone de grande taille d\u00e9colle, puis d\u00e9truit une cible. Cet essai&nbsp;<em>\u00ab\u00a0a clairement montr\u00e9\u00a0\u00bb&nbsp;<\/em>l&rsquo;<em>\u00ab\u00a0excellente efficacit\u00e9 au combat des drones d&rsquo;attaque tactique\u00a0\u00bb<\/em>&nbsp;de Pyongyang, a affirm\u00e9 cette source. Des engins qui, pour Kim Jong Un, constituen<em>t \u00ab\u00a0un atout militaire majeur\u00a0\u00bb&nbsp;<\/em>et une&nbsp;<em>\u00ab\u00a0t\u00e2che prioritaire\u00a0\u00bb&nbsp;<\/em>dans le cadre de la modernisation de l&rsquo;arm\u00e9e nord-cor\u00e9enne.<\/p>\n\n\n\n<p class=\"\">Le dirigeant nord-cor\u00e9en a \u00e9galement encourag\u00e9 les recherches visant \u00e0 utiliser l&rsquo;intelligence artificielle \u00e0 des fins militaires, appelant \u00e0<em>&nbsp;\u00ab\u00a0d\u00e9velopper<\/em>&nbsp;rapidement\u00a0\u00bb cette technologie \u00ab\u00a0<em>et \u00e0 \u00e9tendre et renforcer la capacit\u00e9 de production en s\u00e9rie de drones\u00a0\u00bb<\/em>, souligne KCNA.<\/p>\n\n\n\n<p class=\"\">Des experts estiment que cette \u00e9volution de l&rsquo;arsenal nord-cor\u00e9en est sans doute li\u00e9e \u00e0&nbsp;<a href=\"https:\/\/www.franceinfo.fr\/monde\/russie\/vladimir-poutine-et-kim-jong-un-s-engagent-a-renforcer-la-cooperation-entre-la-russie-et-la-coree-du-nord_7433293.html\">la coop\u00e9ration militaire avec la Russie<\/a>, illustr\u00e9e par l&rsquo;envoi de troupes nord-cor\u00e9ennes aux c\u00f4t\u00e9s des forces russes en guerre contre l&rsquo;Ukraine.<\/p>\n","protected":false},"excerpt":{"rendered":"<p>Les drones constituent \u00ab\u00a0un atout militaire majeur\u00a0\u00bb et une \u00ab\u00a0t\u00e2che prioritaire\u00a0\u00bb dans le cadre de la modernisation de l&rsquo;arm\u00e9e nord-cor\u00e9enne, a affirm\u00e9 Kim Jong Un.Le num\u00e9ro un nord-cor\u00e9en, Kim Jong Un, a supervis\u00e9 un essai in\u00e9dit de drones de combat, a rapport\u00e9 un m\u00e9dia d&rsquo;Etat. Sur des photos diffus\u00e9es vendredi 19 septembre par l&rsquo;agence officielle [&hellip;]<\/p>\n","protected":false},"author":2,"featured_media":38294,"comment_status":"open","ping_status":"open","sticky":false,"template":"","format":"standard","meta":{"_jetpack_memberships_contains_paid_content":false,"footnotes":"","jetpack_publicize_message":"","jetpack_publicize_feature_enabled":true,"jetpack_social_post_already_shared":true,"jetpack_social_options":{"image_generator_settings":{"template":"highway","default_image_id":0,"font":"","enabled":true,"token":"eyJpbWciOiJodHRwczpcL1wvd3d3LmljZWFnZXR2LmNvbVwvcmFkaW9zaXRlXC93cC1jb250ZW50XC91cGxvYWRzXC8yMDI1XC8wOVwvTGUtZGlyaWdlYW50LW5vcmQtY29yZWVuLUtpbS1Kb25nLVVuLWEtYXNzaXN0ZS1hLWxlc3NhaS1kZS1kcm9uZXMtZGF0dGFxdWUtZXQtYXBwZWxlLWF1LWRldmVsb3BwZW1lbnQtZGUtbElBLmpwZyIsInR4dCI6IkxlIGRpcmlnZWFudCBub3JkLWNvclx1MDBlOWVuIEtpbSBKb25nIFVuIGEgYXNzaXN0XHUwMGU5IFx1MDBlMCBsJiM4MjE3O2Vzc2FpIGRlIGRyb25lcyBkJiM4MjE3O2F0dGFxdWUgZXQgYXBwZWxcdTAwZTkgYXUgZFx1MDBlOXZlbG9wcGVtZW50IGRlIGwmIzgyMTc7SUEiLCJ0ZW1wbGF0ZSI6ImhpZ2h3YXkiLCJmb250IjoiIiwiYmxvZ19pZCI6MTExMDE2NDYxfQ.WEcrVEY6ZcUNOI6pd4_al5H71sXMMd7M1faPSeQooN8MQ"},"version":2},"_wpas_customize_per_network":false},"categories":[405],"tags":[],"class_list":["post-38292","post","type-post","status-publish","format-standard","has-post-thumbnail","hentry","category-actu-france-monde"],"jetpack_publicize_connections":[],"jetpack_featured_media_url":"https:\/\/i0.wp.com\/www.iceagetv.com\/radiosite\/wp-content\/uploads\/2025\/09\/Le-dirigeant-nord-coreen-Kim-Jong-Un-a-assiste-a-lessai-de-drones-dattaque-et-appele-au-developpement-de-lIA.jpg?fit=842%2C417&ssl=1","jetpack_sharing_enabled":true,"_links":{"self":[{"href":"https:\/\/www.iceagetv.com\/radiosite\/wp-json\/wp\/v2\/posts\/38292","targetHints":{"allow":["GET"]}}],"collection":[{"href":"https:\/\/www.iceagetv.com\/radiosite\/wp-json\/wp\/v2\/posts"}],"about":[{"href":"https:\/\/www.iceagetv.com\/radiosite\/wp-json\/wp\/v2\/types\/post"}],"author":[{"embeddable":true,"href":"https:\/\/www.iceagetv.com\/radiosite\/wp-json\/wp\/v2\/users\/2"}],"replies":[{"embeddable":true,"href":"https:\/\/www.iceagetv.com\/radiosite\/wp-json\/wp\/v2\/comments?post=38292"}],"version-history":[{"count":1,"href":"https:\/\/www.iceagetv.com\/radiosite\/wp-json\/wp\/v2\/posts\/38292\/revisions"}],"predecessor-version":[{"id":38295,"href":"https:\/\/www.iceagetv.com\/radiosite\/wp-json\/wp\/v2\/posts\/38292\/revisions\/38295"}],"wp:featuredmedia":[{"embeddable":true,"href":"https:\/\/www.iceagetv.com\/radiosite\/wp-json\/wp\/v2\/media\/38294"}],"wp:attachment":[{"href":"https:\/\/www.iceagetv.com\/radiosite\/wp-json\/wp\/v2\/media?parent=38292"}],"wp:term":[{"taxonomy":"category","embeddable":true,"href":"https:\/\/www.iceagetv.com\/radiosite\/wp-json\/wp\/v2\/categories?post=38292"},{"taxonomy":"post_tag","embeddable":true,"href":"https:\/\/www.iceagetv.com\/radiosite\/wp-json\/wp\/v2\/tags?post=38292"}],"curies":[{"name":"wp","href":"https:\/\/api.w.org\/{rel}","templated":true}]}}