{"id":38318,"date":"2025-09-20T08:03:19","date_gmt":"2025-09-20T06:03:19","guid":{"rendered":"https:\/\/www.iceagetv.com\/radiosite\/?p=38318"},"modified":"2025-09-20T08:03:22","modified_gmt":"2025-09-20T06:03:22","slug":"epernay-deux-agents-de-police-ont-ete-blesses-a-la-tete-par-une-personne-placee-en-garde-a-vue-qui-les-a-attaques-au-sein-meme-du-commissariat","status":"publish","type":"post","link":"https:\/\/www.iceagetv.com\/radiosite\/epernay-deux-agents-de-police-ont-ete-blesses-a-la-tete-par-une-personne-placee-en-garde-a-vue-qui-les-a-attaques-au-sein-meme-du-commissariat\/","title":{"rendered":"\u00c9pernay : Deux agents de police ont \u00e9t\u00e9 bless\u00e9s \u00e0 la t\u00eate par une personne plac\u00e9e en garde \u00e0 vue qui les a attaqu\u00e9s au sein m\u00eame du commissariat"},"content":{"rendered":"\n<p class=\"\">Deux agents de police ont \u00e9t\u00e9 bless\u00e9s \u00e0 la t\u00eate par une personne plac\u00e9e en garde \u00e0 vue qui les a attaqu\u00e9s au commissariat d\u2019\u00c9pernay. Selon les informations relay\u00e9es par le journal L\u2019Union ce vendredi, les faits se sont d\u00e9roul\u00e9s en fin d\u2019apr\u00e8s-midi. Ayant appris la prolongation de sa garde \u00e0 vue, l\u2019agresseur aurait jet\u00e9 une chaise sur l\u2019un des agents, le blessant au cr\u00e2ne.<\/p>\n\n\n\n<p class=\"\">En tentant de s\u2019interposer, son coll\u00e8gue a \u00e9t\u00e9 bless\u00e9 au genou.<\/p>\n\n\n\n<p class=\"\">Les forces de l\u2019ordre ont imm\u00e9diatement pris les mesures n\u00e9cessaires : une enqu\u00eate est en cours pour \u00e9clairer les circonstances exactes des blessures.<\/p>\n\n\n\n<p class=\"\">&nbsp;Selon \u00c9ric Duchemin, secr\u00e9taire d\u00e9partemental du syndicat Un1t\u00e9 police:&nbsp;<\/p>\n\n\n\n<p class=\"\">\u00ab\u00a0Cette agression montre une nouvelle fois les cons\u00e9quences du manque d\u2019effectif au commissariat d\u2019\u00c9pernay, que nous d\u00e9non\u00e7ons depuis des mois et des mois. Ils ne sont pas assez nombreux pour \u00eatre en s\u00e9curit\u00e9 d\u00e8s qu\u2019il y a deux grosses missions \u00e0 g\u00e9rer en m\u00eame temps<\/p>\n\n\n\n<p class=\"\">Les agressions dont nous sommes victimes sont quotidiennes. Celle-ci montre que des individus n\u2019ont plus peur de nous agresser m\u00eame \u00e0 l\u2019int\u00e9rieur d\u2019un commissariat. Face \u00e0 de tels actes, il faut des r\u00e9ponses judiciaires fortes. Il faut faire \u00e9voluer les lois pour mettre fin au sentiment d\u2019impunit\u00e9 des agresseurs, mais avec l\u2019instabilit\u00e9 politique qui r\u00e8gne aujourd\u2019hui en France, c\u2019est compliqu\u00e9.&nbsp;<\/p>\n\n\n\n<p class=\"\">Une proc\u00e9dure judiciaire devrait aussi \u00eatre engag\u00e9e afin d\u2019\u00e9tablir les responsabilit\u00e9s.<\/p>\n","protected":false},"excerpt":{"rendered":"<p>Deux agents de police ont \u00e9t\u00e9 bless\u00e9s \u00e0 la t\u00eate par une personne plac\u00e9e en garde \u00e0 vue qui les a attaqu\u00e9s au commissariat d\u2019\u00c9pernay. Selon les informations relay\u00e9es par le journal L\u2019Union ce vendredi, les faits se sont d\u00e9roul\u00e9s en fin d\u2019apr\u00e8s-midi. Ayant appris la prolongation de sa garde \u00e0 vue, l\u2019agresseur aurait jet\u00e9 [&hellip;]<\/p>\n","protected":false},"author":2,"featured_media":38319,"comment_status":"open","ping_status":"open","sticky":false,"template":"","format":"standard","meta":{"_jetpack_memberships_contains_paid_content":false,"footnotes":"","jetpack_publicize_message":"","jetpack_publicize_feature_enabled":true,"jetpack_social_post_already_shared":true,"jetpack_social_options":{"image_generator_settings":{"template":"highway","default_image_id":0,"font":"","enabled":true,"token":"eyJpbWciOiJodHRwczpcL1wvd3d3LmljZWFnZXR2LmNvbVwvcmFkaW9zaXRlXC93cC1jb250ZW50XC91cGxvYWRzXC8yMDI1XC8wOVwvMW1iUlpqMUkuanBnIiwidHh0IjoiXHUwMGM5cGVybmF5IDogRGV1eCBhZ2VudHMgZGUgcG9saWNlIG9udCBcdTAwZTl0XHUwMGU5IGJsZXNzXHUwMGU5cyBcdTAwZTAgbGEgdFx1MDBlYXRlIHBhciB1bmUgcGVyc29ubmUgcGxhY1x1MDBlOWUgZW4gZ2FyZGUgXHUwMGUwIHZ1ZSBxdWkgbGVzIGEgYXR0YXF1XHUwMGU5cyBhdSBzZWluIG1cdTAwZWFtZSBkdSBjb21taXNzYXJpYXQiLCJ0ZW1wbGF0ZSI6ImhpZ2h3YXkiLCJmb250IjoiIiwiYmxvZ19pZCI6MTExMDE2NDYxfQ.4FX__g4zs0MUpFKpjTsdEu6LIc8ZoAEzn9v94qeQeD0MQ"},"version":2},"_wpas_customize_per_network":false},"categories":[405],"tags":[],"class_list":["post-38318","post","type-post","status-publish","format-standard","has-post-thumbnail","hentry","category-actu-france-monde"],"jetpack_publicize_connections":[],"jetpack_featured_media_url":"https:\/\/i0.wp.com\/www.iceagetv.com\/radiosite\/wp-content\/uploads\/2025\/09\/1mbRZj1I.jpg?fit=679%2C293&ssl=1","jetpack_sharing_enabled":true,"_links":{"self":[{"href":"https:\/\/www.iceagetv.com\/radiosite\/wp-json\/wp\/v2\/posts\/38318","targetHints":{"allow":["GET"]}}],"collection":[{"href":"https:\/\/www.iceagetv.com\/radiosite\/wp-json\/wp\/v2\/posts"}],"about":[{"href":"https:\/\/www.iceagetv.com\/radiosite\/wp-json\/wp\/v2\/types\/post"}],"author":[{"embeddable":true,"href":"https:\/\/www.iceagetv.com\/radiosite\/wp-json\/wp\/v2\/users\/2"}],"replies":[{"embeddable":true,"href":"https:\/\/www.iceagetv.com\/radiosite\/wp-json\/wp\/v2\/comments?post=38318"}],"version-history":[{"count":1,"href":"https:\/\/www.iceagetv.com\/radiosite\/wp-json\/wp\/v2\/posts\/38318\/revisions"}],"predecessor-version":[{"id":38320,"href":"https:\/\/www.iceagetv.com\/radiosite\/wp-json\/wp\/v2\/posts\/38318\/revisions\/38320"}],"wp:featuredmedia":[{"embeddable":true,"href":"https:\/\/www.iceagetv.com\/radiosite\/wp-json\/wp\/v2\/media\/38319"}],"wp:attachment":[{"href":"https:\/\/www.iceagetv.com\/radiosite\/wp-json\/wp\/v2\/media?parent=38318"}],"wp:term":[{"taxonomy":"category","embeddable":true,"href":"https:\/\/www.iceagetv.com\/radiosite\/wp-json\/wp\/v2\/categories?post=38318"},{"taxonomy":"post_tag","embeddable":true,"href":"https:\/\/www.iceagetv.com\/radiosite\/wp-json\/wp\/v2\/tags?post=38318"}],"curies":[{"name":"wp","href":"https:\/\/api.w.org\/{rel}","templated":true}]}}