{"id":38322,"date":"2025-09-20T10:18:45","date_gmt":"2025-09-20T08:18:45","guid":{"rendered":"https:\/\/www.iceagetv.com\/radiosite\/?p=38322"},"modified":"2025-09-20T10:18:49","modified_gmt":"2025-09-20T08:18:49","slug":"journees-du-patrimoine-2025-cinq-monuments-art-deco-a-ne-pas-manquer-a-loccasion-des-100-ans-du-mouvement-artistique","status":"publish","type":"post","link":"https:\/\/www.iceagetv.com\/radiosite\/journees-du-patrimoine-2025-cinq-monuments-art-deco-a-ne-pas-manquer-a-loccasion-des-100-ans-du-mouvement-artistique\/","title":{"rendered":"Journ\u00e9es du patrimoine 2025 : cinq monuments Art\u00a0d\u00e9co \u00e0 ne pas manquer \u00e0 l&rsquo;occasion des 100\u00a0ans du mouvement artistique"},"content":{"rendered":"\n<p class=\"\">Les Journ\u00e9es europ\u00e9ennes du patrimoine, qui se d\u00e9roulent les 20 et 21\u00a0septembre, ont pour th\u00e8me le patrimoine architectural.Plus de 17&nbsp;000&nbsp;lieux ont \u00e9t\u00e9 ouverts au public, en 2024, pour les&nbsp;<a href=\"https:\/\/journeesdupatrimoine.culture.gouv.fr\/\" target=\"_blank\" rel=\"noreferrer noopener\">Journ\u00e9es europ\u00e9ennes du patrimoine(Nouvelle fen\u00eatre)<\/a>. Cette ann\u00e9e, des millions de visiteurs sont \u00e0 nouveau attendus pour cet \u00e9v\u00e9nement pl\u00e9biscit\u00e9 par les Fran\u00e7ais depuis plus de quarante&nbsp;ans. Pour cette \u00e9dition&nbsp;2025 qui se d\u00e9roule les 20 et 21&nbsp;septembre, le patrimoine architectural est \u00e0 l&rsquo;honneur. L&rsquo;occasion pour la r\u00e9daction de franceinfo&nbsp;Culture d&rsquo;\u00e9voquer un des styles architecturaux embl\u00e9matiques des ann\u00e9es&nbsp;1920&nbsp;:&nbsp;<a href=\"https:\/\/www.franceinfo.fr\/culture\/mode\/dior-yiqing-yin-saint-laurent-agnes-b-neuf-expositions-mode-dans-et-hors-musees-dans-l-hexagone-cet-ete_7200627.html\">l&rsquo;Art d\u00e9co<\/a>, qui f\u00eate cette ann\u00e9e ses 100&nbsp;ans.<\/p>\n\n\n\n<p class=\"\">Consacr\u00e9 par l&rsquo;Exposition internationale des arts d\u00e9coratifs et industriels modernes de 1925, ce style architectural prend le relais des arabesques v\u00e9g\u00e9tales de l&rsquo;Art nouveau, en imposant des lignes droites, de riches ornementations g\u00e9om\u00e9triques et des fa\u00e7ades spectaculaires. Saint-Quentin, Nancy, Reims ou Paris peuvent r\u00e9clamer le titre de capitale fran\u00e7aise de l&rsquo;Art&nbsp;d\u00e9co, mais ce patrimoine de l&rsquo;entre-deux-guerres a essaim\u00e9 partout en France. Voici donc une s\u00e9lection de cinq monuments que vous pourrez d\u00e9couvrir lors de ces Journ\u00e9es du patrimoine.<\/p>\n\n\n\n<h2 class=\"wp-block-heading\">1&nbsp;Le cin\u00e9ma Casino de Saint-Quentin<\/h2>\n\n\n\n<p class=\"\">Inaugur\u00e9 en 1929, le Casino est&nbsp;un ancien cin\u00e9ma Art d\u00e9co. La rose stylis\u00e9e, caract\u00e9ristique du r\u00e9pertoire ornemental du courant artistique, est omnipr\u00e9sente sur sa fa\u00e7ade en ciment moul\u00e9. Le corps central du b\u00e2timent est encadr\u00e9 par deux pilastres monumentaux domin\u00e9s par de gigantesques t\u00eates de carnaval, librement inspir\u00e9es des traditionnels masques de la com\u00e9die et de la trag\u00e9die et famili\u00e8rement surnomm\u00e9s par les Saint-Quentinois&nbsp;: \u00ab\u00a0Jean qui rit\u00a0\u00bb et \u00ab\u00a0Jean qui pleure\u00a0\u00bb. Devenu la Maison de services \u00e0 la population, le Casino a fait l&rsquo;objet d&rsquo;une restauration, il y a quelques ann\u00e9es, lui permettant de retrouver son esth\u00e9tique et sa splendeur des ann\u00e9es&nbsp;1930.<\/p>\n\n\n\n<p class=\"\"><strong>Gratuit, le\u00a0<time datetime=\"2025-09-20 09:00:00.000000\">samedi 20 de 11h \u00e0 12h,\u00a0de 14h \u00e0 15h,\u00a0de 16h \u00e0 17h et le dimanche 21\u00a0septembre aux m\u00eames horaires, \u00e0 Saint-Quentin (Aisne).<\/time><\/strong>2&nbsp;La Biblioth\u00e8que d&rsquo;\u00e9tude et du patrimoine de Toulouse<\/p>\n\n\n\n<p class=\"\">La Biblioth\u00e8que d&rsquo;\u00e9tude et du patrimoine de Toulouse, construit entre 1932 et 1935 sur l&#8217;emplacement de l&rsquo;ancien couvent des carm\u00e9lites (ordre religieux catholique contemplatif), se distingue par ses lignes \u00e9pur\u00e9es, l&rsquo;usage de mat\u00e9riaux nobles et une d\u00e9coration riche, embl\u00e9matique du style Art d\u00e9co des ann\u00e9es&nbsp;1930.&nbsp;C&rsquo;est l&rsquo;une des plus importantes r\u00e9alisations de biblioth\u00e8ques en France pendant la p\u00e9riode de l&rsquo;entre-deux-guerres. Elle a connu une importante r\u00e9novation au d\u00e9but des ann\u00e9es&nbsp;2000.<\/p>\n\n\n\n<p class=\"\"><strong>Gratuit, le samedi 20 de\u00a0<time datetime=\"2025-09-20 11:30:00.000000\">13h30 \u00e0 14h20,\u00a0de 16h30 \u00e0 17h20,\u00a0de 17h30 \u00e0 18h20 et dimanche 21\u00a0septembre aux m\u00eames horaires, \u00e0 Toulouse (Haute-Garonne).<\/time><\/strong>&nbsp;Les Bains-douches municipaux de Laval<\/p>\n\n\n\n<p class=\"\">Ouverts au public en 1927, les Bains-douches municipaux de Laval ont re\u00e7u un d\u00e9cor remarquable de mosa\u00efques r\u00e9alis\u00e9 par l&rsquo;atelier rennais d&rsquo;Isidore Odorico. Son&nbsp;travail a \u00e9t\u00e9 compl\u00e9t\u00e9 par la pose d&rsquo;un vitrail, \u0153uvre d&rsquo;Auguste Alleaume. Les lignes g\u00e9om\u00e9triques sont adoucies par les motifs d&rsquo;inspiration \u00e9gyptienne. Compos\u00e9e de 16&nbsp;douches et de 6&nbsp;bains, la salle d&rsquo;eau est domin\u00e9e par le bleu des mosa\u00efques. Labellis\u00e9 \u00ab\u00a0Patrimoine du XXe&nbsp;si\u00e8cle\u00a0\u00bb en 2011, le b\u00e2timent a depuis \u00e9t\u00e9 inscrit \u00e0 l&rsquo;inventaire suppl\u00e9mentaire des monuments historiques.<\/p>\n\n\n\n<p class=\"\"><strong>Gratuit, le samedi 20\u00a0<time datetime=\"2025-09-20 08:00:00.000000\">de 10h \u00e0 12h30,\u00a0de 13h30 \u00e0 18h et le dimanche 21\u00a0septembre aux m\u00eames horaires, \u00e0 Laval (Mayenne).<\/time><\/strong>4Le mus\u00e9e Gabriel dans le Lot<\/p>\n\n\n\n<p class=\"\">Le mus\u00e9e Gabriel est un lieu culturel install\u00e9 dans un ancien magasin&nbsp;: Au magasin universel, b\u00e2ti en 1931 par la famille Loudes-Reyt, en style Art d\u00e9co, s&rsquo;est inspir\u00e9 des grandes enseignes parisiennes. Aujourd&rsquo;hui, on y retrouve des sculptures monumentales d&rsquo;art contemporain. R\u00e9cemment inscrit aux Monuments historiques, l&rsquo;ancien magasin est un des rares commerces des ann\u00e9es&nbsp;1930 situ\u00e9s en milieu rural, r\u00e9pertori\u00e9 en Occitanie. Il conserve la quasi-int\u00e9gralit\u00e9 de ses am\u00e9nagements et dispositions d&rsquo;origine, ainsi que son second \u0153uvre (paquets, chemin\u00e9es, portes, placards, menuiseries&#8230;).<\/p>\n\n\n\n<p class=\"\"><strong><time datetime=\"2025-09-20 12:30:00.000000\">Gratuit, le samedi\u00a020 et le dimanche\u00a021\u00a0septembre de 14h30 \u00e0 18h30, \u00e0\u00a0Latronqui\u00e8re (Lot).<\/time><\/strong>5Le th\u00e9\u00e2tre de Louhans<\/p>\n\n\n\n<p class=\"\">L&rsquo;int\u00e9r\u00eat du th\u00e9\u00e2tre de Louhans r\u00e9side en ses d\u00e9cors de style Art d\u00e9co introduit dans le lieu dans les ann\u00e9es&nbsp;1930&nbsp;: papier peint \u00e0 motifs ananas, si\u00e8ges en velours, lambris bleu en stuc fabriqu\u00e9 par la Maison Baudson \u00e0 Paris et d\u00e9cor de sc\u00e8ne peint par Honor\u00e9 Hugrel, peintre originaire de M\u00e2con. Il fait l&rsquo;objet d&rsquo;une inscription au titre des Monuments historiques en&nbsp;1999. Depuis 2023, pour des raisons de s\u00e9curit\u00e9, le th\u00e9\u00e2tre est ferm\u00e9 et n&rsquo;accueille plus de manifestation. Il propose seulement des visites en petit comit\u00e9. Profitez-en&nbsp;!<\/p>\n\n\n\n<p class=\"\"><strong>Gratuit,&nbsp;<time datetime=\"2025-09-20 12:30:00.000000\">le samedi&nbsp;20 et le dimanche&nbsp;21&nbsp;septembre de 10h \u00e0 12h, \u00e0 Louhans (Sa\u00f4ne-et-Loire).<\/time><\/strong><\/p>\n","protected":false},"excerpt":{"rendered":"<p>Les Journ\u00e9es europ\u00e9ennes du patrimoine, qui se d\u00e9roulent les 20 et 21\u00a0septembre, ont pour th\u00e8me le patrimoine architectural.Plus de 17&nbsp;000&nbsp;lieux ont \u00e9t\u00e9 ouverts au public, en 2024, pour les&nbsp;Journ\u00e9es europ\u00e9ennes du patrimoine(Nouvelle fen\u00eatre). Cette ann\u00e9e, des millions de visiteurs sont \u00e0 nouveau attendus pour cet \u00e9v\u00e9nement pl\u00e9biscit\u00e9 par les Fran\u00e7ais depuis plus de quarante&nbsp;ans. Pour [&hellip;]<\/p>\n","protected":false},"author":2,"featured_media":38324,"comment_status":"open","ping_status":"open","sticky":false,"template":"","format":"standard","meta":{"_jetpack_memberships_contains_paid_content":false,"footnotes":"","jetpack_publicize_message":"","jetpack_publicize_feature_enabled":true,"jetpack_social_post_already_shared":true,"jetpack_social_options":{"image_generator_settings":{"template":"highway","default_image_id":0,"font":"","enabled":true,"token":"eyJpbWciOiJodHRwczpcL1wvd3d3LmljZWFnZXR2LmNvbVwvcmFkaW9zaXRlXC93cC1jb250ZW50XC91cGxvYWRzXC8yMDI1XC8wOVwvSm91cm5lZXMtZHUtcGF0cmltb2luZS0yMDI1LmpwZyIsInR4dCI6IkpvdXJuXHUwMGU5ZXMgZHUgcGF0cmltb2luZSAyMDI1IDogY2lucSBtb251bWVudHMgQXJ0XHUwMGEwZFx1MDBlOWNvIFx1MDBlMCBuZSBwYXMgbWFucXVlciBcdTAwZTAgbCYjODIxNztvY2Nhc2lvbiBkZXMgMTAwXHUwMGEwYW5zIGR1IG1vdXZlbWVudCBhcnRpc3RpcXVlIiwidGVtcGxhdGUiOiJoaWdod2F5IiwiZm9udCI6IiIsImJsb2dfaWQiOjExMTAxNjQ2MX0.hjWEk-n1JO3ZCBoLlPwQkreimrxFvGHPpglNQoFCA-8MQ"},"version":2},"_wpas_customize_per_network":false},"categories":[68],"tags":[],"class_list":["post-38322","post","type-post","status-publish","format-standard","has-post-thumbnail","hentry","category-actu-culturelle"],"jetpack_publicize_connections":[],"jetpack_featured_media_url":"https:\/\/i0.wp.com\/www.iceagetv.com\/radiosite\/wp-content\/uploads\/2025\/09\/Journees-du-patrimoine-2025.jpg?fit=746%2C420&ssl=1","jetpack_sharing_enabled":true,"_links":{"self":[{"href":"https:\/\/www.iceagetv.com\/radiosite\/wp-json\/wp\/v2\/posts\/38322","targetHints":{"allow":["GET"]}}],"collection":[{"href":"https:\/\/www.iceagetv.com\/radiosite\/wp-json\/wp\/v2\/posts"}],"about":[{"href":"https:\/\/www.iceagetv.com\/radiosite\/wp-json\/wp\/v2\/types\/post"}],"author":[{"embeddable":true,"href":"https:\/\/www.iceagetv.com\/radiosite\/wp-json\/wp\/v2\/users\/2"}],"replies":[{"embeddable":true,"href":"https:\/\/www.iceagetv.com\/radiosite\/wp-json\/wp\/v2\/comments?post=38322"}],"version-history":[{"count":1,"href":"https:\/\/www.iceagetv.com\/radiosite\/wp-json\/wp\/v2\/posts\/38322\/revisions"}],"predecessor-version":[{"id":38325,"href":"https:\/\/www.iceagetv.com\/radiosite\/wp-json\/wp\/v2\/posts\/38322\/revisions\/38325"}],"wp:featuredmedia":[{"embeddable":true,"href":"https:\/\/www.iceagetv.com\/radiosite\/wp-json\/wp\/v2\/media\/38324"}],"wp:attachment":[{"href":"https:\/\/www.iceagetv.com\/radiosite\/wp-json\/wp\/v2\/media?parent=38322"}],"wp:term":[{"taxonomy":"category","embeddable":true,"href":"https:\/\/www.iceagetv.com\/radiosite\/wp-json\/wp\/v2\/categories?post=38322"},{"taxonomy":"post_tag","embeddable":true,"href":"https:\/\/www.iceagetv.com\/radiosite\/wp-json\/wp\/v2\/tags?post=38322"}],"curies":[{"name":"wp","href":"https:\/\/api.w.org\/{rel}","templated":true}]}}