{"id":38334,"date":"2025-09-20T15:38:13","date_gmt":"2025-09-20T13:38:13","guid":{"rendered":"https:\/\/www.iceagetv.com\/radiosite\/?p=38334"},"modified":"2025-09-20T15:38:16","modified_gmt":"2025-09-20T13:38:16","slug":"espagne-la-plus-haute-tour-de-la-sagrada-familia-de-barcelone-devrait-etre-achevee-en-juin-2026-a-loccasion-du-centenaire-de-la-mort-de-son-architecte-antoni-gaudi","status":"publish","type":"post","link":"https:\/\/www.iceagetv.com\/radiosite\/espagne-la-plus-haute-tour-de-la-sagrada-familia-de-barcelone-devrait-etre-achevee-en-juin-2026-a-loccasion-du-centenaire-de-la-mort-de-son-architecte-antoni-gaudi\/","title":{"rendered":"Espagne : La plus haute tour de la Sagrada Familia de Barcelone devrait \u00eatre achev\u00e9e en juin 2026, \u00e0 l&rsquo;occasion du centenaire de la mort de son architecte Antoni Gaud\u00ed"},"content":{"rendered":"\n<p class=\"\">La plus haute tour de la Sagrada Familia de Barcelone devrait \u00eatre achev\u00e9e en juin 2026, \u00e0 l&rsquo;occasion du centenaire de la mort de son architecte Antoni Gaud\u00ed, a annonc\u00e9&nbsp; le comit\u00e9 g\u00e9rant ce projet historique. \u00ab Une invitation a \u00e9t\u00e9 lanc\u00e9e au Saint-P\u00e8re, elle se trouve au Vatican et nous esp\u00e9rons obtenir une r\u00e9ponse dans le courant du mois \u00bb, a pr\u00e9cis\u00e9 jeudi Esteve Camps, pr\u00e9sident d\u00e9l\u00e9gu\u00e9 du comit\u00e9 de construction de la basilique, lors d&rsquo;une conf\u00e9rence de presse.<\/p>\n\n\n\n<p class=\"\">L&rsquo;ach\u00e8vement de la tour de J\u00e9sus-Christ, haute de 172,5 m\u00e8tres, est pr\u00e9vu pour co\u00efncider avec la messe comm\u00e9morative du centenaire de la mort de Gaud\u00ed, d\u00e9c\u00e9d\u00e9 le 10 juin 1926 \u00e0 Barcelone apr\u00e8s avoir \u00e9t\u00e9 renvers\u00e9 par un tramway.<\/p>\n\n\n\n<p class=\"\">Conform\u00e9ment aux indications de l&rsquo;architecte catalan, la plus haute des 18 tours couronnant la basilique ne d\u00e9passera pas les 177 m\u00e8tres de la montagne de Montjuic, qui continuera \u00e0 dominer le ciel de Barcelone.<\/p>\n\n\n\n<p class=\"\">La c\u00e9r\u00e9monie comm\u00e9morative sera l&rsquo;un des moments forts des c\u00e9l\u00e9brations du centenaire du d\u00e9c\u00e8s de Gaudi, qui devraient s&rsquo;\u00e9taler sur plusieurs mois, selon les indications du comit\u00e9, qui finance la construction du monument gr\u00e2ce \u00e0 des dons priv\u00e9s mais surtout gr\u00e2ce aux recettes des entr\u00e9es touristiques.<\/p>\n\n\n\n<p class=\"\">Ces festivit\u00e9s ne marqueront toutefois pas l&rsquo;ach\u00e8vement complet de la c\u00e9l\u00e8bre basilique, dont le projet a \u00e9t\u00e9 initi\u00e9 en 1882, un an avant que Gaud\u00ed ne prenne les r\u00eanes de l&rsquo;ouvrage, et qui a connu de nombreux rebondissements historiques.<\/p>\n\n\n\n<p class=\"\">Le comit\u00e9 de construction de la basilique avait initialement annonc\u00e9 pour 2026 l&rsquo;ach\u00e8vement complet du monument, mais la pand\u00e9mie de Covid-19 avait contraint l&rsquo;arr\u00eat des travaux et fait chuter les recettes touristiques, poussant les constructeurs \u00e0 ralentir le projet.<\/p>\n\n\n\n<p class=\"\">Malgr\u00e9 le retour massif des touristes, avec pr\u00e8s de 4,9 millions de visiteurs l&rsquo;ann\u00e9e derni\u00e8re, une nouvelle date d&rsquo;ach\u00e8vement n&rsquo;a toujours pas \u00e9t\u00e9 fix\u00e9e. \u00ab Nous avons parl\u00e9 d&rsquo;une dizaine d&rsquo;ann\u00e9es, mais il s&rsquo;agit d&rsquo;une estimation \u00bb, a r\u00e9it\u00e9r\u00e9 son architecte en chef, Jordi Faul\u00ed.<\/p>\n","protected":false},"excerpt":{"rendered":"<p>La plus haute tour de la Sagrada Familia de Barcelone devrait \u00eatre achev\u00e9e en juin 2026, \u00e0 l&rsquo;occasion du centenaire de la mort de son architecte Antoni Gaud\u00ed, a annonc\u00e9&nbsp; le comit\u00e9 g\u00e9rant ce projet historique. \u00ab Une invitation a \u00e9t\u00e9 lanc\u00e9e au Saint-P\u00e8re, elle se trouve au Vatican et nous esp\u00e9rons obtenir une r\u00e9ponse [&hellip;]<\/p>\n","protected":false},"author":2,"featured_media":38336,"comment_status":"open","ping_status":"open","sticky":false,"template":"","format":"standard","meta":{"_jetpack_memberships_contains_paid_content":false,"footnotes":"","jetpack_publicize_message":"","jetpack_publicize_feature_enabled":true,"jetpack_social_post_already_shared":true,"jetpack_social_options":{"image_generator_settings":{"template":"highway","default_image_id":0,"font":"","enabled":true,"token":"eyJpbWciOiJodHRwczpcL1wvd3d3LmljZWFnZXR2LmNvbVwvcmFkaW9zaXRlXC93cC1jb250ZW50XC91cGxvYWRzXC8yMDI1XC8wOVwvZU80M1UzWUQuanBnIiwidHh0IjoiRXNwYWduZSA6IExhIHBsdXMgaGF1dGUgdG91ciBkZSBsYSBTYWdyYWRhIEZhbWlsaWEgZGUgQmFyY2Vsb25lIGRldnJhaXQgXHUwMGVhdHJlIGFjaGV2XHUwMGU5ZSBlbiBqdWluIDIwMjYsIFx1MDBlMCBsJiM4MjE3O29jY2FzaW9uIGR1IGNlbnRlbmFpcmUgZGUgbGEgbW9ydCBkZSBzb24gYXJjaGl0ZWN0ZSBBbnRvbmkgR2F1ZFx1MDBlZCIsInRlbXBsYXRlIjoiaGlnaHdheSIsImZvbnQiOiIiLCJibG9nX2lkIjoxMTEwMTY0NjF9.uL7WbNsyTFDDHlxWXTH5bBmyNZG9m-b-hXulm1c6SD0MQ"},"version":2},"_wpas_customize_per_network":false},"categories":[68],"tags":[],"class_list":["post-38334","post","type-post","status-publish","format-standard","has-post-thumbnail","hentry","category-actu-culturelle"],"jetpack_publicize_connections":[],"jetpack_featured_media_url":"https:\/\/i0.wp.com\/www.iceagetv.com\/radiosite\/wp-content\/uploads\/2025\/09\/eO43U3YD.jpg?fit=679%2C293&ssl=1","jetpack_sharing_enabled":true,"_links":{"self":[{"href":"https:\/\/www.iceagetv.com\/radiosite\/wp-json\/wp\/v2\/posts\/38334","targetHints":{"allow":["GET"]}}],"collection":[{"href":"https:\/\/www.iceagetv.com\/radiosite\/wp-json\/wp\/v2\/posts"}],"about":[{"href":"https:\/\/www.iceagetv.com\/radiosite\/wp-json\/wp\/v2\/types\/post"}],"author":[{"embeddable":true,"href":"https:\/\/www.iceagetv.com\/radiosite\/wp-json\/wp\/v2\/users\/2"}],"replies":[{"embeddable":true,"href":"https:\/\/www.iceagetv.com\/radiosite\/wp-json\/wp\/v2\/comments?post=38334"}],"version-history":[{"count":1,"href":"https:\/\/www.iceagetv.com\/radiosite\/wp-json\/wp\/v2\/posts\/38334\/revisions"}],"predecessor-version":[{"id":38337,"href":"https:\/\/www.iceagetv.com\/radiosite\/wp-json\/wp\/v2\/posts\/38334\/revisions\/38337"}],"wp:featuredmedia":[{"embeddable":true,"href":"https:\/\/www.iceagetv.com\/radiosite\/wp-json\/wp\/v2\/media\/38336"}],"wp:attachment":[{"href":"https:\/\/www.iceagetv.com\/radiosite\/wp-json\/wp\/v2\/media?parent=38334"}],"wp:term":[{"taxonomy":"category","embeddable":true,"href":"https:\/\/www.iceagetv.com\/radiosite\/wp-json\/wp\/v2\/categories?post=38334"},{"taxonomy":"post_tag","embeddable":true,"href":"https:\/\/www.iceagetv.com\/radiosite\/wp-json\/wp\/v2\/tags?post=38334"}],"curies":[{"name":"wp","href":"https:\/\/api.w.org\/{rel}","templated":true}]}}