{"id":38352,"date":"2025-09-21T11:20:52","date_gmt":"2025-09-21T09:20:52","guid":{"rendered":"https:\/\/www.iceagetv.com\/radiosite\/?p=38352"},"modified":"2025-09-21T11:20:56","modified_gmt":"2025-09-21T09:20:56","slug":"a-strasbourg-un-violent-incendie-fait-un-mort-et-huit-blesses-ce-que-lon-sait","status":"publish","type":"post","link":"https:\/\/www.iceagetv.com\/radiosite\/a-strasbourg-un-violent-incendie-fait-un-mort-et-huit-blesses-ce-que-lon-sait\/","title":{"rendered":"A Strasbourg, un violent incendie fait un mort et huit bless\u00e9s : ce que l&rsquo;on sait"},"content":{"rendered":"\n<p class=\"\">Samedi 20 septembre 2025, un incendie s\u2019est d\u00e9clar\u00e9 dans un immeuble d\u2019habitation situ\u00e9 route des Romains \u00e0 Strasbourg. Le sinistre a fait un mort, et huit bless\u00e9s.Un\u00a0<a href=\"https:\/\/actu.fr\/tag\/incendie\">incendie<\/a>\u00a0survenu samedi 20 septembre 2025 dans un immeuble d\u2019habitation situ\u00e9\u00a0<strong>36 route des Romains \u00e0 Strasbourg<\/strong>\u00a0a fait\u00a0<strong>un mort<\/strong>\u00a0et\u00a0<strong>huit bless\u00e9s l\u00e9gers<\/strong>. Sept autres personnes ont \u00e9t\u00e9 impliqu\u00e9es.30 engins et 59 pompiers mobilis\u00e9s<\/p>\n\n\n\n<p class=\"\">Le&nbsp;<strong>feu<\/strong>&nbsp;s\u2019est d\u00e9clar\u00e9 en en fin d\u2019apr\u00e8s-midi dans un b\u00e2timent de deux niveaux avec combles.<\/p>\n\n\n\n<p class=\"\">Pour y faire face,&nbsp;<strong>30 engins et 59 sapeurs-pompiers ont \u00e9t\u00e9 mobilis\u00e9s<\/strong>.<\/p>\n\n\n\n<p class=\"\">Les candidats aux \u00e9lections municipales de 2026,\u00a0<a href=\"https:\/\/actu.fr\/grand-est\/strasbourg_67482\/municipales-2026-jean-philippe-vetter-se-lance-dans-la-course-et-cree-son-mouvement_62102551.html\">Jean-Philippe Vetter<\/a>\u00a0et\u00a0<a href=\"https:\/\/actu.fr\/grand-est\/strasbourg_67482\/municipales-2026-a-strasbourg-pierre-jakubowicz-horizons-officialise-sa-candidature_63115980.html\">Pierre Jakubowicz<\/a>, ont r\u00e9agi sur X.Des op\u00e9rations de secours longues<\/p>\n\n\n\n<p class=\"\">D\u00e8s samedi soir, les&nbsp;<a href=\"https:\/\/actu.fr\/tag\/pompiers\">pompiers<\/a>&nbsp;indiquaient \u00eatre \u00ab&nbsp;<strong>ma\u00eetres du feu<\/strong>&nbsp;\u00bb mais pr\u00e9voyaient&nbsp;<strong>des op\u00e9rations de longue dur\u00e9e<\/strong>.<\/p>\n\n\n\n<p class=\"\">Le bilan d\u00e9finitif a \u00e9t\u00e9 communiqu\u00e9 dimanche matin.<\/p>\n","protected":false},"excerpt":{"rendered":"<p>Samedi 20 septembre 2025, un incendie s\u2019est d\u00e9clar\u00e9 dans un immeuble d\u2019habitation situ\u00e9 route des Romains \u00e0 Strasbourg. Le sinistre a fait un mort, et huit bless\u00e9s.Un\u00a0incendie\u00a0survenu samedi 20 septembre 2025 dans un immeuble d\u2019habitation situ\u00e9\u00a036 route des Romains \u00e0 Strasbourg\u00a0a fait\u00a0un mort\u00a0et\u00a0huit bless\u00e9s l\u00e9gers. Sept autres personnes ont \u00e9t\u00e9 impliqu\u00e9es.30 engins et 59 pompiers [&hellip;]<\/p>\n","protected":false},"author":2,"featured_media":38353,"comment_status":"open","ping_status":"open","sticky":false,"template":"","format":"standard","meta":{"_jetpack_memberships_contains_paid_content":false,"footnotes":"","jetpack_publicize_message":"","jetpack_publicize_feature_enabled":true,"jetpack_social_post_already_shared":true,"jetpack_social_options":{"image_generator_settings":{"template":"highway","default_image_id":0,"font":"","enabled":true,"token":"eyJpbWciOiJodHRwczpcL1wvd3d3LmljZWFnZXR2LmNvbVwvcmFkaW9zaXRlXC93cC1jb250ZW50XC91cGxvYWRzXC8yMDI1XC8wOVwvNTNkNTMzZGM0NDY1NjU3ZDUzM2RjNDQ2NTRiZDUzdi05NjB4NjQwLTEuanBnIiwidHh0IjoiQSBTdHJhc2JvdXJnLCB1biB2aW9sZW50IGluY2VuZGllIGZhaXQgdW4gbW9ydCBldCBodWl0IGJsZXNzXHUwMGU5cyA6IGNlIHF1ZSBsJiM4MjE3O29uIHNhaXQiLCJ0ZW1wbGF0ZSI6ImhpZ2h3YXkiLCJmb250IjoiIiwiYmxvZ19pZCI6MTExMDE2NDYxfQ.xZJKX5W-petboslrvyTmK3pSmH8Gtk8oAEsePGdGMbEMQ"},"version":2},"_wpas_customize_per_network":false},"categories":[405],"tags":[],"class_list":["post-38352","post","type-post","status-publish","format-standard","has-post-thumbnail","hentry","category-actu-france-monde"],"jetpack_publicize_connections":[],"jetpack_featured_media_url":"https:\/\/i0.wp.com\/www.iceagetv.com\/radiosite\/wp-content\/uploads\/2025\/09\/53d533dc4465657d533dc44654bd53v-960x640-1.jpg?fit=960%2C640&ssl=1","jetpack_sharing_enabled":true,"_links":{"self":[{"href":"https:\/\/www.iceagetv.com\/radiosite\/wp-json\/wp\/v2\/posts\/38352","targetHints":{"allow":["GET"]}}],"collection":[{"href":"https:\/\/www.iceagetv.com\/radiosite\/wp-json\/wp\/v2\/posts"}],"about":[{"href":"https:\/\/www.iceagetv.com\/radiosite\/wp-json\/wp\/v2\/types\/post"}],"author":[{"embeddable":true,"href":"https:\/\/www.iceagetv.com\/radiosite\/wp-json\/wp\/v2\/users\/2"}],"replies":[{"embeddable":true,"href":"https:\/\/www.iceagetv.com\/radiosite\/wp-json\/wp\/v2\/comments?post=38352"}],"version-history":[{"count":1,"href":"https:\/\/www.iceagetv.com\/radiosite\/wp-json\/wp\/v2\/posts\/38352\/revisions"}],"predecessor-version":[{"id":38354,"href":"https:\/\/www.iceagetv.com\/radiosite\/wp-json\/wp\/v2\/posts\/38352\/revisions\/38354"}],"wp:featuredmedia":[{"embeddable":true,"href":"https:\/\/www.iceagetv.com\/radiosite\/wp-json\/wp\/v2\/media\/38353"}],"wp:attachment":[{"href":"https:\/\/www.iceagetv.com\/radiosite\/wp-json\/wp\/v2\/media?parent=38352"}],"wp:term":[{"taxonomy":"category","embeddable":true,"href":"https:\/\/www.iceagetv.com\/radiosite\/wp-json\/wp\/v2\/categories?post=38352"},{"taxonomy":"post_tag","embeddable":true,"href":"https:\/\/www.iceagetv.com\/radiosite\/wp-json\/wp\/v2\/tags?post=38352"}],"curies":[{"name":"wp","href":"https:\/\/api.w.org\/{rel}","templated":true}]}}