{"id":38378,"date":"2025-09-22T17:49:54","date_gmt":"2025-09-22T15:49:54","guid":{"rendered":"https:\/\/www.iceagetv.com\/radiosite\/?p=38378"},"modified":"2025-09-22T17:49:58","modified_gmt":"2025-09-22T15:49:58","slug":"une-vingtaine-de-supermarches-auchan-bientot-transformes-en-lidl-voici-les-magasins-concernes","status":"publish","type":"post","link":"https:\/\/www.iceagetv.com\/radiosite\/une-vingtaine-de-supermarches-auchan-bientot-transformes-en-lidl-voici-les-magasins-concernes\/","title":{"rendered":"Une vingtaine de supermarch\u00e9s Auchan bient\u00f4t transform\u00e9s en Lidl : voici les magasins concern\u00e9s"},"content":{"rendered":"\n<p class=\"\">Apr\u00e8s plusieurs mois d&rsquo;attente, l&rsquo;Autorit\u00e9 de la concurrence vient de valider \u00ab\u00a0sans conditions\u00a0\u00bb le rachat de 19 supermarch\u00e9s Auchan par Lidl. La liste des magasins concern\u00e9s.Pour des milliers de clients, c\u2019est un changement de taille qui s\u2019op\u00e8re. Apr\u00e8s plusieurs mois d\u2019attente, l\u2019Autorit\u00e9 de la concurrence a annonc\u00e9 ce lundi 22 septembre 2025 qu\u2019elle autorisait \u00ab&nbsp;sans conditions&nbsp;\u00bb le&nbsp;<a href=\"https:\/\/actu.fr\/economie\/une-vingtaine-de-supermarches-auchan-en-passe-de-devenir-des-lidl-la-liste-de-tous-les-magasins-concernes_62923812.html\">rachat de 19 supermarch\u00e9s&nbsp;<strong>Auchan<\/strong><\/a><strong>&nbsp;<\/strong>par le discounter allemand de la grande distribution&nbsp;<strong>Lidl<\/strong>.<\/p>\n\n\n\n<p class=\"\">La semaine derni\u00e8re, le pr\u00e9sident de Lidl France, John Paul Scally, avait dit vouloir atteindre&nbsp;<strong>10 % de parts de march\u00e9 d\u2019ici \u00e0 2030<\/strong>&nbsp;sur le territoire fran\u00e7ais. Depuis janvier 2025, Lidl France a investi 150 millions d\u2019euros pour baisser les prix de ses produits, et agrandir en parall\u00e8le son r\u00e9seau de magasins.<\/p>\n\n\n\n<p class=\"\">Apr\u00e8s 20 ouvertures nettes pr\u00e9vues cette ann\u00e9e,\u00a0<strong>l\u2019enseigne comptera en France 1 627 magasins<\/strong>. Et elle a d\u00e9sormais le feu vert de l\u2019Autorit\u00e9 de la concurrence pour reprendre 19 supermarch\u00e9s du g\u00e9ant Auchan, en difficult\u00e9, ainsi que huit stations-service \u00ab\u00a0attenantes \u00e0 certains de ces magasins\u00a0\u00bb, a pr\u00e9cis\u00e9 l\u2019Autorit\u00e9 de la concurrence\u00a0<a href=\"https:\/\/www.autoritedelaconcurrence.fr\/fr\/communiques-de-presse\/rachat-de-19-magasins-sous-enseigne-auchan-supermarche-et-de-8-stations\">dans un communiqu\u00e9<\/a>.Des supermarch\u00e9s aux quatre coins de la France<\/p>\n\n\n\n<p class=\"\">Ces supermarch\u00e9s se situent notamment \u00e0 Paris, Bordeaux, Lyon, Grenoble, Toulon, Antibes, Cannes et Saint-Rapha\u00ebl, d\u00e9voile un communiqu\u00e9 d\u2019<a href=\"https:\/\/www.auchan-retail.com\/fr\/auchan-et-lidl-engagent-des-negociations-exclusives-pour-la-reprise-de-19-supermarches-en-france\/\">Auchan<\/a>.<\/p>\n\n\n\n<p class=\"\">Voici&nbsp;<strong>la liste compl\u00e8te<\/strong>&nbsp;des supermarch\u00e9s :&nbsp;<\/p>\n\n\n\n<p class=\"\">L\u2019Isle-Adam (95)<\/p>\n\n\n\n<p class=\"\">Antibes \u2013 Palais Congr\u00e8s (06)<\/p>\n\n\n\n<p class=\"\">Cannes (06)<\/p>\n\n\n\n<p class=\"\">Bordeaux \u2013 Benauge (33)<\/p>\n\n\n\n<p class=\"\">Bordeaux \u2013 Grand Parc (33)<\/p>\n\n\n\n<p class=\"\">Gradignan \u2013 Malartic (33)<\/p>\n\n\n\n<p class=\"\">Grabels (34)<\/p>\n\n\n\n<p class=\"\">Saint-Pierre-des-Corps (37)<\/p>\n\n\n\n<p class=\"\">Voiron (38)<\/p>\n\n\n\n<p class=\"\">Grenoble \u2013 Perrot (38)<\/p>\n\n\n\n<p class=\"\">Marquette-lez-Lille (59)<\/p>\n\n\n\n<p class=\"\">Noyelles-l\u00e8s-Vermelles (62)<\/p>\n\n\n\n<p class=\"\">Lyon \u2013 Duch\u00e8re (69)<\/p>\n\n\n\n<p class=\"\">Lyon \u2013 \u00c9tats-Unis (69)<\/p>\n\n\n\n<p class=\"\">Paris \u2013 Vaugirard (75)<\/p>\n\n\n\n<p class=\"\">Nemours (77)<\/p>\n\n\n\n<p class=\"\">Carri\u00e8res-sur-Seine (78)<\/p>\n\n\n\n<p class=\"\">Toulon \u2013 Traverse Arnaud (83)<\/p>\n\n\n\n<p class=\"\">Saint-Rapha\u00ebl (83)<\/p>\n","protected":false},"excerpt":{"rendered":"<p>Apr\u00e8s plusieurs mois d&rsquo;attente, l&rsquo;Autorit\u00e9 de la concurrence vient de valider \u00ab\u00a0sans conditions\u00a0\u00bb le rachat de 19 supermarch\u00e9s Auchan par Lidl. La liste des magasins concern\u00e9s.Pour des milliers de clients, c\u2019est un changement de taille qui s\u2019op\u00e8re. Apr\u00e8s plusieurs mois d\u2019attente, l\u2019Autorit\u00e9 de la concurrence a annonc\u00e9 ce lundi 22 septembre 2025 qu\u2019elle autorisait \u00ab&nbsp;sans [&hellip;]<\/p>\n","protected":false},"author":2,"featured_media":38379,"comment_status":"open","ping_status":"open","sticky":false,"template":"","format":"standard","meta":{"_jetpack_memberships_contains_paid_content":false,"footnotes":"","jetpack_publicize_message":"","jetpack_publicize_feature_enabled":true,"jetpack_social_post_already_shared":true,"jetpack_social_options":{"image_generator_settings":{"template":"highway","default_image_id":0,"font":"","enabled":true,"token":"eyJpbWciOiJodHRwczpcL1wvd3d3LmljZWFnZXR2LmNvbVwvcmFkaW9zaXRlXC93cC1jb250ZW50XC91cGxvYWRzXC8yMDI1XC8wOVwvYWRvYmVzdG9jay02MzE4MDY5NTktZWRpdG9yaWFsLXVzZS1vbmx5LTk2MHg2NDAtMS5qcGVnIiwidHh0IjoiVW5lIHZpbmd0YWluZSBkZSBzdXBlcm1hcmNoXHUwMGU5cyBBdWNoYW4gYmllbnRcdTAwZjR0IHRyYW5zZm9ybVx1MDBlOXMgZW4gTGlkbCA6IHZvaWNpIGxlcyBtYWdhc2lucyBjb25jZXJuXHUwMGU5cyIsInRlbXBsYXRlIjoiaGlnaHdheSIsImZvbnQiOiIiLCJibG9nX2lkIjoxMTEwMTY0NjF9.wwAaIsC-AoLe-3_VuhiXehKitNGebSSWfFf0eKDFS8kMQ"},"version":2},"_wpas_customize_per_network":false},"categories":[405],"tags":[],"class_list":["post-38378","post","type-post","status-publish","format-standard","has-post-thumbnail","hentry","category-actu-france-monde"],"jetpack_publicize_connections":[],"jetpack_featured_media_url":"https:\/\/i0.wp.com\/www.iceagetv.com\/radiosite\/wp-content\/uploads\/2025\/09\/adobestock-631806959-editorial-use-only-960x640-1.jpeg?fit=960%2C640&ssl=1","jetpack_sharing_enabled":true,"_links":{"self":[{"href":"https:\/\/www.iceagetv.com\/radiosite\/wp-json\/wp\/v2\/posts\/38378","targetHints":{"allow":["GET"]}}],"collection":[{"href":"https:\/\/www.iceagetv.com\/radiosite\/wp-json\/wp\/v2\/posts"}],"about":[{"href":"https:\/\/www.iceagetv.com\/radiosite\/wp-json\/wp\/v2\/types\/post"}],"author":[{"embeddable":true,"href":"https:\/\/www.iceagetv.com\/radiosite\/wp-json\/wp\/v2\/users\/2"}],"replies":[{"embeddable":true,"href":"https:\/\/www.iceagetv.com\/radiosite\/wp-json\/wp\/v2\/comments?post=38378"}],"version-history":[{"count":1,"href":"https:\/\/www.iceagetv.com\/radiosite\/wp-json\/wp\/v2\/posts\/38378\/revisions"}],"predecessor-version":[{"id":38380,"href":"https:\/\/www.iceagetv.com\/radiosite\/wp-json\/wp\/v2\/posts\/38378\/revisions\/38380"}],"wp:featuredmedia":[{"embeddable":true,"href":"https:\/\/www.iceagetv.com\/radiosite\/wp-json\/wp\/v2\/media\/38379"}],"wp:attachment":[{"href":"https:\/\/www.iceagetv.com\/radiosite\/wp-json\/wp\/v2\/media?parent=38378"}],"wp:term":[{"taxonomy":"category","embeddable":true,"href":"https:\/\/www.iceagetv.com\/radiosite\/wp-json\/wp\/v2\/categories?post=38378"},{"taxonomy":"post_tag","embeddable":true,"href":"https:\/\/www.iceagetv.com\/radiosite\/wp-json\/wp\/v2\/tags?post=38378"}],"curies":[{"name":"wp","href":"https:\/\/api.w.org\/{rel}","templated":true}]}}