{"id":38382,"date":"2025-09-23T13:05:58","date_gmt":"2025-09-23T11:05:58","guid":{"rendered":"https:\/\/www.iceagetv.com\/radiosite\/?p=38382"},"modified":"2025-09-23T13:06:02","modified_gmt":"2025-09-23T11:06:02","slug":"france-televisions-est-dans-une-situation-financiere-critique-qui-impose-sans-delai-des-reformes-structurelles-jusquici-ajournees-avertit-la-cour-des-comptes","status":"publish","type":"post","link":"https:\/\/www.iceagetv.com\/radiosite\/france-televisions-est-dans-une-situation-financiere-critique-qui-impose-sans-delai-des-reformes-structurelles-jusquici-ajournees-avertit-la-cour-des-comptes\/","title":{"rendered":"France T\u00e9l\u00e9visions est dans \u00ab\u00a0une situation financi\u00e8re critique qui impose sans d\u00e9lai des r\u00e9formes structurelles jusqu&rsquo;ici ajourn\u00e9es\u00a0\u00bb, avertit la Cour des comptes"},"content":{"rendered":"\n<p class=\"\">Le groupe public France T\u00e9l\u00e9visions est dans \u00ab\u00a0une situation financi\u00e8re critique qui impose sans d\u00e9lai des r\u00e9formes structurelles jusqu&rsquo;ici ajourn\u00e9es\u00a0\u00bb, avertit la Cour des comptes dans un rapport publi\u00e9 mardi.<\/p>\n\n\n\n<p class=\"\">\u00ab\u00a0La dynamique des charges de personnel et de fonctionnement ainsi que le poids des investissements n\u00e9cessaires notamment dans le num\u00e9rique rendent aujourd&rsquo;hui in\u00e9luctables\u00a0\u00bb des changements dans le groupe pr\u00e9sid\u00e9 par Delphine Ernotte Cunci, juge la Cour, dix ans apr\u00e8s un pr\u00e9c\u00e9dent contr\u00f4le.<\/p>\n\n\n\n<p class=\"\">Elle ne pointe pas de responsable direct de la situation mais demande que l&rsquo;Etat fixe \u00e0 l&rsquo;entreprise \u00ab\u00a0une trajectoire financi\u00e8re r\u00e9aliste\u00a0\u00bb, apr\u00e8s des \u00ab\u00a0orientations contradictoires\u00a0\u00bb en 2023 et 2024. L&rsquo;institution pr\u00e9sid\u00e9e par Pierre Moscovici pr\u00e9conise \u00e9galement que le grand accord social s&rsquo;appliquant \u00e0 l&rsquo;entreprise soit ren\u00e9goci\u00e9 \u00ab\u00a0dans les meilleurs d\u00e9lais\u00a0\u00bb &#8211; ce qui est pr\u00e9vu.<\/p>\n\n\n\n<p class=\"\">France T\u00e9l\u00e9visions comprend les cha\u00eenes France 2, France 3 et ses 24 antennes r\u00e9gionales, France 4, France 5, franceinfo et le r\u00e9seau Outre-mer La Premi\u00e8re. La Cour des comptes se f\u00e9licite de la \u00ab\u00a0place de premier plan\u00a0\u00bb de France T\u00e9l\u00e9 \u00ab\u00a0dans les audiences tant lin\u00e9aires que num\u00e9riques\u00a0\u00bb.<\/p>\n\n\n\n<p class=\"\">Elle sugg\u00e8re d&rsquo;accro\u00eetre les synergies entre France 3 et le r\u00e9seau Ici des ex-radios France Bleu, sans attendre que se concr\u00e9tise le projet de rapprochement des entreprises de l&rsquo;audiovisuel public sous une holding commune, port\u00e9 par la ministre de la Culture sortante Rachida Dati. Dans un courrier \u00e0 la Cour consult\u00e9 par l&rsquo;AFP, Mme Ernotte Cunci indique en retour que \u00ab\u00a0France T\u00e9l\u00e9visions souscrit \u00e0 l&rsquo;ensemble des recommandations formul\u00e9es\u00a0\u00bb et \u00ab\u00a0travaille d\u00e9j\u00e0 \u00e0 leur mise en oeuvre\u00a0\u00bb.<\/p>\n\n\n\n<p class=\"\">La dotation publique annuelle \u00e0 France T\u00e9l\u00e9 s&rsquo;\u00e9l\u00e8ve \u00e0 quelque 2,5 milliards d&rsquo;euros, et le groupe compte quelque 9.000 salari\u00e9s (\u00e9quivalent temps plein). L&rsquo;adoption d&rsquo;un budget 2025 en d\u00e9ficit de 40 millions d&rsquo;euros \u00ab\u00a0confirme l&rsquo;impasse dans laquelle se trouve aujourd&rsquo;hui la premi\u00e8re entreprise de l&rsquo;audiovisuel public\u00a0\u00bb, malgr\u00e9 des r\u00e9formes depuis une d\u00e9cennie ayant \u00ab\u00a0permis de d\u00e9gager des marges de manoeuvre significatives\u00a0\u00bb, insistent les Sages de la rue Cambon.<\/p>\n\n\n\n<p class=\"\">Delphine Ernotte Cunci, le r\u00e9gulateur Arcom et d&rsquo;autres acteurs de l&rsquo;audiovisuel se sont alarm\u00e9s vendredi depuis La Rochelle des coupes budg\u00e9taires envisag\u00e9es par l&rsquo;\u00c9tat pour 2026, faisant peser selon eux \u00ab\u00a0un risque tr\u00e8s fort\u00a0\u00bb sur toute la fili\u00e8re.<\/p>\n\n\n\n<p class=\"\">Le contexte est tr\u00e8s tendu pour France T\u00e9l\u00e9visions et plus largement l&rsquo;audiovisuel public, que le Rassemblement national veut privatiser. Les critiques ont redoubl\u00e9 dans le sillage de l&rsquo;affaire Legrand-Cohen, deux journalistes du service public accus\u00e9s de connivence avec le Parti socialiste.<\/p>\n\n\n\n<p class=\"\">La cheffe des d\u00e9put\u00e9s RN Marine Le Pen a r\u00e9clam\u00e9 samedi le d\u00e9part de Delphine Ernotte Cunci, \u00ab\u00a0une militante tr\u00e8s marqu\u00e9e \u00e0 gauche\u00a0\u00bb selon elle. La patronne de France T\u00e9l\u00e9, en fonction depuis 2015, a qualifi\u00e9 la semaine derni\u00e8re CNews de \u00ab\u00a0cha\u00eene d&rsquo;extr\u00eame droite\u00a0\u00bb.<\/p>\n","protected":false},"excerpt":{"rendered":"<p>Le groupe public France T\u00e9l\u00e9visions est dans \u00ab\u00a0une situation financi\u00e8re critique qui impose sans d\u00e9lai des r\u00e9formes structurelles jusqu&rsquo;ici ajourn\u00e9es\u00a0\u00bb, avertit la Cour des comptes dans un rapport publi\u00e9 mardi. \u00ab\u00a0La dynamique des charges de personnel et de fonctionnement ainsi que le poids des investissements n\u00e9cessaires notamment dans le num\u00e9rique rendent aujourd&rsquo;hui in\u00e9luctables\u00a0\u00bb des changements [&hellip;]<\/p>\n","protected":false},"author":2,"featured_media":38384,"comment_status":"open","ping_status":"open","sticky":false,"template":"","format":"standard","meta":{"_jetpack_memberships_contains_paid_content":false,"footnotes":"","jetpack_publicize_message":"","jetpack_publicize_feature_enabled":true,"jetpack_social_post_already_shared":true,"jetpack_social_options":{"image_generator_settings":{"template":"highway","default_image_id":0,"font":"","enabled":true,"token":"eyJpbWciOiJodHRwczpcL1wvd3d3LmljZWFnZXR2LmNvbVwvcmFkaW9zaXRlXC93cC1jb250ZW50XC91cGxvYWRzXC8yMDI1XC8wOVwvNlpLZlY0cXQuanBnIiwidHh0IjoiRnJhbmNlIFRcdTAwZTlsXHUwMGU5dmlzaW9ucyBlc3QgZGFucyAmIzgyMjA7dW5lIHNpdHVhdGlvbiBmaW5hbmNpXHUwMGU4cmUgY3JpdGlxdWUgcXVpIGltcG9zZSBzYW5zIGRcdTAwZTlsYWkgZGVzIHJcdTAwZTlmb3JtZXMgc3RydWN0dXJlbGxlcyBqdXNxdSYjODIxNztpY2kgYWpvdXJuXHUwMGU5ZXMmIzgyMjE7LCBhdmVydGl0IGxhIENvdXIgZGVzIGNvbXB0ZXMiLCJ0ZW1wbGF0ZSI6ImhpZ2h3YXkiLCJmb250IjoiIiwiYmxvZ19pZCI6MTExMDE2NDYxfQ._VefZeGvFIB8s6aec7XD85jfKnv6qE49fw7n_SmmKT4MQ"},"version":2},"_wpas_customize_per_network":false},"categories":[68],"tags":[],"class_list":["post-38382","post","type-post","status-publish","format-standard","has-post-thumbnail","hentry","category-actu-culturelle"],"jetpack_publicize_connections":[],"jetpack_featured_media_url":"https:\/\/i0.wp.com\/www.iceagetv.com\/radiosite\/wp-content\/uploads\/2025\/09\/6ZKfV4qt.jpg?fit=679%2C293&ssl=1","jetpack_sharing_enabled":true,"_links":{"self":[{"href":"https:\/\/www.iceagetv.com\/radiosite\/wp-json\/wp\/v2\/posts\/38382","targetHints":{"allow":["GET"]}}],"collection":[{"href":"https:\/\/www.iceagetv.com\/radiosite\/wp-json\/wp\/v2\/posts"}],"about":[{"href":"https:\/\/www.iceagetv.com\/radiosite\/wp-json\/wp\/v2\/types\/post"}],"author":[{"embeddable":true,"href":"https:\/\/www.iceagetv.com\/radiosite\/wp-json\/wp\/v2\/users\/2"}],"replies":[{"embeddable":true,"href":"https:\/\/www.iceagetv.com\/radiosite\/wp-json\/wp\/v2\/comments?post=38382"}],"version-history":[{"count":1,"href":"https:\/\/www.iceagetv.com\/radiosite\/wp-json\/wp\/v2\/posts\/38382\/revisions"}],"predecessor-version":[{"id":38385,"href":"https:\/\/www.iceagetv.com\/radiosite\/wp-json\/wp\/v2\/posts\/38382\/revisions\/38385"}],"wp:featuredmedia":[{"embeddable":true,"href":"https:\/\/www.iceagetv.com\/radiosite\/wp-json\/wp\/v2\/media\/38384"}],"wp:attachment":[{"href":"https:\/\/www.iceagetv.com\/radiosite\/wp-json\/wp\/v2\/media?parent=38382"}],"wp:term":[{"taxonomy":"category","embeddable":true,"href":"https:\/\/www.iceagetv.com\/radiosite\/wp-json\/wp\/v2\/categories?post=38382"},{"taxonomy":"post_tag","embeddable":true,"href":"https:\/\/www.iceagetv.com\/radiosite\/wp-json\/wp\/v2\/tags?post=38382"}],"curies":[{"name":"wp","href":"https:\/\/api.w.org\/{rel}","templated":true}]}}