{"id":38391,"date":"2025-09-23T17:45:59","date_gmt":"2025-09-23T15:45:59","guid":{"rendered":"https:\/\/www.iceagetv.com\/radiosite\/?p=38391"},"modified":"2025-09-23T17:46:04","modified_gmt":"2025-09-23T15:46:04","slug":"solution-a-deux-etats-reaction-disrael-espoir-de-paix-six-questions-sur-la-reconnaissance-de-letat-de-palestine-par-la-france","status":"publish","type":"post","link":"https:\/\/www.iceagetv.com\/radiosite\/solution-a-deux-etats-reaction-disrael-espoir-de-paix-six-questions-sur-la-reconnaissance-de-letat-de-palestine-par-la-france\/","title":{"rendered":"Solution \u00e0 deux Etats, r\u00e9action d&rsquo;Isra\u00ebl, espoir de paix\u2026 Six questions sur la reconnaissance de l&rsquo;Etat de Palestine par la France"},"content":{"rendered":"\n<p class=\"\">La d\u00e9cision de la France de reconna\u00eetre la Palestine est le r\u00e9sultat d&rsquo;un effort diplomatique soutenu par l&rsquo;Arabie saoudite. Mais ses cons\u00e9quences sur la guerre \u00e0 Gaza sont incertaines.<\/p>\n\n\n\n<p class=\"\"><em>\u00ab\u00a0Le temps est venu de rendre justice au peuple palestinien.\u00a0\u00bb<\/em><strong>\u00a0<\/strong>La France a officiellement reconnu l&rsquo;Etat palestinien, lundi 22 septembre, lors d&rsquo;une Assembl\u00e9e g\u00e9n\u00e9rale de l&rsquo;ONU \u00e0 New York. Emmanuel Macron,\u00a0<a href=\"https:\/\/www.franceinfo.fr\/monde\/proche-orient\/guerre\/proche-orient-que-changerait-la-reconnaissance-d-un-etat-palestinien-par-la-france_7181715.html\">qui en avait fait l&rsquo;annonce fin juillet<\/a>, copr\u00e9sidait avec le prince saoudien<strong>\u00a0<\/strong>Mohammed ben Salmane une conf\u00e9rence sur la\u00a0<em>\u00ab\u00a0solution \u00e0 deux Etats\u00a0\u00bb<\/em>.<strong>\u00a0<\/strong><em>\u00ab\u00a0Rien ne justifie plus la poursuite de la guerre \u00e0 Gaza\u00a0\u00bb<\/em>, a lanc\u00e9 le chef de l&rsquo;Etat depuis la tribune, en ouverture de son discours, estimant que\u00a0<em>\u00ab\u00a0le temps de la paix<\/em>\u00a0[\u00e9tait]\u00a0<em>venu\u00a0\u00bb<\/em>.La d\u00e9cision de la France et d&rsquo;une dizaine d&rsquo;autres pays intervient alors que l&rsquo;offensive isra\u00e9lienne dans la bande de Gaza s&rsquo;intensifie, avec une op\u00e9ration terrestre \u00e0 Gaza-ville,&nbsp;<a href=\"https:\/\/www.franceinfo.fr\/monde\/proche-orient\/israel-palestine\/gaza-78-des-immeubles-detruits-sous-les-bombes_7497127.html\">entrainant des dizaines de milliers de morts<\/a>&nbsp;et des centaines de milliers de d\u00e9plac\u00e9s. Alors que le blocus humanitaire impos\u00e9 par Isra\u00ebl&nbsp;<a href=\"https:\/\/www.franceinfo.fr\/monde\/proche-orient\/israel-palestine\/famine-a-gaza-comment-on-travaille-les-auteurs-du-rapport-sur-lequel-s-appuie-l-onu_7450336.html\">a entra\u00een\u00e9&nbsp;une famine de masse<\/a>, une commission d&rsquo;enqu\u00eate internationale mandat\u00e9e par l&rsquo;ONU a accus\u00e9 pour la premi\u00e8re fois l&rsquo;Etat de commettre un&nbsp;<em>\u00ab\u00a0g\u00e9nocide\u00a0\u00bb&nbsp;<\/em>dans le territoire palestinien. Franceinfo r\u00e9pond \u00e0 toutes les questions qui se posent apr\u00e8s la d\u00e9cision de la France.<\/p>\n\n\n\n<h2 class=\"wp-block-heading\">1&nbsp;Quels pays reconnaissent l&rsquo;Etat de Palestine&nbsp;?&nbsp;<\/h2>\n\n\n\n<p class=\"\">Plusieurs pays ont reconnu la Palestine, \u00e0 quelques jours de l&rsquo;Assembl\u00e9e g\u00e9n\u00e9rale de l&rsquo;ONU. Le\u00a0<a href=\"https:\/\/www.franceinfo.fr\/monde\/palestine\/le-royaume-uni-et-le-canada-reconnaissent-officiellement-l-etat-de-palestine_7505353.html\">Royaume-Uni, le Canada, le Portugal et l&rsquo;Australie<\/a>\u00a0en ont fait l&rsquo;annonce commune dimanche. Lundi, le Luxembourg, la Belgique, Andorre et Saint-Marin se sont joints \u00e0 la France.<strong>\u00a0<\/strong>D&rsquo;autres nations avaient pris la m\u00eame d\u00e9cision depuis le 7 octobre 2023, notamment l&rsquo;Espagne, l&rsquo;Irlande, la Norv\u00e8ge et la Slov\u00e9nie au printemps 2024.\u00a0<em>\u00ab\u00a0C&rsquo;est le seul moyen de r\u00e9aliser la solution que nous reconnaissons tous comme \u00e9tant la seule possible pour parvenir \u00e0 un avenir de paix\u00a0: celui d&rsquo;un Etat palestinien qui coexiste aux c\u00f4t\u00e9s de l&rsquo;Etat d&rsquo;Isra\u00ebl, dans la paix et la s\u00e9curit\u00e9\u00a0\u00bb<\/em>,\u00a0<a href=\"https:\/\/www.franceinfo.fr\/monde\/palestine\/gaza\/guerre-a-gaza-l-irlande-l-espagne-et-la-norvege-reconnaissent-l-etat-palestinien_6572324.html\">avait alors d\u00e9clar\u00e9 Pedro Sanchez<\/a>, le Premier ministre espagnol.\u00a0Proclam\u00e9 en 1988 par l&rsquo;Organisation de lib\u00e9ration de la Palestine, l&rsquo;Etat palestinien est reconnu formellement par 158\u00a0Etats apr\u00e8s l&rsquo;annonce d&rsquo;Emmanuel Macron.2&nbsp;Qu&rsquo;est-ce que cela va changer concr\u00e8tement&nbsp;?<\/p>\n\n\n\n<p class=\"\">D&rsquo;un point de vue l\u00e9gal, la d\u00e9cision fran\u00e7aise ne devrait pas changer fondamentalement les choses.&nbsp;Pour exister, un Etat n&rsquo;a pas besoin d&rsquo;\u00eatre reconnu formellement par tous les autres et c&rsquo;est&nbsp;<em>\u00ab\u00a0sans effet sur ses droits et ses obligations internationales\u00a0\u00bb<\/em>, explique ainsi Romain Le B\u0153uf, professeur de droit international \u00e0 l&rsquo;universit\u00e9 d&rsquo;Aix-Marseille, dans&nbsp;<a href=\"https:\/\/www.telerama.fr\/debats-reportages\/quels-sont-les-enjeux-de-la-reconnaissance-d-un-etat-palestinien-par-l-europe-2216-7020672.php\" target=\"_blank\" rel=\"noreferrer noopener\"><em>T\u00e9l\u00e9rama<\/em>(Nouvelle fen\u00eatre)<\/a>. L&rsquo;Etat d&rsquo;Isra\u00ebl n&rsquo;est lui-m\u00eame pas reconnu par 21 pays, dont l&rsquo;Arabie saoudite, devenue un acteur majeur de la s\u00e9curit\u00e9 de la r\u00e9gion.<\/p>\n\n\n\n<p class=\"\">Les territoires palestiniens,<strong>\u00a0<\/strong>bien qu&rsquo;occup\u00e9s par Isra\u00ebl, poss\u00e8dent ainsi leurs propres gouvernements et institutions, un drapeau et un hymne. L&rsquo;Autorit\u00e9 palestinienne gouverne en Cisjordanie et \u00e0 J\u00e9rusalem-Est,\u00a0<a href=\"https:\/\/www.franceinfo.fr\/monde\/palestine\/gaza\/israel-palestine-qu-est-ce-que-le-hamas-l-organisation-islamiste-qui-controle-gaza_4629481.html\">tandis que le Hamas est au pouvoir dans la bande de Gaza<\/a>, territoire ravag\u00e9 par deux ans de guerre.\u00a0Depuis qu&rsquo;elle est devenue membre observateur de l&rsquo;ONU en 2011, la Palestine fait \u00e9galement partie de plusieurs organisations internationales, comme l&rsquo;Unesco et la Cour p\u00e9nale internationale. Elle pourrait un jour devenir un membre \u00e0 part enti\u00e8re de l&rsquo;Organisation des Nations unies, \u00e0 condition que le Conseil de s\u00e9curit\u00e9 en fasse la proposition et que celle-ci soit adopt\u00e9e par l&rsquo;Assembl\u00e9e g\u00e9n\u00e9rale.\u00a0Mais une initiative en ce sens risquerait de se heurter au veto am\u00e9ricain, comme ce fut d\u00e9j\u00e0 le cas\u00a0<a href=\"https:\/\/x.com\/ONUinfo\/status\/1781069582574195036?ref_src=twsrc%5Etfw%7Ctwcamp%5Etweetembed%7Ctwterm%5E1781069582574195036%7Ctwgr%5Ed9f1ff79dfc0b12fe2eaed7663acbaebc49e3019%7Ctwcon%5Es1_&amp;ref_url=https%3A%2F%2Fnews.un.org%2Ffr%2Fstory%2F2024%2F04%2F1144941\" target=\"_blank\" rel=\"noreferrer noopener\">en avril 2024(Nouvelle fen\u00eatre)<\/a>.4&nbsp;Pourquoi les Etats-Unis ou l&rsquo;Allemagne refusent-ils toujours de reconna\u00eetre la Palestine&nbsp;?<\/p>\n\n\n\n<p class=\"\">Plusieurs pays s&rsquo;opposent toujours \u00e0 la reconnaissance d&rsquo;un Etat palestinien, en premier lieu les Etats-Unis, ainsi que des pays europ\u00e9ens, dont l&rsquo;Allemagne. La plupart sont des alli\u00e9s traditionnels de l&rsquo;Etat h\u00e9breu.&nbsp;<em>\u00ab\u00a0Le seul effet<\/em>&nbsp;[que ces reconnaissances]&nbsp;<em>produisent r\u00e9ellement, c&rsquo;est de rendre le Hamas plus enhardi\u00a0\u00bb<\/em>, a accus\u00e9 le&nbsp;secr\u00e9taire d&rsquo;Etat am\u00e9ricain Marco Rubio, depuis J\u00e9rusalem, le 15 septembre.<em>&nbsp;<\/em><em>\u00ab\u00a0Cela constitue en r\u00e9alit\u00e9 un obstacle \u00e0 la paix\u00a0\u00bb<\/em>, a-t-il ajout\u00e9.<\/p>\n\n\n\n<p class=\"\">Une position d\u00e9fendue depuis longtemps par la diplomatie am\u00e9ricaine.&nbsp;<em>\u00ab\u00a0<\/em><em>Bien que&nbsp;<\/em>[les Etats-Unis]<em>&nbsp;d\u00e9fendent du bout des l\u00e8vres la n\u00e9cessit\u00e9 de cr\u00e9er un Etat palestinien, les Etats-Unis insistent sur des n\u00e9gociations directes entre Isra\u00ebl et la Palestine, ce qui revient \u00e0 accorder \u00e0 Isra\u00ebl un droit de veto sur les aspirations palestiniennes \u00e0 l&rsquo;autod\u00e9termination\u00a0\u00bb<\/em>, analyse&nbsp;Fawaz Gerges, professeur de relations internationales \u00e0 la London School of Economics, interrog\u00e9 par la&nbsp;<a href=\"https:\/\/www.bbc.com\/afrique\/articles\/c5yl9qw0we6o\" target=\"_blank\" rel=\"noreferrer noopener\">BBC(Nouvelle fen\u00eatre)<\/a>.<\/p>\n\n\n\n<p class=\"\">C\u00f4t\u00e9 Allemand, o\u00f9 l&rsquo;on d\u00e9fend une solution \u00e0 deux Etats, le chancelier Friedrich Merz avait estim\u00e9 en ao\u00fbt que les&nbsp;<em>\u00ab\u00a0conditions n&rsquo;\u00e9taient pas remplies\u00a0\u00bb<\/em>&nbsp;pour une reconnaissance de l&rsquo;Etat palestinien, rapporte&nbsp;<a href=\"https:\/\/www.reuters.com\/world\/americas\/merz-germany-will-not-join-allies-initiative-recognise-palestinian-state-2025-08-26\/\" target=\"_blank\" rel=\"noreferrer noopener\">Reuters(Nouvelle fen\u00eatre)<\/a>.<strong>&nbsp;<\/strong>Une partie des pays europ\u00e9ens conditionnent ainsi une reconnaissance de la Palestine \u00e0 une d\u00e9cision similaire des Etats arabes, notamment l&rsquo;Arabie saoudite, envers Isra\u00ebl.<\/p>\n\n\n\n<h2 class=\"wp-block-heading\">5&nbsp;Comment r\u00e9agit Isra\u00ebl \u00e0 cette pression diplomatique&nbsp;?&nbsp;<\/h2>\n\n\n\n<p class=\"\">Le gouvernement isra\u00e9lien s&rsquo;est montr\u00e9 particuli\u00e8rement critique face \u00e0 la d\u00e9cision fran\u00e7aise.&nbsp;<em>\u00ab\u00a0L&rsquo;initiative actuelle visant \u00e0 reconna\u00eetre un suppos\u00e9 Etat palestinien (&#8230;) r\u00e9compense le Hamas pour le massacre du 7-Octobre\u00a0\u00bb<\/em>, a d\u00e9clar\u00e9 Gid\u00e9on Saar, le ministre isra\u00e9lien des Affaires \u00e9trang\u00e8res. Une opinion partag\u00e9e par le pr\u00e9sident isra\u00e9lien Isaac Herzog lors d&rsquo;une visite \u00e0 Londres (Royaume-Uni), selon qui&nbsp;<em>\u00ab\u00a0toute initiative visant \u00e0 reconna\u00eetre un Etat palestinien \u00e0 ce stade reviendrait \u00e0 r\u00e9compenser le terrorisme et risquerait de compromettre les efforts visant \u00e0 obtenir la lib\u00e9ration des otages et \u00e0 mettre fin \u00e0 la guerre\u00a0\u00bb<\/em>.<\/p>\n\n\n\n<p class=\"\">En r\u00e9ponse \u00e0 la d\u00e9cision fran\u00e7aise, Tel-Aviv&nbsp;<a href=\"https:\/\/www.franceinfo.fr\/monde\/proche-orient\/israel-palestine\/info-franceinfo-la-fermeture-du-consulat-de-france-a-jerusalem-est-sur-la-table-du-premier-ministre-israelien-selon-une-porte-parole_7474714.html\">a menac\u00e9 d&rsquo;expulser le consul g\u00e9n\u00e9ral fran\u00e7ais de J\u00e9rusalem<\/a>. De nombreuses voix s&rsquo;inqui\u00e8tent d&rsquo;une annexion pure et simple de la Cisjordanie, occup\u00e9e par Isra\u00ebl depuis 1967. Le gouvernement isra\u00e9lien, soutenu par l&rsquo;extr\u00eame droite,&nbsp;<a href=\"https:\/\/www.franceinfo.fr\/monde\/palestine\/l-objectif-est-de-chasser-les-palestiniens-comment-israel-et-les-colons-multiplient-les-avancees-vers-l-annexion-de-la-cisjordanie-occupee_7367019.html\">a largement acc\u00e9l\u00e9r\u00e9 l&rsquo;expansion de colonies ill\u00e9gales<\/a>&nbsp;dans le territoire palestinien depuis le d\u00e9but de la guerre avec le Hamas. En mai,&nbsp;le ministre de la D\u00e9fense du pays, Isra\u00ebl Katz, avait envoy\u00e9&nbsp;<em>\u00ab\u00a0un message clair\u00a0\u00bb&nbsp;<\/em>\u00e0 Emmanuel Macron&nbsp;<em>\u00ab\u00a0et \u00e0 ses amis\u00a0\u00bb&nbsp;<\/em>:<em>&nbsp;\u00ab\u00a0Ils reconna\u00eetront un Etat palestinien sur le papier, et nous construirons ici l&rsquo;Etat juif isra\u00e9lien.\u00a0\u00bb<\/em><\/p>\n\n\n\n<h2 class=\"wp-block-heading\">6&nbsp;Est-ce que cette reconnaissance peut faire progresser la \u00ab\u00a0solution \u00e0 deux Etats\u00a0\u00bb&nbsp;?<\/h2>\n\n\n\n<p class=\"\">(NouvelleDerri\u00e8re la question de la reconnaissance de la Palestine se pose celle de la&nbsp;<em>\u00ab\u00a0solution \u00e0 deux Etats\u00a0\u00bb<\/em>, d\u00e9fendue notamment par la France, qui esp\u00e8re sa relance. Ce compromis politique avait \u00e9t\u00e9 atteint par les Isra\u00e9liens et les Palestiniens en 1993, avec la signature des accords d&rsquo;Oslo. Mais cet objectif a depuis \u00e9t\u00e9 abandonn\u00e9. L&rsquo;Assembl\u00e9e g\u00e9n\u00e9rale de l&rsquo;ONU&nbsp;<a href=\"https:\/\/www.franceinfo.fr\/monde\/proche-orient\/guerre\/guerre-au-proche-orient-l-assemblee-generale-de-l-onu-adopte-une-resolution-pour-un-futur-etat-palestinien-excluant-le-hamas_7488385.html\">a d&rsquo;ailleurs adopt\u00e9 un texte en ce sens le 12 septembre<\/a>, pr\u00e9par\u00e9 par la France et l&rsquo;Arabie saoudite. En mai dernier, le Quai d&rsquo;Orsay soulignait que la reconnaissance de la Palestine \u00e9tait&nbsp;<em>\u00ab\u00a0un&nbsp;<\/em><em>outil diplomatique au service de la solution \u00e0 deux Etats vivant c\u00f4te \u00e0 c\u00f4te, en paix et en s\u00e9curit\u00e9\u00a0\u00bb<\/em>. Paris esp\u00e8re ainsi que sa d\u00e9cision poussera des&nbsp;pays arabes, dont l&rsquo;Arabie saoudite, \u00e0 reconna\u00eetre Isra\u00ebl, \u00e9tape essentielle pour normaliser les relations dans la r\u00e9gion.<\/p>\n\n\n\n<p class=\"\">Le texte adopt\u00e9 par l&rsquo;ONU demande au Hamas de&nbsp;<em>\u00ab\u00a0cesser d&rsquo;exercer son autorit\u00e9 sur la bande de Gaza et remettre ses armes \u00e0 l&rsquo;Autorit\u00e9 palestinienne\u00a0\u00bb&nbsp;<\/em>et de<em>&nbsp;\u00ab\u00a0lib\u00e9rer tous les otages\u00a0\u00bb&nbsp;<\/em>d\u00e9tenus \u00e0 Gaza pour permettre l&rsquo;instauration d&rsquo;un Etat palestinien \u00ab\u00a0<em>d\u00e9militaris\u00e9\u00a0\u00bb<\/em>. Un plan r\u00e9aliste&nbsp;?&nbsp;Tahani Mustafa estime que&nbsp;<em>\u00ab\u00a0la solution \u00e0 deux Etats n&rsquo;est pas morte, d&rsquo;abord parce que les Isra\u00e9liens et les Palestiniens veulent vivre s\u00e9par\u00e9s\u00a0\u00bb<\/em>. Mais elle se heurte \u00e0 une r\u00e9alit\u00e9&nbsp;: le refus d&rsquo;Isra\u00ebl.&nbsp;<em>\u00ab\u00a0<\/em><em>On ne peut pas parler de solution \u00e0 deux Etats si Isra\u00ebl n&rsquo;arr\u00eate pas d&rsquo;accaparer chaque centim\u00e8tre carr\u00e9 des territoires palestiniens. Si \u00e0 la fin n&rsquo;y a m\u00eame plus de Palestiniens, comment pourra-t-on alors parler de solution \u00e0 deux Etats&nbsp;?\u00a0\u00bb<\/em>, interroge la sp\u00e9cialiste.<\/p>\n","protected":false},"excerpt":{"rendered":"<p>La d\u00e9cision de la France de reconna\u00eetre la Palestine est le r\u00e9sultat d&rsquo;un effort diplomatique soutenu par l&rsquo;Arabie saoudite. Mais ses cons\u00e9quences sur la guerre \u00e0 Gaza sont incertaines. \u00ab\u00a0Le temps est venu de rendre justice au peuple palestinien.\u00a0\u00bb\u00a0La France a officiellement reconnu l&rsquo;Etat palestinien, lundi 22 septembre, lors d&rsquo;une Assembl\u00e9e g\u00e9n\u00e9rale de l&rsquo;ONU \u00e0 [&hellip;]<\/p>\n","protected":false},"author":2,"featured_media":38393,"comment_status":"open","ping_status":"open","sticky":false,"template":"","format":"standard","meta":{"_jetpack_memberships_contains_paid_content":false,"footnotes":"","jetpack_publicize_message":"","jetpack_publicize_feature_enabled":true,"jetpack_social_post_already_shared":true,"jetpack_social_options":{"image_generator_settings":{"template":"highway","default_image_id":0,"font":"","enabled":true,"token":"eyJpbWciOiJodHRwczpcL1wvd3d3LmljZWFnZXR2LmNvbVwvcmFkaW9zaXRlXC93cC1jb250ZW50XC91cGxvYWRzXC8yMDI1XC8wOVwvU2l4LXF1ZXN0aW9ucy1zdXItbGEtcmVjb25uYWlzc2FuY2UtZGUtbEV0YXQtZGUtUGFsZXN0aW5lLXBhci1sYS1GcmFuY2UtMTAyNHg0MzcuanBnIiwidHh0IjoiU29sdXRpb24gXHUwMGUwIGRldXggRXRhdHMsIHJcdTAwZTlhY3Rpb24gZCYjODIxNztJc3JhXHUwMGVibCwgZXNwb2lyIGRlIHBhaXhcdTIwMjYgU2l4IHF1ZXN0aW9ucyBzdXIgbGEgcmVjb25uYWlzc2FuY2UgZGUgbCYjODIxNztFdGF0IGRlIFBhbGVzdGluZSBwYXIgbGEgRnJhbmNlIiwidGVtcGxhdGUiOiJoaWdod2F5IiwiZm9udCI6IiIsImJsb2dfaWQiOjExMTAxNjQ2MX0.kubcm3r2XnTqbRVW9uKboroWJq0khmDwB-liv31bJigMQ"},"version":2},"_wpas_customize_per_network":false},"categories":[405],"tags":[],"class_list":["post-38391","post","type-post","status-publish","format-standard","has-post-thumbnail","hentry","category-actu-france-monde"],"jetpack_publicize_connections":[],"jetpack_featured_media_url":"https:\/\/i0.wp.com\/www.iceagetv.com\/radiosite\/wp-content\/uploads\/2025\/09\/Six-questions-sur-la-reconnaissance-de-lEtat-de-Palestine-par-la-France.jpg?fit=1261%2C538&ssl=1","jetpack_sharing_enabled":true,"_links":{"self":[{"href":"https:\/\/www.iceagetv.com\/radiosite\/wp-json\/wp\/v2\/posts\/38391","targetHints":{"allow":["GET"]}}],"collection":[{"href":"https:\/\/www.iceagetv.com\/radiosite\/wp-json\/wp\/v2\/posts"}],"about":[{"href":"https:\/\/www.iceagetv.com\/radiosite\/wp-json\/wp\/v2\/types\/post"}],"author":[{"embeddable":true,"href":"https:\/\/www.iceagetv.com\/radiosite\/wp-json\/wp\/v2\/users\/2"}],"replies":[{"embeddable":true,"href":"https:\/\/www.iceagetv.com\/radiosite\/wp-json\/wp\/v2\/comments?post=38391"}],"version-history":[{"count":1,"href":"https:\/\/www.iceagetv.com\/radiosite\/wp-json\/wp\/v2\/posts\/38391\/revisions"}],"predecessor-version":[{"id":38394,"href":"https:\/\/www.iceagetv.com\/radiosite\/wp-json\/wp\/v2\/posts\/38391\/revisions\/38394"}],"wp:featuredmedia":[{"embeddable":true,"href":"https:\/\/www.iceagetv.com\/radiosite\/wp-json\/wp\/v2\/media\/38393"}],"wp:attachment":[{"href":"https:\/\/www.iceagetv.com\/radiosite\/wp-json\/wp\/v2\/media?parent=38391"}],"wp:term":[{"taxonomy":"category","embeddable":true,"href":"https:\/\/www.iceagetv.com\/radiosite\/wp-json\/wp\/v2\/categories?post=38391"},{"taxonomy":"post_tag","embeddable":true,"href":"https:\/\/www.iceagetv.com\/radiosite\/wp-json\/wp\/v2\/tags?post=38391"}],"curies":[{"name":"wp","href":"https:\/\/api.w.org\/{rel}","templated":true}]}}