{"id":38426,"date":"2025-09-24T10:55:37","date_gmt":"2025-09-24T08:55:37","guid":{"rendered":"https:\/\/www.iceagetv.com\/radiosite\/?p=38426"},"modified":"2025-09-24T10:55:40","modified_gmt":"2025-09-24T08:55:40","slug":"a-lonu-donald-trump-et-emmanuel-macron-defendent-deux-visions-opposees-des-institutions-internationales","status":"publish","type":"post","link":"https:\/\/www.iceagetv.com\/radiosite\/a-lonu-donald-trump-et-emmanuel-macron-defendent-deux-visions-opposees-des-institutions-internationales\/","title":{"rendered":"A l&rsquo;ONU, Donald Trump et Emmanuel Macron d\u00e9fendent deux visions oppos\u00e9es des institutions internationales"},"content":{"rendered":"\n<p class=\"\">L&rsquo;Assembl\u00e9e g\u00e9n\u00e9rale des Nations unies a \u00e9t\u00e9 le th\u00e9\u00e2tre d&rsquo;un affrontement entre deux visions divergentes de ces instances, mais, au-del\u00e0 des discours, les efforts diplomatiques battent leur plein.<em>Quel est le but des Nations unies ?\u00a0\u00bb\u00a0<\/em>Face aux d\u00e9l\u00e9gu\u00e9s r\u00e9unis \u00e0 New York pour l&rsquo;Assembl\u00e9e g\u00e9n\u00e9rale de l&rsquo;ONU, mardi 23 septembre, Donald Trump s&rsquo;est pay\u00e9 l&rsquo;organisation octog\u00e9naire.\u00a0<em>\u00ab\u00a0Les deux choses que j&rsquo;ai eues des Nations unies, c&rsquo;est un escalier m\u00e9canique et un t\u00e9l\u00e9prompteur d\u00e9faillant\u00a0\u00bb<\/em>, a moqu\u00e9 le pr\u00e9sident am\u00e9ricain, en r\u00e9f\u00e9rence \u00e0 des probl\u00e8mes techniques lors de son arriv\u00e9e. Mais derri\u00e8re l&rsquo;ironie et les questions provocatrices, le milliardaire a d\u00e9livr\u00e9 sa vision s\u00e9v\u00e8re des instances internationales, fustigeant notamment la d\u00e9cision de la France et de plusieurs autres pays occidentaux\u00a0<a href=\"https:\/\/www.franceinfo.fr\/monde\/palestine\/la-france-reconnait-l-etat-de-palestine-cinq-sequences-a-retenir-du-discours-d-emmanuel-macron-devant-l-onu_7507573.html\">de reconna\u00eetre l&rsquo;Etat de Palestine<\/a>.\u00a0Ces piques n&rsquo;ont pas manqu\u00e9 de faire r\u00e9agir le pr\u00e9sident fran\u00e7ais. Dans une prise de parole en forme de r\u00e9ponse aux reproches formul\u00e9s par son homologue am\u00e9ricain, Emmanuel Macron a d\u00e9fendu, \u00e0 la tribune, un&nbsp;<em>\u00ab\u00a0multilat\u00e9ralisme efficace\u00a0\u00bb,<\/em>&nbsp;face aux assauts protectionnistes et postures nationalistes provenant des<em>&nbsp;\u00ab\u00a0pires critiques\u00a0\u00bb<\/em>&nbsp;de l&rsquo;ONU. \u00ab\u00a0[Ils sont]&nbsp;<em>aussi ceux qui veulent changer les r\u00e8gles du jeu, s\u00fbrs qu&rsquo;ils sont de leur domination et plus int\u00e9ress\u00e9s \u00e0 se partager le monde qu&rsquo;\u00e0 d\u00e9gager les compromis n\u00e9cessaires au bien commun\u00a0\u00bb,&nbsp;<\/em>a-t-il poursuivi, sans nommer Donald Trump.<\/p>\n\n\n\n<p class=\"\">Emmanuel Macron a \u00e9galement mis en garde, mardi, contre&nbsp;<em>\u00ab\u00a0le risque de voir&nbsp;<\/em>[l&#8217;emporter]<em>&nbsp;la loi du plus fort l&#8217;emporter\u00a0\u00bb et \u00ab\u00a0l&rsquo;\u00e9go\u00efsme de quelques-uns\u00a0\u00bb.&nbsp;<\/em><em>\u00ab\u00a0Nous vivons un moment paradoxal o\u00f9 nous avons besoin plus que jamais de restaurer l&rsquo;esprit de coop\u00e9ration qui a pr\u00e9valu il y a quatre-vingts&nbsp;ans\u00a0\u00bb,<\/em>&nbsp;lors de la naissance de l&rsquo;organisation mondiale, a encore relev\u00e9 le pr\u00e9sident fran\u00e7ais.&nbsp;<em>\u00ab\u00a0Et o\u00f9, pour autant, nous sommes en train de nous diviser et o\u00f9 les divisions au sommet de l&rsquo;ordre mondial, la fracturation du monde, nous freinent dans notre capacit\u00e9 collective \u00e0 r\u00e9gler les grands conflits du moment ou \u00e0 relever les d\u00e9fis qui supposent de nous entendre\u00a0\u00bb.&nbsp;<\/em><em>\u00ab\u00a0Cette Assembl\u00e9e, c&rsquo;est nous\u00a0\u00bb,&nbsp;<\/em>a encore lanc\u00e9 le chef de l&rsquo;Etat.<em>&nbsp;\u00ab\u00a0Si elle est inefficace, c&rsquo;est que quelques-uns la bloquent.&nbsp;<\/em><em>Et souvent les plus puissants\u00a0\u00bb.<\/em><\/p>\n\n\n\n<h2 class=\"wp-block-heading\">Des \u00ab\u00a0r\u00e9unions fructueuses\u00a0\u00bb en marge de l&rsquo;Assembl\u00e9e g\u00e9n\u00e9rale<\/h2>\n\n\n\n<p class=\"\">Ces divergences de fond n&rsquo;ont en tout cas pas emp\u00each\u00e9 Emmanuel Macron et Donald Trump d&rsquo;avoir un peu plus tard une discussion bilat\u00e9rale dans une&nbsp;<em>\u00ab\u00a0atmosph\u00e8re chaleureuse et constructive\u00a0\u00bb<\/em>, selon les termes de l&rsquo;Elys\u00e9e. \u00ab\u00a0<em>C&rsquo;est un bon ami \u00e0 moi\u00a0\u00bb,&nbsp;<\/em>a lanc\u00e9 le pr\u00e9sident am\u00e9ricain \u00e0 l&rsquo;\u00e9gard de son homologue fran\u00e7ais.&nbsp;<em>\u00ab\u00a0Il fait un super boulot. Il se bat bien et sur plusieurs fronts\u00a0\u00bb,<\/em>&nbsp;a-t-il ajout\u00e9, louant&nbsp;<em>\u00ab\u00a0son aide sur la question de la catastrophe entre la Russie et l&rsquo;Ukraine\u00a0\u00bb.&nbsp;<\/em><\/p>\n\n\n\n<p class=\"\">Donald Trump a en revanche de nouveau d\u00e9plor\u00e9 la reconnaissance par la France de la Palestine, qui constitue selon lui&nbsp;<em>\u00ab\u00a0une r\u00e9compense pour le Hamas.\u00a0\u00bb&nbsp;<\/em>Des propos auxquels Emmanuel Macron s&rsquo;est aussit\u00f4t oppos\u00e9, notant toutefois que Paris et Washington s&rsquo;entendaient sur la n\u00e9cessit\u00e9 de mettre un terme au conflit et de voir le retour des otages isra\u00e9liens d\u00e9tenus dans la bande de Gaza.&nbsp;<em>\u00ab\u00a0Le pr\u00e9sident Trump a tout \u00e0 fait raison&nbsp;: personne n&rsquo;oublie le 7-Octobre (\u2026). Mais apr\u00e8s presque deux ans de guerre, quels r\u00e9sultats&nbsp;? Il y a aujourd&rsquo;hui autant de membres du Hamas qu&rsquo;au premier jour du conflit. Donc&nbsp;<\/em>[la strat\u00e9gie pour d\u00e9manteler l&rsquo;organisation islamiste]&nbsp;<em>ne fonctionne pas\u00a0\u00bb,<\/em>&nbsp;a r\u00e9pondu le chef de l&rsquo;Etat, cette fois assis \u00e0 c\u00f4t\u00e9 de Donald Trump.&nbsp;<\/p>\n\n\n\n<p class=\"\">Finalement, les deux hommes ont not\u00e9 que ce sujet ferait encore l&rsquo;objet de r\u00e9unions entre dirigeants rassembl\u00e9s en marge de cette Assembl\u00e9e g\u00e9n\u00e9rale. Apr\u00e8s avoir d\u00e9clar\u00e9 \u00e0 la tribune&nbsp;<em>\u00ab\u00a0avoir mis un terme \u00e0 des guerres \u00e0 la place des Nations unis\u00a0\u00bb<\/em>, le pr\u00e9sident am\u00e9ricain s&rsquo;est notamment entretenu avec les dirigeants de plusieurs pays musulmans (Qatar, Arabie saoudite, Indon\u00e9sie, Turquie, Pakistan, Egypte, Emirats arabes unis et Jordanie) sur la crise en cours au Proche-Orient.&nbsp;<em>\u00ab\u00a0Ce fut une r\u00e9union tr\u00e8s fructueuse avec tous les grands acteurs, \u00e0 l&rsquo;exception d&rsquo;Isra\u00ebl. Mais cela viendra ensuite\u00a0\u00bb,<\/em>&nbsp;a-t-il d\u00e9clar\u00e9, enclin, malgr\u00e9 les discours virulents, \u00e0 jouer le jeu de la diplomatie onusienne.&nbsp;<\/p>\n","protected":false},"excerpt":{"rendered":"<p>L&rsquo;Assembl\u00e9e g\u00e9n\u00e9rale des Nations unies a \u00e9t\u00e9 le th\u00e9\u00e2tre d&rsquo;un affrontement entre deux visions divergentes de ces instances, mais, au-del\u00e0 des discours, les efforts diplomatiques battent leur plein.Quel est le but des Nations unies ?\u00a0\u00bb\u00a0Face aux d\u00e9l\u00e9gu\u00e9s r\u00e9unis \u00e0 New York pour l&rsquo;Assembl\u00e9e g\u00e9n\u00e9rale de l&rsquo;ONU, mardi 23 septembre, Donald Trump s&rsquo;est pay\u00e9 l&rsquo;organisation octog\u00e9naire.\u00a0\u00ab\u00a0Les [&hellip;]<\/p>\n","protected":false},"author":2,"featured_media":38427,"comment_status":"open","ping_status":"open","sticky":false,"template":"","format":"standard","meta":{"_jetpack_memberships_contains_paid_content":false,"footnotes":"","jetpack_publicize_message":"","jetpack_publicize_feature_enabled":true,"jetpack_social_post_already_shared":true,"jetpack_social_options":{"image_generator_settings":{"template":"highway","default_image_id":0,"font":"","enabled":true,"token":"eyJpbWciOiJodHRwczpcL1wvd3d3LmljZWFnZXR2LmNvbVwvcmFkaW9zaXRlXC93cC1jb250ZW50XC91cGxvYWRzXC8yMDI1XC8wOVwvRG9uYWxkLVRydW1wLWV0LUVtbWFudWVsLU1hY3Jvbi1kZWZlbmRlbnQtZGV1eC12aXNpb25zLW9wcG9zZWVzLmpwZyIsInR4dCI6IkEgbCYjODIxNztPTlUsIERvbmFsZCBUcnVtcCBldCBFbW1hbnVlbCBNYWNyb24gZFx1MDBlOWZlbmRlbnQgZGV1eCB2aXNpb25zIG9wcG9zXHUwMGU5ZXMgZGVzIGluc3RpdHV0aW9ucyBpbnRlcm5hdGlvbmFsZXMiLCJ0ZW1wbGF0ZSI6ImhpZ2h3YXkiLCJmb250IjoiIiwiYmxvZ19pZCI6MTExMDE2NDYxfQ.KCiNF_tD1Ef-_eDBSRopCgvW1N1g-qQVAiiK8rbJmC8MQ"},"version":2},"_wpas_customize_per_network":false},"categories":[405],"tags":[],"class_list":["post-38426","post","type-post","status-publish","format-standard","has-post-thumbnail","hentry","category-actu-france-monde"],"jetpack_publicize_connections":[],"jetpack_featured_media_url":"https:\/\/i0.wp.com\/www.iceagetv.com\/radiosite\/wp-content\/uploads\/2025\/09\/Donald-Trump-et-Emmanuel-Macron-defendent-deux-visions-opposees.jpg?fit=739%2C448&ssl=1","jetpack_sharing_enabled":true,"_links":{"self":[{"href":"https:\/\/www.iceagetv.com\/radiosite\/wp-json\/wp\/v2\/posts\/38426","targetHints":{"allow":["GET"]}}],"collection":[{"href":"https:\/\/www.iceagetv.com\/radiosite\/wp-json\/wp\/v2\/posts"}],"about":[{"href":"https:\/\/www.iceagetv.com\/radiosite\/wp-json\/wp\/v2\/types\/post"}],"author":[{"embeddable":true,"href":"https:\/\/www.iceagetv.com\/radiosite\/wp-json\/wp\/v2\/users\/2"}],"replies":[{"embeddable":true,"href":"https:\/\/www.iceagetv.com\/radiosite\/wp-json\/wp\/v2\/comments?post=38426"}],"version-history":[{"count":1,"href":"https:\/\/www.iceagetv.com\/radiosite\/wp-json\/wp\/v2\/posts\/38426\/revisions"}],"predecessor-version":[{"id":38428,"href":"https:\/\/www.iceagetv.com\/radiosite\/wp-json\/wp\/v2\/posts\/38426\/revisions\/38428"}],"wp:featuredmedia":[{"embeddable":true,"href":"https:\/\/www.iceagetv.com\/radiosite\/wp-json\/wp\/v2\/media\/38427"}],"wp:attachment":[{"href":"https:\/\/www.iceagetv.com\/radiosite\/wp-json\/wp\/v2\/media?parent=38426"}],"wp:term":[{"taxonomy":"category","embeddable":true,"href":"https:\/\/www.iceagetv.com\/radiosite\/wp-json\/wp\/v2\/categories?post=38426"},{"taxonomy":"post_tag","embeddable":true,"href":"https:\/\/www.iceagetv.com\/radiosite\/wp-json\/wp\/v2\/tags?post=38426"}],"curies":[{"name":"wp","href":"https:\/\/api.w.org\/{rel}","templated":true}]}}