{"id":38459,"date":"2025-09-25T09:43:42","date_gmt":"2025-09-25T07:43:42","guid":{"rendered":"https:\/\/www.iceagetv.com\/radiosite\/?p=38459"},"modified":"2025-09-25T09:43:45","modified_gmt":"2025-09-25T07:43:45","slug":"airbags-takata-vers-une-contre-visite-obligatoire-en-2026-pour-les-vehicules-non-repares","status":"publish","type":"post","link":"https:\/\/www.iceagetv.com\/radiosite\/airbags-takata-vers-une-contre-visite-obligatoire-en-2026-pour-les-vehicules-non-repares\/","title":{"rendered":"Airbags Takata : vers une contre-visite obligatoire en 2026 pour les v\u00e9hicules non r\u00e9par\u00e9s"},"content":{"rendered":"\n<p class=\"\">Le minist\u00e8re des Transports a annonc\u00e9 que les personnes se pr\u00e9sentant au contr\u00f4le-technique avec des airbags d\u00e9fectueux devront revenir pour la contre-visite.Les v\u00e9hicules encore \u00e9quip\u00e9s des airbags d\u00e9fectueux Takata qui se pr\u00e9senteront au contr\u00f4le technique \u00e0 partir du 1\u1d49\u02b3 janvier 2026 devraient \u00eatre automatiquement soumis \u00e0 une contre-visite, a indiqu\u00e9 ce mercredi 24 septembre 2025 \u00e0&nbsp;<em>l\u2019AFP<\/em>&nbsp;le minist\u00e8re des Transports.<\/p>\n\n\n\n<p class=\"\">La mise en contre-visite syst\u00e9matique des v\u00e9hicules concern\u00e9s par un \u00ab&nbsp;stop drive&nbsp;\u00bb, rappel urgent impliquant de ne plus rouler, fait l\u2019objet d&rsquo;&nbsp;\u00bbun projet de d\u00e9cret qui a \u00e9t\u00e9 soumis \u00e0 la consultation publique (achev\u00e9e en juillet) et est d\u00e9sormais soumis \u00e0 l\u2019examen du Conseil d\u2019Etat&nbsp;\u00bb, a-t-il pr\u00e9cis\u00e9.<\/p>\n\n\n\n<p class=\"\">L\u2019objectif est\u00a0<strong>une entr\u00e9e en vigueur au 1er janvier 2026<\/strong>, selon le minist\u00e8re.1,7 million de v\u00e9hicules concern\u00e9s par le rappel<\/p>\n\n\n\n<p class=\"\">Responsables de nombreux accidents mortels dans le monde entier en raison d\u2019explosions lors de chocs anodins, les airbags d\u00e9fectueux Takata font l\u2019objet de rappels massifs. En France,<strong>&nbsp;1,7 million de v\u00e9hicules de toutes marques sont concern\u00e9s<\/strong>&nbsp;par&nbsp;<a href=\"https:\/\/actu.fr\/societe\/airbags-takata-citroen-volkswagen-ford-la-liste-de-toutes-les-voitures-qui-doivent-etre-immobilisees_62820040.html\">un rappel \u00ab&nbsp;stop drive<\/a>\u00ab&nbsp;, qui implique de ne plus circuler avant le remplacement \u2013 gratuit \u2013 des airbags.<\/p>\n\n\n\n<p class=\"\">La mesure envisag\u00e9e pour d\u00e9but 2026 \u00ab&nbsp;vise, dans le cadre des rappels d\u2019airbags Takata, \u00e0 s\u2019assurer de la r\u00e9paration effective des v\u00e9hicules concern\u00e9s \u00e0 l\u2019occasion du contr\u00f4le technique&nbsp;\u00bb, a soulign\u00e9 le minist\u00e8re.<\/p>\n\n\n\n<p class=\"\">Quand elle sera en vigueur, un v\u00e9hicule encore \u00e9quip\u00e9 d\u2019un airbag Takata qui se pr\u00e9sentera au contr\u00f4le technique recevra un avis impliquant une immobilisation dans l\u2019attente du changement du mat\u00e9riel d\u00e9fectueux.&nbsp;<\/p>\n\n\n\n<h2 class=\"wp-block-heading\">Tra\u00e7abilit\u00e9 pas bonne<\/h2>\n\n\n\n<p class=\"\">L\u2019Inspection g\u00e9n\u00e9rale de l\u2019environnement et du d\u00e9veloppement durable (IGEDD), autorit\u00e9 ind\u00e9pendante, avait plaid\u00e9 fin juillet\u00a0<strong>le remplacement des airbags Takata<\/strong>\u00a0comme condition pour valider le contr\u00f4le technique,\u00a0afin d\u2019acc\u00e9l\u00e9rer les rappels \u00ab\u00a0stop drive\u00a0\u00bb en cours.Cette condition emp\u00eacherait de fait la revente de ces v\u00e9hicules dangereux sur le march\u00e9 de l\u2019occasion et permettrait \u00ab&nbsp;d\u2019\u00e9cr\u00e9mer le march\u00e9 dans un syst\u00e8me o\u00f9 la tra\u00e7abilit\u00e9 n\u2019est pas bonne&nbsp;\u00bb, expliquait-elle.<\/p>\n\n\n\n<p class=\"\">Les contr\u00f4leurs techniques sont d\u00e9j\u00e0 cens\u00e9s informer les propri\u00e9taires de v\u00e9hicules faisant l\u2019objet d\u2019un rappel. Mais les v\u00e9hicules concern\u00e9s et leurs propri\u00e9taires restent parfois difficiles \u00e0 identifier, notamment en raison des carences du fichier des immatriculations (SIV).\u00a0Manque de r\u00e9activit\u00e9 de propri\u00e9taires<\/p>\n\n\n\n<p class=\"\">L\u2019IGEDD soulignait aussi dans son rapport remis au ministre des Transports le \u00ab&nbsp;manque de r\u00e9activit\u00e9 de certains propri\u00e9taires qui ne per\u00e7oivent pas l\u2019importance du message&nbsp;\u00bb et \u00ab&nbsp;l\u2019absence d\u2019incitation, voire d\u2019obligation, \u00e0 changer rapidement les airbags d\u00e9fectueux&nbsp;\u00bb.<\/p>\n\n\n\n<p class=\"\">Alors que des rumeurs sur un durcissement g\u00e9n\u00e9ralis\u00e9 du contr\u00f4le technique au 1er janvier 2026 ont \u00e9t\u00e9 relay\u00e9es ces derniers jours sur les r\u00e9seaux sociaux et dans la presse, le minist\u00e8re a soulign\u00e9 mercredi que la mesure visant les airbags Takata \u00e9tait la seule envisag\u00e9e \u00e0 ce jour.<\/p>\n","protected":false},"excerpt":{"rendered":"<p>Le minist\u00e8re des Transports a annonc\u00e9 que les personnes se pr\u00e9sentant au contr\u00f4le-technique avec des airbags d\u00e9fectueux devront revenir pour la contre-visite.Les v\u00e9hicules encore \u00e9quip\u00e9s des airbags d\u00e9fectueux Takata qui se pr\u00e9senteront au contr\u00f4le technique \u00e0 partir du 1\u1d49\u02b3 janvier 2026 devraient \u00eatre automatiquement soumis \u00e0 une contre-visite, a indiqu\u00e9 ce mercredi 24 septembre 2025 [&hellip;]<\/p>\n","protected":false},"author":2,"featured_media":38460,"comment_status":"open","ping_status":"open","sticky":false,"template":"","format":"standard","meta":{"_jetpack_memberships_contains_paid_content":false,"footnotes":"","jetpack_publicize_message":"","jetpack_publicize_feature_enabled":true,"jetpack_social_post_already_shared":true,"jetpack_social_options":{"image_generator_settings":{"template":"highway","default_image_id":0,"font":"","enabled":true,"token":"eyJpbWciOiJodHRwczpcL1wvd3d3LmljZWFnZXR2LmNvbVwvcmFkaW9zaXRlXC93cC1jb250ZW50XC91cGxvYWRzXC8yMDI1XC8wOVwvbmV3c21sYWZwLWNvbS0yMDI1MDIxOXQxMjAyMjh6ZG9jLTM2eTc2Y3gtOTYweDY0MC0xLmpwZyIsInR4dCI6IkFpcmJhZ3MgVGFrYXRhIDogdmVycyB1bmUgY29udHJlLXZpc2l0ZSBvYmxpZ2F0b2lyZSBlbiAyMDI2IHBvdXIgbGVzIHZcdTAwZTloaWN1bGVzIG5vbiByXHUwMGU5cGFyXHUwMGU5cyIsInRlbXBsYXRlIjoiaGlnaHdheSIsImZvbnQiOiIiLCJibG9nX2lkIjoxMTEwMTY0NjF9.bmcHRvKJzaWPBlyrXpNQZNscLzTTHEqUgIvn3g1teicMQ"},"version":2},"_wpas_customize_per_network":false},"categories":[405],"tags":[],"class_list":["post-38459","post","type-post","status-publish","format-standard","has-post-thumbnail","hentry","category-actu-france-monde"],"jetpack_publicize_connections":[],"jetpack_featured_media_url":"https:\/\/i0.wp.com\/www.iceagetv.com\/radiosite\/wp-content\/uploads\/2025\/09\/newsmlafp-com-20250219t120228zdoc-36y76cx-960x640-1.jpg?fit=960%2C640&ssl=1","jetpack_sharing_enabled":true,"_links":{"self":[{"href":"https:\/\/www.iceagetv.com\/radiosite\/wp-json\/wp\/v2\/posts\/38459","targetHints":{"allow":["GET"]}}],"collection":[{"href":"https:\/\/www.iceagetv.com\/radiosite\/wp-json\/wp\/v2\/posts"}],"about":[{"href":"https:\/\/www.iceagetv.com\/radiosite\/wp-json\/wp\/v2\/types\/post"}],"author":[{"embeddable":true,"href":"https:\/\/www.iceagetv.com\/radiosite\/wp-json\/wp\/v2\/users\/2"}],"replies":[{"embeddable":true,"href":"https:\/\/www.iceagetv.com\/radiosite\/wp-json\/wp\/v2\/comments?post=38459"}],"version-history":[{"count":1,"href":"https:\/\/www.iceagetv.com\/radiosite\/wp-json\/wp\/v2\/posts\/38459\/revisions"}],"predecessor-version":[{"id":38461,"href":"https:\/\/www.iceagetv.com\/radiosite\/wp-json\/wp\/v2\/posts\/38459\/revisions\/38461"}],"wp:featuredmedia":[{"embeddable":true,"href":"https:\/\/www.iceagetv.com\/radiosite\/wp-json\/wp\/v2\/media\/38460"}],"wp:attachment":[{"href":"https:\/\/www.iceagetv.com\/radiosite\/wp-json\/wp\/v2\/media?parent=38459"}],"wp:term":[{"taxonomy":"category","embeddable":true,"href":"https:\/\/www.iceagetv.com\/radiosite\/wp-json\/wp\/v2\/categories?post=38459"},{"taxonomy":"post_tag","embeddable":true,"href":"https:\/\/www.iceagetv.com\/radiosite\/wp-json\/wp\/v2\/tags?post=38459"}],"curies":[{"name":"wp","href":"https:\/\/api.w.org\/{rel}","templated":true}]}}