{"id":38470,"date":"2025-09-25T17:39:37","date_gmt":"2025-09-25T15:39:37","guid":{"rendered":"https:\/\/www.iceagetv.com\/radiosite\/?p=38470"},"modified":"2025-09-25T17:39:41","modified_gmt":"2025-09-25T15:39:41","slug":"condamnation-de-nicolas-sarkozy-quest-ce-quun-mandat-de-depot-a-effet-differe-avec-execution-provisoire-auquel-lancien-president-a-ete-condamne","status":"publish","type":"post","link":"https:\/\/www.iceagetv.com\/radiosite\/condamnation-de-nicolas-sarkozy-quest-ce-quun-mandat-de-depot-a-effet-differe-avec-execution-provisoire-auquel-lancien-president-a-ete-condamne\/","title":{"rendered":"Condamnation de Nicolas Sarkozy: Qu&rsquo;est-ce qu&rsquo;un mandat de d\u00e9p\u00f4t \u00e0 effet diff\u00e9r\u00e9 avec ex\u00e9cution provisoire auquel l&rsquo;ancien pr\u00e9sident a \u00e9t\u00e9 condamn\u00e9"},"content":{"rendered":"\n<p class=\"\">L&rsquo;ancien pr\u00e9sident Nicolas Sarkozy a \u00e9t\u00e9 condamn\u00e9 \u00e0 cinq ans d&#8217;emprisonnement avec mandat de d\u00e9p\u00f4t \u00e0 effet diff\u00e9r\u00e9, assorti de l&rsquo;ex\u00e9cution provisoire, pour association de malfaiteurs dans l&rsquo;affaire du financement libyen de sa campagne \u00e9lectorale de 2007.<\/p>\n\n\n\n<p class=\"\">Mais concr\u00e8tement qu&rsquo;est-ce qu&rsquo;un mandat de d\u00e9p\u00f4t \u00e0 effet&nbsp;diff\u00e9r\u00e9 avec ex\u00e9cution provisoire ?&nbsp;Dans le langage judiciaire, certains termes paraissent complexes, mais ils ont des cons\u00e9quences tr\u00e8s concr\u00e8tes pour les personnes mises en cause. Parmi eux, on trouve le mandat de d\u00e9p\u00f4t \u00e0 d\u00e9lai diff\u00e9r\u00e9 avec ex\u00e9cution provisoire, une mesure de plus en plus utilis\u00e9e dans les tribunaux correctionnels.<\/p>\n\n\n\n<p class=\"\">Un mandat de d\u00e9p\u00f4t est une d\u00e9cision par laquelle un juge ordonne l\u2019incarc\u00e9ration imm\u00e9diate ou future d\u2019une personne condamn\u00e9e. Il ne s\u2019agit pas d\u2019une simple formalit\u00e9 : c\u2019est un acte qui entra\u00eene une privation de libert\u00e9 et qui engage la responsabilit\u00e9 du juge comme de l\u2019administration p\u00e9nitentiaire.<\/p>\n\n\n\n<p class=\"\">Lorsqu\u2019il est \u00e0 d\u00e9lai diff\u00e9r\u00e9, cela signifie que le mandat ne s\u2019ex\u00e9cute pas imm\u00e9diatement. Concr\u00e8tement, la personne condamn\u00e9e sort libre du tribunal \u00e0 l\u2019issue de l\u2019audience, mais elle sait qu\u2019elle devra entrer en prison \u00e0 une date ult\u00e9rieure fix\u00e9e par le juge ou par le procureur.<\/p>\n\n\n\n<p class=\"\">Cette modalit\u00e9 r\u00e9pond \u00e0 plusieurs objectifs. D\u2019abord, elle permet \u00e0 la personne condamn\u00e9e d\u2019organiser sa vie personnelle, familiale ou professionnelle avant son incarc\u00e9ration : pr\u00e9venir son employeur, pr\u00e9parer ses affaires, r\u00e9gler certaines d\u00e9marches. C\u2019est une mani\u00e8re d\u2019am\u00e9nager la privation de libert\u00e9 de fa\u00e7on plus humaine.<\/p>\n\n\n\n<p class=\"\">Mais ce d\u00e9lai n\u2019a pas vocation \u00e0 durer \u00e9ternellement. Il est limit\u00e9 dans le temps et peut varier selon la gravit\u00e9 de l\u2019affaire, la personnalit\u00e9 du condamn\u00e9 et la capacit\u00e9 d\u2019accueil des \u00e9tablissements p\u00e9nitentiaires. Le caract\u00e8re avec ex\u00e9cution provisoire ajoute une dimension suppl\u00e9mentaire.<\/p>\n\n\n\n<p class=\"\">Normalement, une d\u00e9cision de justice peut faire l\u2019objet d\u2019un appel et celui-ci suspend son application. Or, avec l\u2019ex\u00e9cution provisoire, le juge d\u00e9cide que la mesure doit \u00eatre appliqu\u00e9e m\u00eame si un recours est form\u00e9. Cela signifie que, malgr\u00e9 un appel de la condamnation, le mandat de d\u00e9p\u00f4t \u00e0 d\u00e9lai diff\u00e9r\u00e9 s\u2019appliquera et la personne devra bien entrer en d\u00e9tention \u00e0 la date pr\u00e9vue.<\/p>\n\n\n\n<p class=\"\">Le recours continuera son cours, mais sans effet suspensif. Pour les magistrats, ce m\u00e9canisme est un outil d\u2019efficacit\u00e9. Il \u00e9vite que des condamn\u00e9s disparaissent dans la nature en profitant des d\u00e9lais d\u2019appel, et il renforce la cr\u00e9dibilit\u00e9 des peines prononc\u00e9es. Pour les condamn\u00e9s, il s\u2019agit d\u2019une \u00e9p\u00e9e de Damocl\u00e8s : ils restent libres quelques semaines, mais savent que la prison est in\u00e9vitable.<\/p>\n\n\n\n<p class=\"\">Cette perspective a parfois un effet psychologique fort, poussant certains \u00e0 ne pas interjeter appel ou \u00e0 pr\u00e9parer activement leur d\u00e9fense. En pratique, ces mandats concernent souvent des peines d\u2019emprisonnement ferme allant de plusieurs mois \u00e0 quelques ann\u00e9es, prononc\u00e9es dans des affaires de d\u00e9linquance courante : violences, vols, trafic de stup\u00e9fiants, ou r\u00e9cidives.<\/p>\n\n\n\n<p class=\"\">Les avocats critiquent parfois cette proc\u00e9dure, qu\u2019ils jugent trop lourde pour les droits de la d\u00e9fense. Ils estiment qu\u2019une peine devrait pouvoir \u00eatre contest\u00e9e avant d\u2019\u00eatre ex\u00e9cut\u00e9e.<\/p>\n\n\n\n<p class=\"\">Mais les juridictions rappellent qu\u2019il s\u2019agit d\u2019une arme n\u00e9cessaire face \u00e0 la multiplication des dossiers et au besoin d\u2019efficacit\u00e9. Au-del\u00e0 du d\u00e9bat juridique, le mandat de d\u00e9p\u00f4t \u00e0 d\u00e9lai diff\u00e9r\u00e9 avec ex\u00e9cution provisoire illustre la recherche d\u2019un \u00e9quilibre d\u00e9licat : permettre \u00e0 la justice de sanctionner rapidement, tout en m\u00e9nageant un temps d\u2019organisation au condamn\u00e9.<\/p>\n\n\n\n<p class=\"\">C\u2019est donc une mesure hybride : ni totalement imm\u00e9diate, ni totalement suspendue, mais appliqu\u00e9e dans un cadre strict et contr\u00f4l\u00e9.<\/p>\n","protected":false},"excerpt":{"rendered":"<p>L&rsquo;ancien pr\u00e9sident Nicolas Sarkozy a \u00e9t\u00e9 condamn\u00e9 \u00e0 cinq ans d&#8217;emprisonnement avec mandat de d\u00e9p\u00f4t \u00e0 effet diff\u00e9r\u00e9, assorti de l&rsquo;ex\u00e9cution provisoire, pour association de malfaiteurs dans l&rsquo;affaire du financement libyen de sa campagne \u00e9lectorale de 2007. Mais concr\u00e8tement qu&rsquo;est-ce qu&rsquo;un mandat de d\u00e9p\u00f4t \u00e0 effet&nbsp;diff\u00e9r\u00e9 avec ex\u00e9cution provisoire ?&nbsp;Dans le langage judiciaire, certains termes [&hellip;]<\/p>\n","protected":false},"author":2,"featured_media":38471,"comment_status":"open","ping_status":"open","sticky":false,"template":"","format":"standard","meta":{"_jetpack_memberships_contains_paid_content":false,"footnotes":"","jetpack_publicize_message":"","jetpack_publicize_feature_enabled":true,"jetpack_social_post_already_shared":true,"jetpack_social_options":{"image_generator_settings":{"template":"highway","default_image_id":0,"font":"","enabled":true,"token":"eyJpbWciOiJodHRwczpcL1wvd3d3LmljZWFnZXR2LmNvbVwvcmFkaW9zaXRlXC93cC1jb250ZW50XC91cGxvYWRzXC8yMDI1XC8wOVwvSm9JdzlmYmkuanBnIiwidHh0IjoiQ29uZGFtbmF0aW9uIGRlIE5pY29sYXMgU2Fya296eTogUXUmIzgyMTc7ZXN0LWNlIHF1JiM4MjE3O3VuIG1hbmRhdCBkZSBkXHUwMGU5cFx1MDBmNHQgXHUwMGUwIGVmZmV0IGRpZmZcdTAwZTlyXHUwMGU5IGF2ZWMgZXhcdTAwZTljdXRpb24gcHJvdmlzb2lyZSBhdXF1ZWwgbCYjODIxNzthbmNpZW4gcHJcdTAwZTlzaWRlbnQgYSBcdTAwZTl0XHUwMGU5IGNvbmRhbW5cdTAwZTkiLCJ0ZW1wbGF0ZSI6ImhpZ2h3YXkiLCJmb250IjoiIiwiYmxvZ19pZCI6MTExMDE2NDYxfQ.sFhLXaVZn9g8Ti27TkJMoW0wi9v-yy1f-qGxO-oBc3sMQ"},"version":2},"_wpas_customize_per_network":false},"categories":[405],"tags":[],"class_list":["post-38470","post","type-post","status-publish","format-standard","has-post-thumbnail","hentry","category-actu-france-monde"],"jetpack_publicize_connections":[],"jetpack_featured_media_url":"https:\/\/i0.wp.com\/www.iceagetv.com\/radiosite\/wp-content\/uploads\/2025\/09\/JoIw9fbi.jpg?fit=679%2C293&ssl=1","jetpack_sharing_enabled":true,"_links":{"self":[{"href":"https:\/\/www.iceagetv.com\/radiosite\/wp-json\/wp\/v2\/posts\/38470","targetHints":{"allow":["GET"]}}],"collection":[{"href":"https:\/\/www.iceagetv.com\/radiosite\/wp-json\/wp\/v2\/posts"}],"about":[{"href":"https:\/\/www.iceagetv.com\/radiosite\/wp-json\/wp\/v2\/types\/post"}],"author":[{"embeddable":true,"href":"https:\/\/www.iceagetv.com\/radiosite\/wp-json\/wp\/v2\/users\/2"}],"replies":[{"embeddable":true,"href":"https:\/\/www.iceagetv.com\/radiosite\/wp-json\/wp\/v2\/comments?post=38470"}],"version-history":[{"count":1,"href":"https:\/\/www.iceagetv.com\/radiosite\/wp-json\/wp\/v2\/posts\/38470\/revisions"}],"predecessor-version":[{"id":38472,"href":"https:\/\/www.iceagetv.com\/radiosite\/wp-json\/wp\/v2\/posts\/38470\/revisions\/38472"}],"wp:featuredmedia":[{"embeddable":true,"href":"https:\/\/www.iceagetv.com\/radiosite\/wp-json\/wp\/v2\/media\/38471"}],"wp:attachment":[{"href":"https:\/\/www.iceagetv.com\/radiosite\/wp-json\/wp\/v2\/media?parent=38470"}],"wp:term":[{"taxonomy":"category","embeddable":true,"href":"https:\/\/www.iceagetv.com\/radiosite\/wp-json\/wp\/v2\/categories?post=38470"},{"taxonomy":"post_tag","embeddable":true,"href":"https:\/\/www.iceagetv.com\/radiosite\/wp-json\/wp\/v2\/tags?post=38470"}],"curies":[{"name":"wp","href":"https:\/\/api.w.org\/{rel}","templated":true}]}}