{"id":38483,"date":"2025-09-25T20:21:52","date_gmt":"2025-09-25T18:21:52","guid":{"rendered":"https:\/\/www.iceagetv.com\/radiosite\/?p=38483"},"modified":"2025-09-25T20:21:56","modified_gmt":"2025-09-25T18:21:56","slug":"agriculteurs-syndicats-auto-ecoles-patrons-toutes-les-mobilisations-prevues-en-france-ces-prochains-jours","status":"publish","type":"post","link":"https:\/\/www.iceagetv.com\/radiosite\/agriculteurs-syndicats-auto-ecoles-patrons-toutes-les-mobilisations-prevues-en-france-ces-prochains-jours\/","title":{"rendered":"Agriculteurs, syndicats, auto-\u00e9coles, patrons\u2026 Toutes les mobilisations pr\u00e9vues en France ces prochains jours"},"content":{"rendered":"\n<p class=\"\">La France va vivre quelques jours intenses \u00e0 partir de ce vendredi 26 septembre 2025. Plusieurs mobilisations de diff\u00e9rents corps de m\u00e9tier sont organis\u00e9es.Des jours br\u00fblants.&nbsp;<strong>La France va vivre une p\u00e9riode troubl\u00e9e<\/strong>, \u00e0 partir de ce vendredi 26 septembre 2025 et dans les prochains jours, voire semaines. Plusieurs&nbsp;<a href=\"https:\/\/actu.fr\/tag\/manifestations\">mobilisations<\/a>&nbsp;sont organis\u00e9es \u00e0 travers tout le pays, et elles n\u2019englobent pas toutes les m\u00eames revendications.<\/p>\n\n\n\n<p class=\"\">L\u2019on peut distinguer les agriculteurs, qui ne s\u2019estiment pas entendus apr\u00e8s les gros mouvements de 2024, mais aussi les moniteurs d\u2019auto-\u00e9coles et examinateurs, qui en ont ras-le-bol d\u2019\u00eatre utilis\u00e9s comme des boucs \u00e9missaires par le gouvernement.<\/p>\n\n\n\n<p class=\"\">En point d\u2019orgue de la semaine, un nouveau mouvement intersyndical est organis\u00e9 le jeudi 2\u00a0octobre 2025 pour protester contre la politique d\u2019Emmanuel Macron, qu\u2019ils qualifient volontiers \u00ab\u2009d\u2019aust\u00e8re\u2009\u00bb. C\u2019est la\u00a0<a href=\"https:\/\/actu.fr\/societe\/direct-greve-du-18-septembre-perturbations-blocages-manifestations-suivez-cette-journee-de-mobilisation_63172627.html\">deuxi\u00e8me \u00e9dition de ce mouvement qui a rassembl\u00e9 entre 500\u2009000 et un million de manifestants<\/a>\u00a0dans les rues de France le jeudi 18\u00a0septembre 2025.Les agriculteurs seront de sortie ce vendredi 26&nbsp;septembre<\/p>\n\n\n\n<p class=\"\">\u00c0 l\u2019appel de la FNSEA, tracteurs et autres agriculteurs vont d\u00e9ferler sur les routes de France ce vendredi 26 septembre. 70 f\u00e9d\u00e9rations d\u00e9partementales membres de la FNSEA et des Jeunes agriculteurs (JA) ont ainsi d\u00e9j\u00e0 pr\u00e9vu des actions pour protester contre le Mercosur, notamment,&nbsp;<a href=\"https:\/\/actu.fr\/societe\/colere-des-agriculteurs-on-vous-explique-pourquoi-ils-se-mobilisent-partout-en-france-le-26-septembre_63195711.html\">comme nous l\u2019expliquons dans cet article<\/a>.<\/p>\n\n\n\n<p class=\"\">Pas forc\u00e9ment toutes spectaculaires, pas forc\u00e9ment des blocages, mais vraisemblablement nombreuses, notamment devant et dans les \u00ab\u2009GMS\u2009\u00bb, les grandes et moyennes surfaces, devant les pr\u00e9fectures, devant les services de l\u2019\u00c9tat pour qu\u2019ils aillent contr\u00f4ler la restauration \u00e0 domicile par exemple.<\/p>\n\n\n\n<p class=\"\">\u00c9tiquetage sauvage de produits en grande distribution, march\u00e9 local des productions en p\u00e9ril, affichage de panneaux en entr\u00e9e de village, feux de la col\u00e8re ou mobilisation contre les centrales d\u2019achat et administrations\u2026 Les actions devraient donc \u00eatre nombreuses un peu partout en France ce vendredi. Mais\u00a0peu d\u2019actions coups de poing annonc\u00e9es.Les auto-\u00e9coles veulent bloquer Paris le lundi 29&nbsp;septembre<\/p>\n\n\n\n<p class=\"\">Du c\u00f4t\u00e9 des auto-\u00e9coles et des examinateurs de permis de conduire, il faudra attendre ce lundi 29&nbsp;septembre, pour une manifestation centralis\u00e9e \u00e0 Paris.<\/p>\n\n\n\n<p class=\"\">Objectif annonc\u00e9\u2009: \u00ab\u2009Bloquer Paris pour que le gouvernement assume enfin que c\u2019est sa faute si les d\u00e9lais et le co\u00fbt pour passer le permis explosent\u2009\u00bb, d\u00e9crypte une source syndicale aupr\u00e8s d\u2019<em>actu.fr<\/em>\u00a0ce jeudi 25\u00a0septembre 2025.Un nouveau mouvement intersyndical national le 2&nbsp;octobre<\/p>\n\n\n\n<p class=\"\">Quelques jours plus tard, le jeudi 2 octobre 2025, c\u2019est cette fois presque toute l\u2019intersyndicale qui se r\u00e9unira dans les villes de France.<\/p>\n\n\n\n<p class=\"\">\u00ab\u2009S\u00e9bastien Lecornu ne nous a pas convaincus. Je pense qu\u2019on a \u00e9t\u00e9 extr\u00eamement clairs et lui est rest\u00e9 flou\u2009\u00bb, regrettait Marylise L\u00e9on, secr\u00e9taire g\u00e9n\u00e9rale CFDT au sortir de&nbsp;<a href=\"https:\/\/actu.fr\/politique\/les-syndicats-evoquent-une-nouvelle-mobilisation-le-2-octobre-apres-leur-rencontre-avec-sebastien-lecornu_63207013.html\">la r\u00e9union intersyndicale avec le nouveau Premier ministre<\/a>.<\/p>\n\n\n\n<p class=\"\">\u00ab\u2009Il faut&nbsp;<a href=\"https:\/\/actu.fr\/societe\/une-nouvelle-greve-prevue-le-2-octobre-vers-une-mobilisation-plus-dure_63211137.html\">monter le rapport de force<\/a>&nbsp;pour se faire entendre\u2009\u00bb, a d\u00e9clar\u00e9 Sophie Binet, num\u00e9ro un de la CGT, sur&nbsp;<em>France 2<\/em>. \u00ab\u2009Battre le fer tant qu\u2019il est chaud et donc \u00eatre tr\u00e8s nombreux et nombreuses le 2&nbsp;octobre prochain.\u2009\u00bb<\/p>\n\n\n\n<p class=\"\">\u00c0 l\u2019heure o\u00f9 ces lignes sont \u00e9crites, difficile d\u2019anticiper pr\u00e9cis\u00e9ment ce qui est pr\u00e9vu. Il est toutefois int\u00e9ressant de signaler que plusieurs centaines de mobilisations diff\u00e9rentes ont \u00e9t\u00e9 organis\u00e9es lors de\u00a0<a href=\"https:\/\/actu.fr\/tag\/greve-du-18-septembre\">\u00ab\u2009l\u2019acte 1\u2009\u00bb, le 18\u00a0septembre 2025<\/a>. La mobilisation du 2\u00a0octobre pourra aussi \u00eatre de grande ampleur.Un autre mouvement agricole le 14&nbsp;octobre\u2009?<\/p>\n\n\n\n<p class=\"\">De son c\u00f4t\u00e9, la Conf\u00e9d\u00e9ration paysanne, un autre syndicat agricole, envisage une mobilisation le mardi 14&nbsp;octobre 2025 \u00e0 Paris.<\/p>\n\n\n\n<p class=\"\">La date n\u2019a pas \u00e9t\u00e9 choisie au hasard, elle correspond \u00e0 la date du jugement de deux syndicalistes apr\u00e8s \u00ab\u2009l\u2019action du 5&nbsp;d\u00e9cembre 2024 au Grand Palais lors de la Bourse europ\u00e9enne du commerce, pour d\u00e9noncer la sp\u00e9culation sur les march\u00e9s agricoles\u2009\u00bb, pr\u00e9cise le syndicat dans un communiqu\u00e9 envoy\u00e9 \u00e0&nbsp;<em>actu.fr<\/em>.<\/p>\n\n\n\n<p class=\"\">La volont\u00e9 rejoint toutefois celle de la FNSEA\u2009: \u00ab\u2009Stopper tous les accords de libre-\u00e9change\u2009\u00bb.<\/p>\n\n\n\n<p class=\"\">Voil\u00e0 de quoi occuper le nouveau Premier ministre, qui n\u2019a toujours former de nouveau gouvernement.<\/p>\n","protected":false},"excerpt":{"rendered":"<p>La France va vivre quelques jours intenses \u00e0 partir de ce vendredi 26 septembre 2025. Plusieurs mobilisations de diff\u00e9rents corps de m\u00e9tier sont organis\u00e9es.Des jours br\u00fblants.&nbsp;La France va vivre une p\u00e9riode troubl\u00e9e, \u00e0 partir de ce vendredi 26 septembre 2025 et dans les prochains jours, voire semaines. Plusieurs&nbsp;mobilisations&nbsp;sont organis\u00e9es \u00e0 travers tout le pays, et [&hellip;]<\/p>\n","protected":false},"author":2,"featured_media":38484,"comment_status":"open","ping_status":"open","sticky":false,"template":"","format":"standard","meta":{"_jetpack_memberships_contains_paid_content":false,"footnotes":"","jetpack_publicize_message":"","jetpack_publicize_feature_enabled":true,"jetpack_social_post_already_shared":true,"jetpack_social_options":{"image_generator_settings":{"template":"highway","default_image_id":0,"font":"","enabled":true,"token":"eyJpbWciOiJodHRwczpcL1wvd3d3LmljZWFnZXR2LmNvbVwvcmFkaW9zaXRlXC93cC1jb250ZW50XC91cGxvYWRzXC8yMDI1XC8wOVwvbWFuaWZlc3RhdGlvbnMtbW9iaWxpc2F0aW9uLWdyZXZlLWZyYW5jZS05NjB4NjQwLTEucG5nIiwidHh0IjoiQWdyaWN1bHRldXJzLCBzeW5kaWNhdHMsIGF1dG8tXHUwMGU5Y29sZXMsIHBhdHJvbnNcdTIwMjYgVG91dGVzIGxlcyBtb2JpbGlzYXRpb25zIHByXHUwMGU5dnVlcyBlbiBGcmFuY2UgY2VzIHByb2NoYWlucyBqb3VycyIsInRlbXBsYXRlIjoiaGlnaHdheSIsImZvbnQiOiIiLCJibG9nX2lkIjoxMTEwMTY0NjF9.O0jIoSApfvg6miRAbw9UQiVcsToR4VEKxwDVT8NsI20MQ"},"version":2},"_wpas_customize_per_network":false},"categories":[405],"tags":[],"class_list":["post-38483","post","type-post","status-publish","format-standard","has-post-thumbnail","hentry","category-actu-france-monde"],"jetpack_publicize_connections":[],"jetpack_featured_media_url":"https:\/\/i0.wp.com\/www.iceagetv.com\/radiosite\/wp-content\/uploads\/2025\/09\/manifestations-mobilisation-greve-france-960x640-1.png?fit=960%2C640&ssl=1","jetpack_sharing_enabled":true,"_links":{"self":[{"href":"https:\/\/www.iceagetv.com\/radiosite\/wp-json\/wp\/v2\/posts\/38483","targetHints":{"allow":["GET"]}}],"collection":[{"href":"https:\/\/www.iceagetv.com\/radiosite\/wp-json\/wp\/v2\/posts"}],"about":[{"href":"https:\/\/www.iceagetv.com\/radiosite\/wp-json\/wp\/v2\/types\/post"}],"author":[{"embeddable":true,"href":"https:\/\/www.iceagetv.com\/radiosite\/wp-json\/wp\/v2\/users\/2"}],"replies":[{"embeddable":true,"href":"https:\/\/www.iceagetv.com\/radiosite\/wp-json\/wp\/v2\/comments?post=38483"}],"version-history":[{"count":1,"href":"https:\/\/www.iceagetv.com\/radiosite\/wp-json\/wp\/v2\/posts\/38483\/revisions"}],"predecessor-version":[{"id":38485,"href":"https:\/\/www.iceagetv.com\/radiosite\/wp-json\/wp\/v2\/posts\/38483\/revisions\/38485"}],"wp:featuredmedia":[{"embeddable":true,"href":"https:\/\/www.iceagetv.com\/radiosite\/wp-json\/wp\/v2\/media\/38484"}],"wp:attachment":[{"href":"https:\/\/www.iceagetv.com\/radiosite\/wp-json\/wp\/v2\/media?parent=38483"}],"wp:term":[{"taxonomy":"category","embeddable":true,"href":"https:\/\/www.iceagetv.com\/radiosite\/wp-json\/wp\/v2\/categories?post=38483"},{"taxonomy":"post_tag","embeddable":true,"href":"https:\/\/www.iceagetv.com\/radiosite\/wp-json\/wp\/v2\/tags?post=38483"}],"curies":[{"name":"wp","href":"https:\/\/api.w.org\/{rel}","templated":true}]}}