{"id":38521,"date":"2025-09-26T18:44:30","date_gmt":"2025-09-26T16:44:30","guid":{"rendered":"https:\/\/www.iceagetv.com\/radiosite\/?p=38521"},"modified":"2025-09-26T18:44:34","modified_gmt":"2025-09-26T16:44:34","slug":"on-a-retrouve-le-premier-ministre-sebastien-lecornu-pas-disf-pas-de-taxe-zucman-pas-de-suspension-de-la-reforme-des-retraites-un-gouvernement-avant-mercredi","status":"publish","type":"post","link":"https:\/\/www.iceagetv.com\/radiosite\/on-a-retrouve-le-premier-ministre-sebastien-lecornu-pas-disf-pas-de-taxe-zucman-pas-de-suspension-de-la-reforme-des-retraites-un-gouvernement-avant-mercredi\/","title":{"rendered":"On a retrouv\u00e9 le Premier Ministre, S\u00e9bastien Lecornu : Pas d&rsquo;ISF, pas de taxe Zucman, pas de suspension de la r\u00e9forme des retraites, un gouvernement avant mercredi&#8230;"},"content":{"rendered":"\n<p class=\"\">On a retrouv\u00e9 le Premier Ministre, S\u00e9bastien Lecornu, tr\u00e8s discret depuis sa nomination le 9 septembre dernier. Il sort de l&rsquo;ombre ce soir et a&nbsp;&nbsp;confi\u00e9 au Parisien les premi\u00e8res orientations de son projet de budget. Il souhaite \u00ab\u00a0repartir d\u2019une feuille blanche\u00a0\u00bb.<\/p>\n\n\n\n<p class=\"\">S\u00e9bastien Lecornu \u00ab\u00a0n&rsquo;envisage pas\u00a0\u00bb le retour de l&rsquo;ISF et \u00ab\u00a0ne croit pas\u00a0\u00bb \u00e0 la taxe Zucman. Interrog\u00e9 sur la taxe Zucman, il dit qu&rsquo;il \u00ab\u00a0ne croit pas\u00a0\u00bb que ce soit la bonne r\u00e9ponse, m\u00eame si il va falloir d\u00e9battre sur la question de la justice fiscale. En revanche, il estime que \u00ab\u00a0la r\u00e9partition de la charge au sein des imp\u00f4ts actuels doit \u00e9voluer\u00a0\u00bb et donc que \u00ab\u00a0certains imp\u00f4ts augmenteront, mais d&rsquo;autres diminueront\u00a0\u00bb.<\/p>\n\n\n\n<p class=\"\">Le nouveau Premier ministre n&rsquo;envisage pas de suspendre la r\u00e9forme des retraites. Pour lui, \u00e7a ne r\u00e9glerait pas les probl\u00e8mes li\u00e9s \u00e0 la p\u00e9nibilit\u00e9 et la retraite des femmes. \u00ab\u00a0Je rappelle que la r\u00e9forme Borne portait des mesures utiles aux salari\u00e9s: majoration de la retraite minimale de 100 euros par mois, cr\u00e9ation d\u2019une assurance vieillesse pour les aidants, surcote des pensions pour les m\u00e8res de famille d\u00e8s 63 ans\u00a0\u00bb, ajoute-t-il.<\/p>\n\n\n\n<p class=\"\">Pour autant, il estime que la r\u00e9forme port\u00e9e par \u00c9lisabeth Borne n&rsquo;est pas achev\u00e9e \u00ab\u00a0sinon, il n\u2019y aurait pas eu de conclave et il n\u2019y aurait pas encore sur la table les questions sur la p\u00e9nibilit\u00e9 et sur les femmes\u00a0\u00bb. Il pr\u00e9cise donc \u00ab\u00a0c&rsquo;est un bon d\u00e9bat pour la pr\u00e9sidentielle\u00a0\u00bb<\/p>\n\n\n\n<p class=\"\">Parmi les mesures propos\u00e9es, il souhaite une \u00ab\u00a0diminution de six milliards d\u2019euros sur l\u2019\u00c9tat et son train de vie\u00a0\u00bb. Par ailleurs, \u00ab\u00a0les moyens consacr\u00e9s aux retraites augmenteront de six milliards d\u2019euros, ceux pour la sant\u00e9 augmenteront de cinq milliards d\u2019euros\u00a0\u00bb<\/p>\n\n\n\n<p class=\"\">Plus de deux semaines apr\u00e8s sa nomination, le Premier ministre n&rsquo;a toujours pas form\u00e9 son gouvernement, mais il promet de le nommer avant mercredi !&nbsp;Le nouveau Premier ministre estime que les futurs ministres devront \u00ab\u00a0partager les grandes orientation du socle commun\u00a0\u00bb.&nbsp;<\/p>\n","protected":false},"excerpt":{"rendered":"<p>On a retrouv\u00e9 le Premier Ministre, S\u00e9bastien Lecornu, tr\u00e8s discret depuis sa nomination le 9 septembre dernier. Il sort de l&rsquo;ombre ce soir et a&nbsp;&nbsp;confi\u00e9 au Parisien les premi\u00e8res orientations de son projet de budget. Il souhaite \u00ab\u00a0repartir d\u2019une feuille blanche\u00a0\u00bb. S\u00e9bastien Lecornu \u00ab\u00a0n&rsquo;envisage pas\u00a0\u00bb le retour de l&rsquo;ISF et \u00ab\u00a0ne croit pas\u00a0\u00bb \u00e0 la [&hellip;]<\/p>\n","protected":false},"author":2,"featured_media":38523,"comment_status":"open","ping_status":"open","sticky":false,"template":"","format":"standard","meta":{"_jetpack_memberships_contains_paid_content":false,"footnotes":"","jetpack_publicize_message":"","jetpack_publicize_feature_enabled":true,"jetpack_social_post_already_shared":true,"jetpack_social_options":{"image_generator_settings":{"template":"highway","default_image_id":0,"font":"","enabled":true,"token":"eyJpbWciOiJodHRwczpcL1wvd3d3LmljZWFnZXR2LmNvbVwvcmFkaW9zaXRlXC93cC1jb250ZW50XC91cGxvYWRzXC8yMDI1XC8wOVwvSXdkN0Jkb1guanBnIiwidHh0IjoiT24gYSByZXRyb3V2XHUwMGU5IGxlIFByZW1pZXIgTWluaXN0cmUsIFNcdTAwZTliYXN0aWVuIExlY29ybnUgOiBQYXMgZCYjODIxNztJU0YsIHBhcyBkZSB0YXhlIFp1Y21hbiwgcGFzIGRlIHN1c3BlbnNpb24gZGUgbGEgclx1MDBlOWZvcm1lIGRlcyByZXRyYWl0ZXMsIHVuIGdvdXZlcm5lbWVudCBhdmFudCBtZXJjcmVkaSYjODIzMDsiLCJ0ZW1wbGF0ZSI6ImhpZ2h3YXkiLCJmb250IjoiIiwiYmxvZ19pZCI6MTExMDE2NDYxfQ.TLsSXAvnn8fbCOSqsj9phdUav1jUbWgdzfn_6Wf0T0MMQ"},"version":2},"_wpas_customize_per_network":false},"categories":[405],"tags":[],"class_list":["post-38521","post","type-post","status-publish","format-standard","has-post-thumbnail","hentry","category-actu-france-monde"],"jetpack_publicize_connections":[],"jetpack_featured_media_url":"https:\/\/i0.wp.com\/www.iceagetv.com\/radiosite\/wp-content\/uploads\/2025\/09\/Iwd7BdoX.jpg?fit=679%2C293&ssl=1","jetpack_sharing_enabled":true,"_links":{"self":[{"href":"https:\/\/www.iceagetv.com\/radiosite\/wp-json\/wp\/v2\/posts\/38521","targetHints":{"allow":["GET"]}}],"collection":[{"href":"https:\/\/www.iceagetv.com\/radiosite\/wp-json\/wp\/v2\/posts"}],"about":[{"href":"https:\/\/www.iceagetv.com\/radiosite\/wp-json\/wp\/v2\/types\/post"}],"author":[{"embeddable":true,"href":"https:\/\/www.iceagetv.com\/radiosite\/wp-json\/wp\/v2\/users\/2"}],"replies":[{"embeddable":true,"href":"https:\/\/www.iceagetv.com\/radiosite\/wp-json\/wp\/v2\/comments?post=38521"}],"version-history":[{"count":1,"href":"https:\/\/www.iceagetv.com\/radiosite\/wp-json\/wp\/v2\/posts\/38521\/revisions"}],"predecessor-version":[{"id":38524,"href":"https:\/\/www.iceagetv.com\/radiosite\/wp-json\/wp\/v2\/posts\/38521\/revisions\/38524"}],"wp:featuredmedia":[{"embeddable":true,"href":"https:\/\/www.iceagetv.com\/radiosite\/wp-json\/wp\/v2\/media\/38523"}],"wp:attachment":[{"href":"https:\/\/www.iceagetv.com\/radiosite\/wp-json\/wp\/v2\/media?parent=38521"}],"wp:term":[{"taxonomy":"category","embeddable":true,"href":"https:\/\/www.iceagetv.com\/radiosite\/wp-json\/wp\/v2\/categories?post=38521"},{"taxonomy":"post_tag","embeddable":true,"href":"https:\/\/www.iceagetv.com\/radiosite\/wp-json\/wp\/v2\/tags?post=38521"}],"curies":[{"name":"wp","href":"https:\/\/api.w.org\/{rel}","templated":true}]}}