{"id":38560,"date":"2025-09-28T12:58:32","date_gmt":"2025-09-28T10:58:32","guid":{"rendered":"https:\/\/www.iceagetv.com\/radiosite\/?p=38560"},"modified":"2025-09-28T12:58:36","modified_gmt":"2025-09-28T10:58:36","slug":"arras-sauce-frite-authentique-qui-sont-les-gagnants-du-championnat-du-monde-de-la-frite","status":"publish","type":"post","link":"https:\/\/www.iceagetv.com\/radiosite\/arras-sauce-frite-authentique-qui-sont-les-gagnants-du-championnat-du-monde-de-la-frite\/","title":{"rendered":"Arras. Sauce, frite authentique&#8230; Qui sont les gagnants du championnat du monde de la frite\u00a0?"},"content":{"rendered":"\n<p class=\"\">Samedi 27 septembre 2025, le championnat du monde de la frite se tenait \u00e0 Arras. Une 3e \u00e9dition qui a vu plusieurs sp\u00e9cialistes de la patate couronn\u00e9s, dans plusieurs cat\u00e9gories.Une comp\u00e9tition<strong>&nbsp;\u00ab&nbsp;croustillante&nbsp;\u00bb&nbsp;<\/strong>s\u2019est tenu&nbsp;<strong>samedi 27 septembre 2025<\/strong>&nbsp;\u00e0&nbsp;<strong>Arras<\/strong>, dans le Pas-de-Calais. La 3e \u00e9dition du&nbsp;<strong>championnat du monde de la frite<\/strong>&nbsp;a vu de belles performances,&nbsp;<strong>dans une ambiance chaleureuse et conviviale<\/strong>. Qui ont remport\u00e9 les comp\u00e9titions ? On vous donne le&nbsp;<strong>classement<\/strong>, livr\u00e9 par la Ville.&nbsp;<\/p>\n\n\n\n<h2 class=\"wp-block-heading\">Des gagnants du Nord, de Belgique, des Pays-Bas et\u2026 du Grand-Est<\/h2>\n\n\n\n<p class=\"\">\u00ab&nbsp;La 3e \u00e9dition du championnat du Monde de la Frite a fait vibrer Arras, plus que jamais capitale incontest\u00e9e de la frite&nbsp;\u00bb, commente d\u2019entr\u00e9e de jeu la municipalit\u00e9, dans un post Facebook. Voici qui sont les champions de la frite, dans les cinq cat\u00e9gories diff\u00e9rentes :<\/p>\n\n\n\n<p class=\"\">\ud835\udc02\ud835\udc1a\ud835\udc2d\ud835\udc1e\ud835\udc20\ud835\udc28\ud835\udc2b\ud835\udc22\ud835\udc1e \ud835\udc05\ud835\udc2b\ud835\udc22\ud835\udc2d\ud835\udc1e \ud835\udc00\ud835\udc2e\ud835\udc2d\ud835\udc21\ud835\udc1e\ud835\udc27\ud835\udc2d\ud835\udc22\ud835\udc2a\ud835\udc2e\ud835\udc1e : Siem Bruggen, Dapp Frietsfits, Arnhem, Pays-Bas.<\/p>\n\n\n\n<p class=\"\">\ud835\udc02\ud835\udc1a\ud835\udc2d\ud835\udc1e\ud835\udc20\ud835\udc28\ud835\udc2b\ud835\udc22\ud835\udc1e \ud835\udc12\ud835\udc1a\ud835\udc2e\ud835\udc1c\ud835\udc1e \ud835\udc05\ud835\udc2b\ud835\udc22\ud835\udc2d\ud835\udc1e : Alexandre Blondiaux, Traiteur Dupont, Mons-en-Baroeul ;<\/p>\n\n\n\n<p class=\"\">\ud835\udc02\ud835\udc1a\ud835\udc2d\ud835\udc1e\ud835\udc20\ud835\udc28\ud835\udc2b\ud835\udc22\ud835\udc1e \ud835\udc05\ud835\udc2b\ud835\udc22\ud835\udc2d\ud835\udc1e \ud835\udc05\ud835\udc1a\ud835\udc26\ud835\udc22\ud835\udc25\ud835\udc22\ud835\udc1a\ud835\udc25\ud835\udc1e : Sophie Coindre, Mittelbergeim, Grand-Est ;<\/p>\n\n\n\n<p class=\"\">\ud835\udc02\ud835\udc1a\ud835\udc2d\ud835\udc1e\ud835\udc20\ud835\udc28\ud835\udc2b\ud835\udc22\ud835\udc1e \ud835\udc05\ud835\udc2b\ud835\udc22\ud835\udc2d\ud835\udc1e \ud835\udc02\ud835\udc2b\ud835\udc1e\ud835\udc1a\ud835\udc2d\ud835\udc22\ud835\udc2f\ud835\udc1e : Fanny Bouyagui, Roubaix ;<\/p>\n\n\n\n<p class=\"\">\ud835\udc02\ud835\udc1a\ud835\udc2d\ud835\udc1e\ud835\udc20\ud835\udc28\ud835\udc2b\ud835\udc22\ud835\udc1e \ud835\udc05\ud835\udc2b\ud835\udc22\ud835\udc2d\ud835\udc1e \ud835\udc1d\ud835\udc2e \ud835\udc0c\ud835\udc28\ud835\udc27\ud835\udc1d\ud835\udc1e : Jason Meekers, Mons, Belgique ;<\/p>\n","protected":false},"excerpt":{"rendered":"<p>Samedi 27 septembre 2025, le championnat du monde de la frite se tenait \u00e0 Arras. Une 3e \u00e9dition qui a vu plusieurs sp\u00e9cialistes de la patate couronn\u00e9s, dans plusieurs cat\u00e9gories.Une comp\u00e9tition&nbsp;\u00ab&nbsp;croustillante&nbsp;\u00bb&nbsp;s\u2019est tenu&nbsp;samedi 27 septembre 2025&nbsp;\u00e0&nbsp;Arras, dans le Pas-de-Calais. La 3e \u00e9dition du&nbsp;championnat du monde de la frite&nbsp;a vu de belles performances,&nbsp;dans une ambiance chaleureuse et [&hellip;]<\/p>\n","protected":false},"author":2,"featured_media":38561,"comment_status":"open","ping_status":"open","sticky":false,"template":"","format":"standard","meta":{"_jetpack_memberships_contains_paid_content":false,"footnotes":"","jetpack_publicize_message":"","jetpack_publicize_feature_enabled":true,"jetpack_social_post_already_shared":true,"jetpack_social_options":{"image_generator_settings":{"template":"highway","default_image_id":0,"font":"","enabled":true,"token":"eyJpbWciOiJodHRwczpcL1wvd3d3LmljZWFnZXR2LmNvbVwvcmFkaW9zaXRlXC93cC1jb250ZW50XC91cGxvYWRzXC8yMDI1XC8wOVwvMzVjNTFjNzU2YWY2NjI5YzUxYzc1NmFmNjFkYzUxdi05NjB4NjQwLTEuanBnIiwidHh0IjoiQXJyYXMuIFNhdWNlLCBmcml0ZSBhdXRoZW50aXF1ZSYjODIzMDsgUXVpIHNvbnQgbGVzIGdhZ25hbnRzIGR1IGNoYW1waW9ubmF0IGR1IG1vbmRlIGRlIGxhIGZyaXRlXHUwMGEwPyIsInRlbXBsYXRlIjoiaGlnaHdheSIsImZvbnQiOiIiLCJibG9nX2lkIjoxMTEwMTY0NjF9.sVUtWtKWpu3zWvlLkb4mAkJVTW6OGpws8Fs_Xfi6VeAMQ"},"version":2},"_wpas_customize_per_network":false},"categories":[68,17],"tags":[],"class_list":["post-38560","post","type-post","status-publish","format-standard","has-post-thumbnail","hentry","category-actu-culturelle","category-actu-regions"],"jetpack_publicize_connections":[],"jetpack_featured_media_url":"https:\/\/i0.wp.com\/www.iceagetv.com\/radiosite\/wp-content\/uploads\/2025\/09\/35c51c756af6629c51c756af61dc51v-960x640-1.jpg?fit=960%2C640&ssl=1","jetpack_sharing_enabled":true,"_links":{"self":[{"href":"https:\/\/www.iceagetv.com\/radiosite\/wp-json\/wp\/v2\/posts\/38560","targetHints":{"allow":["GET"]}}],"collection":[{"href":"https:\/\/www.iceagetv.com\/radiosite\/wp-json\/wp\/v2\/posts"}],"about":[{"href":"https:\/\/www.iceagetv.com\/radiosite\/wp-json\/wp\/v2\/types\/post"}],"author":[{"embeddable":true,"href":"https:\/\/www.iceagetv.com\/radiosite\/wp-json\/wp\/v2\/users\/2"}],"replies":[{"embeddable":true,"href":"https:\/\/www.iceagetv.com\/radiosite\/wp-json\/wp\/v2\/comments?post=38560"}],"version-history":[{"count":1,"href":"https:\/\/www.iceagetv.com\/radiosite\/wp-json\/wp\/v2\/posts\/38560\/revisions"}],"predecessor-version":[{"id":38562,"href":"https:\/\/www.iceagetv.com\/radiosite\/wp-json\/wp\/v2\/posts\/38560\/revisions\/38562"}],"wp:featuredmedia":[{"embeddable":true,"href":"https:\/\/www.iceagetv.com\/radiosite\/wp-json\/wp\/v2\/media\/38561"}],"wp:attachment":[{"href":"https:\/\/www.iceagetv.com\/radiosite\/wp-json\/wp\/v2\/media?parent=38560"}],"wp:term":[{"taxonomy":"category","embeddable":true,"href":"https:\/\/www.iceagetv.com\/radiosite\/wp-json\/wp\/v2\/categories?post=38560"},{"taxonomy":"post_tag","embeddable":true,"href":"https:\/\/www.iceagetv.com\/radiosite\/wp-json\/wp\/v2\/tags?post=38560"}],"curies":[{"name":"wp","href":"https:\/\/api.w.org\/{rel}","templated":true}]}}