{"id":38564,"date":"2025-09-28T13:53:33","date_gmt":"2025-09-28T11:53:33","guid":{"rendered":"https:\/\/www.iceagetv.com\/radiosite\/?p=38564"},"modified":"2025-09-28T13:53:36","modified_gmt":"2025-09-28T11:53:36","slug":"alerte-rouge-pluies-torrentielles-inondations-et-crues-soudaines-un-danger-extraordinaire-menace-la-region-de-valence-et-une-partie-de-la-catalogne","status":"publish","type":"post","link":"https:\/\/www.iceagetv.com\/radiosite\/alerte-rouge-pluies-torrentielles-inondations-et-crues-soudaines-un-danger-extraordinaire-menace-la-region-de-valence-et-une-partie-de-la-catalogne\/","title":{"rendered":"\u00ab\u00a0Alerte rouge pluies torrentielles\u00a0\u00bb, inondations et crues soudaines\u00a0: un \u00ab\u00a0danger extraordinaire\u00a0\u00bb menace la r\u00e9gion de Valence et une partie de la Catalogne"},"content":{"rendered":"\n<p class=\"\"><em>\u00ab\u00a0Alerte rouge, pluies torrentielles. Danger extraordinaire\u00a0\u00bb<\/em>. C\u2019est exactement en ces termes que l\u2019AEMET, l\u2019agence m\u00e9t\u00e9orologique espagnole, a annonc\u00e9 ce dimanche midi le passage de la province catalane de Tarragone, ainsi que celles de Valence et Castell\u00f3n, au plus haut niveau de vigilance.<\/p>\n\n\n\n<h2 class=\"wp-block-heading\">Un an apr\u00e8s des inondations meurtri\u00e8res<\/h2>\n\n\n\n<p class=\"\">Une alerte valable pour ce dimanche apr\u00e8s-midi et toute la nuit jusqu\u2019\u00e0 lundi.<\/p>\n\n\n\n<p class=\"\"><em>\u00ab\u00a0Des inondations et des crues soudaines peuvent survenir\u00a0!\u00a0\u00bb<\/em>, insiste le pr\u00e9visionniste.En effet,&nbsp;<em>\u00ab\u00a0au moins 180&nbsp;mm de pr\u00e9cipitations cumul\u00e9es sont attendus au cours des 12 prochaines heures\u00a0\u00bb<\/em>, \u00e9crivent nos confr\u00e8res de la Cadena Ser.<\/p>\n\n\n\n<p class=\"\">Au mois d\u2019octobre&nbsp;2024, il y a quasiment un an jour pour jour, Valence et sa r\u00e9gion \u00e9taient d\u00e9j\u00e0 frapp\u00e9es par des inondations historiques qui ont accouch\u00e9 d\u2019un terrible bilan&nbsp;: 224 morts, 3 disparus et pr\u00e8s de 70&nbsp;000 habitations touch\u00e9es. L\u2019\u00e9quivalent d\u2019un an de pluie \u00e9tait alors tomb\u00e9 en quelques jours.<\/p>\n","protected":false},"excerpt":{"rendered":"<p>\u00ab\u00a0Alerte rouge, pluies torrentielles. Danger extraordinaire\u00a0\u00bb. C\u2019est exactement en ces termes que l\u2019AEMET, l\u2019agence m\u00e9t\u00e9orologique espagnole, a annonc\u00e9 ce dimanche midi le passage de la province catalane de Tarragone, ainsi que celles de Valence et Castell\u00f3n, au plus haut niveau de vigilance. Un an apr\u00e8s des inondations meurtri\u00e8res Une alerte valable pour ce dimanche apr\u00e8s-midi [&hellip;]<\/p>\n","protected":false},"author":2,"featured_media":38565,"comment_status":"open","ping_status":"open","sticky":false,"template":"","format":"standard","meta":{"_jetpack_memberships_contains_paid_content":false,"footnotes":"","jetpack_publicize_message":"","jetpack_publicize_feature_enabled":true,"jetpack_social_post_already_shared":true,"jetpack_social_options":{"image_generator_settings":{"template":"highway","default_image_id":0,"font":"","enabled":true,"token":"eyJpbWciOiJodHRwczpcL1wvd3d3LmljZWFnZXR2LmNvbVwvcmFkaW9zaXRlXC93cC1jb250ZW50XC91cGxvYWRzXC8yMDI1XC8wOVwvQWxlcnRlLXJvdWdlLXBsdWllcy10b3JyZW50aWVsbGVzLmpwZyIsInR4dCI6IiYjODIyMDtBbGVydGUgcm91Z2UgcGx1aWVzIHRvcnJlbnRpZWxsZXMmIzgyMjE7LCBpbm9uZGF0aW9ucyBldCBjcnVlcyBzb3VkYWluZXNcdTAwYTA6IHVuICYjODIyMDtkYW5nZXIgZXh0cmFvcmRpbmFpcmUmIzgyMjE7IG1lbmFjZSBsYSByXHUwMGU5Z2lvbiBkZSBWYWxlbmNlIGV0IHVuZSBwYXJ0aWUgZGUgbGEgQ2F0YWxvZ25lIiwidGVtcGxhdGUiOiJoaWdod2F5IiwiZm9udCI6IiIsImJsb2dfaWQiOjExMTAxNjQ2MX0.-Zb8ugk5Tj7SWuqvpyyVZeOIBPt1M4LdNJeeUVrnNkIMQ"},"version":2},"_wpas_customize_per_network":false},"categories":[14],"tags":[],"class_list":["post-38564","post","type-post","status-publish","format-standard","has-post-thumbnail","hentry","category-actu-meteo"],"jetpack_publicize_connections":[],"jetpack_featured_media_url":"https:\/\/i0.wp.com\/www.iceagetv.com\/radiosite\/wp-content\/uploads\/2025\/09\/Alerte-rouge-pluies-torrentielles.jpg?fit=498%2C288&ssl=1","jetpack_sharing_enabled":true,"_links":{"self":[{"href":"https:\/\/www.iceagetv.com\/radiosite\/wp-json\/wp\/v2\/posts\/38564","targetHints":{"allow":["GET"]}}],"collection":[{"href":"https:\/\/www.iceagetv.com\/radiosite\/wp-json\/wp\/v2\/posts"}],"about":[{"href":"https:\/\/www.iceagetv.com\/radiosite\/wp-json\/wp\/v2\/types\/post"}],"author":[{"embeddable":true,"href":"https:\/\/www.iceagetv.com\/radiosite\/wp-json\/wp\/v2\/users\/2"}],"replies":[{"embeddable":true,"href":"https:\/\/www.iceagetv.com\/radiosite\/wp-json\/wp\/v2\/comments?post=38564"}],"version-history":[{"count":1,"href":"https:\/\/www.iceagetv.com\/radiosite\/wp-json\/wp\/v2\/posts\/38564\/revisions"}],"predecessor-version":[{"id":38566,"href":"https:\/\/www.iceagetv.com\/radiosite\/wp-json\/wp\/v2\/posts\/38564\/revisions\/38566"}],"wp:featuredmedia":[{"embeddable":true,"href":"https:\/\/www.iceagetv.com\/radiosite\/wp-json\/wp\/v2\/media\/38565"}],"wp:attachment":[{"href":"https:\/\/www.iceagetv.com\/radiosite\/wp-json\/wp\/v2\/media?parent=38564"}],"wp:term":[{"taxonomy":"category","embeddable":true,"href":"https:\/\/www.iceagetv.com\/radiosite\/wp-json\/wp\/v2\/categories?post=38564"},{"taxonomy":"post_tag","embeddable":true,"href":"https:\/\/www.iceagetv.com\/radiosite\/wp-json\/wp\/v2\/tags?post=38564"}],"curies":[{"name":"wp","href":"https:\/\/api.w.org\/{rel}","templated":true}]}}