{"id":38593,"date":"2025-09-29T14:05:24","date_gmt":"2025-09-29T12:05:24","guid":{"rendered":"https:\/\/www.iceagetv.com\/radiosite\/?p=38593"},"modified":"2025-09-29T14:05:26","modified_gmt":"2025-09-29T12:05:26","slug":"legislatives-en-moldavie-le-parti-proeuropeen-pas-remporte-le-scrutin-avec-plus-de-50-des-voix-selon-les-resultats-officiels","status":"publish","type":"post","link":"https:\/\/www.iceagetv.com\/radiosite\/legislatives-en-moldavie-le-parti-proeuropeen-pas-remporte-le-scrutin-avec-plus-de-50-des-voix-selon-les-resultats-officiels\/","title":{"rendered":"L\u00e9gislatives en Moldavie\u00a0: le parti proeurop\u00e9en PAS remporte le scrutin avec plus de 50% des voix, selon les r\u00e9sultats officiels"},"content":{"rendered":"\n<p class=\"\">Le parti proeurop\u00e9en PAS a gagn\u00e9 les&nbsp;<a href=\"https:\/\/www.franceinfo.fr\/monde\/russie\/reportage-on-se-bat-pour-proteger-notre-democratie-a-l-approche-des-elections-legislatives-l-inquietude-des-pro-ue-dans-une-moldavie-coupee-en-deux_7517932.html\">\u00e9lections l\u00e9gislatives en Moldavie<\/a>&nbsp;avec plus de 50% des voix, selon les r\u00e9sultats officiels publi\u00e9s lundi 29 septembre. Le parti de la pr\u00e9sidente Maia Sandu devance ainsi le Bloc patriotique prorusse,&nbsp;qui affiche un score de 24,26%, d&rsquo;apr\u00e8s les chiffres de la Commission \u00e9lectorale centrale sur son site internet.&nbsp;Quelque 52% des \u00e9lecteurs moldaves ont pris part \u00e0 ce scrutin d\u00e9cisif pour l&rsquo;avenir de leur pays, entre poursuite du rapprochement avec l&rsquo;Union europ\u00e9enne ou retour dans le giron russe.<\/p>\n\n\n\n<p class=\"\"><em>\u00ab\u00a0Le peuple moldave\u00a0\u00bb<\/em>&nbsp;a gagn\u00e9, s&rsquo;est f\u00e9licit\u00e9 le parti proeurop\u00e9en PAS \u00e0 l&rsquo;annonce de sa victoire. Dans une vid\u00e9o, le pr\u00e9sident ukrainien Volodymyr Zelensky a de son c\u00f4t\u00e9 affirm\u00e9 que la Russie avait&nbsp;<em>\u00ab\u00a0\u00e9chou\u00e9 \u00e0 d\u00e9stabiliser la Moldavie\u00a0\u00bb<\/em>. Le Premier ministre polonais, Donald Tusk, a salu\u00e9 le&nbsp;<em>\u00ab\u00a0courage\u00a0\u00bb&nbsp;<\/em>du peuple moldave pour avoir&nbsp;<em>\u00ab\u00a0maintenu le cap europ\u00e9en\u00a0\u00bb.&nbsp;<\/em>Le pr\u00e9sident fran\u00e7ais Emmanuel Macron a \u00e9galement salu\u00e9 la victoire des proeurop\u00e9ens malgr\u00e9 les<em>&nbsp;\u00ab\u00a0tentatives d&rsquo;ing\u00e9rence\u00a0\u00bb<\/em>&nbsp;et les&nbsp;<em>\u00ab\u00a0pressions\u00a0\u00bb<\/em>.<\/p>\n\n\n\n<h2 class=\"wp-block-heading\">\u00ab\u00a0Campagne de d\u00e9sinformation sans pr\u00e9c\u00e9dent\u00a0\u00bb&nbsp;<\/h2>\n\n\n\n<p class=\"\">Le scrutin a \u00e9t\u00e9 marqu\u00e9 par les&nbsp;<a href=\"https:\/\/www.franceinfo.fr\/monde\/europe\/union-europeenne\/ingerence-fake-news-achat-de-votes-en-moldavie-l-ombre-de-la-russie-plane-sur-les-elections-legislatives_7513003.html\">craintes d&rsquo;achats de voix<\/a>&nbsp;ainsi que par une&nbsp;<em>\u00ab\u00a0campagne de d\u00e9sinformation sans pr\u00e9c\u00e9dent\u00a0\u00bb<\/em>&nbsp;men\u00e9e par la Russie, selon l&rsquo;Union europ\u00e9enne.&nbsp;Moscou a d\u00e9menti ces all\u00e9gations, tandis que l&rsquo;opposition moldave, largement prorusse, a accus\u00e9 le PAS d&rsquo;avoir planifi\u00e9 une fraude. Le service de cybers\u00e9curit\u00e9 moldave a d\u00e9clar\u00e9 dimanche avoir d\u00e9tect\u00e9 plusieurs tentatives d&rsquo;attaques sur l&rsquo;infrastructure \u00e9lectorale,&nbsp;<em>\u00ab\u00a0neutralis\u00e9es en temps r\u00e9el\u00a0\u00bb<\/em>.<\/p>\n\n\n\n<p class=\"\">Apr\u00e8s avoir vot\u00e9 \u00e0 Chisinau, la pr\u00e9sidente Maia Sandu a mis en garde contre<em>&nbsp;\u00ab\u00a0l&rsquo;ing\u00e9rence massive de la Russie\u00a0\u00bb<\/em>, affirmant aux journalistes que son pays, voisin de l&rsquo;Ukraine en guerre, \u00e9tait&nbsp;<em>\u00ab\u00a0en danger\u00a0\u00bb<\/em>.&nbsp;<em>\u00ab\u00a0La Russie a d\u00e9pens\u00e9 des centaines de millions d&rsquo;euros dans cette \u00e9lection, pour financer des partis qu&rsquo;elle contr\u00f4le en Moldavie, en essayant de corrompre les \u00e9lecteurs\u00a0\u00bb<\/em>, a-t-elle d\u00e9clar\u00e9&nbsp;<a href=\"https:\/\/www.franceinfo.fr\/politique\/video-la-russie-essaie-d-effrayer-les-moldaves-et-de-ramener-la-moldavie-en-arriere-en-perturbant-les-elections-legislatives-accuse-la-presidente-du-pays-maia-sandu_7519480.html\">dans un entretien<\/a>&nbsp;donn\u00e9 \u00e0 France T\u00e9l\u00e9visions.<\/p>\n","protected":false},"excerpt":{"rendered":"<p>Le parti proeurop\u00e9en PAS a gagn\u00e9 les&nbsp;\u00e9lections l\u00e9gislatives en Moldavie&nbsp;avec plus de 50% des voix, selon les r\u00e9sultats officiels publi\u00e9s lundi 29 septembre. Le parti de la pr\u00e9sidente Maia Sandu devance ainsi le Bloc patriotique prorusse,&nbsp;qui affiche un score de 24,26%, d&rsquo;apr\u00e8s les chiffres de la Commission \u00e9lectorale centrale sur son site internet.&nbsp;Quelque 52% des [&hellip;]<\/p>\n","protected":false},"author":2,"featured_media":38594,"comment_status":"open","ping_status":"open","sticky":false,"template":"","format":"standard","meta":{"_jetpack_memberships_contains_paid_content":false,"footnotes":"","jetpack_publicize_message":"","jetpack_publicize_feature_enabled":true,"jetpack_social_post_already_shared":true,"jetpack_social_options":{"image_generator_settings":{"template":"highway","default_image_id":0,"font":"","enabled":true,"token":"eyJpbWciOiJodHRwczpcL1wvd3d3LmljZWFnZXR2LmNvbVwvcmFkaW9zaXRlXC93cC1jb250ZW50XC91cGxvYWRzXC8yMDI1XC8wOVwvTGVnaXNsYXRpdmVzLWVuLU1vbGRhdmllLmpwZyIsInR4dCI6IkxcdTAwZTlnaXNsYXRpdmVzIGVuIE1vbGRhdmllXHUwMGEwOiBsZSBwYXJ0aSBwcm9ldXJvcFx1MDBlOWVuIFBBUyByZW1wb3J0ZSBsZSBzY3J1dGluIGF2ZWMgcGx1cyBkZSA1MCUgZGVzIHZvaXgsIHNlbG9uIGxlcyByXHUwMGU5c3VsdGF0cyBvZmZpY2llbHMiLCJ0ZW1wbGF0ZSI6ImhpZ2h3YXkiLCJmb250IjoiIiwiYmxvZ19pZCI6MTExMDE2NDYxfQ.Z9yeSBnW9BHyvsFomxuB0gWMvg72YqtVeHEpNIMluR8MQ"},"version":2},"_wpas_customize_per_network":false},"categories":[405],"tags":[],"class_list":["post-38593","post","type-post","status-publish","format-standard","has-post-thumbnail","hentry","category-actu-france-monde"],"jetpack_publicize_connections":[],"jetpack_featured_media_url":"https:\/\/i0.wp.com\/www.iceagetv.com\/radiosite\/wp-content\/uploads\/2025\/09\/Legislatives-en-Moldavie.jpg?fit=773%2C450&ssl=1","jetpack_sharing_enabled":true,"_links":{"self":[{"href":"https:\/\/www.iceagetv.com\/radiosite\/wp-json\/wp\/v2\/posts\/38593","targetHints":{"allow":["GET"]}}],"collection":[{"href":"https:\/\/www.iceagetv.com\/radiosite\/wp-json\/wp\/v2\/posts"}],"about":[{"href":"https:\/\/www.iceagetv.com\/radiosite\/wp-json\/wp\/v2\/types\/post"}],"author":[{"embeddable":true,"href":"https:\/\/www.iceagetv.com\/radiosite\/wp-json\/wp\/v2\/users\/2"}],"replies":[{"embeddable":true,"href":"https:\/\/www.iceagetv.com\/radiosite\/wp-json\/wp\/v2\/comments?post=38593"}],"version-history":[{"count":1,"href":"https:\/\/www.iceagetv.com\/radiosite\/wp-json\/wp\/v2\/posts\/38593\/revisions"}],"predecessor-version":[{"id":38595,"href":"https:\/\/www.iceagetv.com\/radiosite\/wp-json\/wp\/v2\/posts\/38593\/revisions\/38595"}],"wp:featuredmedia":[{"embeddable":true,"href":"https:\/\/www.iceagetv.com\/radiosite\/wp-json\/wp\/v2\/media\/38594"}],"wp:attachment":[{"href":"https:\/\/www.iceagetv.com\/radiosite\/wp-json\/wp\/v2\/media?parent=38593"}],"wp:term":[{"taxonomy":"category","embeddable":true,"href":"https:\/\/www.iceagetv.com\/radiosite\/wp-json\/wp\/v2\/categories?post=38593"},{"taxonomy":"post_tag","embeddable":true,"href":"https:\/\/www.iceagetv.com\/radiosite\/wp-json\/wp\/v2\/tags?post=38593"}],"curies":[{"name":"wp","href":"https:\/\/api.w.org\/{rel}","templated":true}]}}