{"id":38637,"date":"2025-10-01T12:46:39","date_gmt":"2025-10-01T10:46:39","guid":{"rendered":"https:\/\/www.iceagetv.com\/radiosite\/?p=38637"},"modified":"2025-10-01T12:46:44","modified_gmt":"2025-10-01T10:46:44","slug":"oktoberfest-a-munich-la-fete-de-la-biere-fermee-apres-une-explosion-dans-la-ville-au-moins-un-mort","status":"publish","type":"post","link":"https:\/\/www.iceagetv.com\/radiosite\/oktoberfest-a-munich-la-fete-de-la-biere-fermee-apres-une-explosion-dans-la-ville-au-moins-un-mort\/","title":{"rendered":"Oktoberfest \u00e0 Munich : la F\u00eate de la bi\u00e8re ferm\u00e9e apr\u00e8s une explosion dans la ville, au moins un mort"},"content":{"rendered":"\n<p class=\"\">La c\u00e9l\u00e8bre&nbsp;<a href=\"https:\/\/actu.fr\/tag\/oktoberfest\">F\u00eate de la bi\u00e8re<\/a>&nbsp;\u00e0 Munich, dans le sud de l\u2019Allemagne<strong>, a \u00e9t\u00e9 provisoirement ferm\u00e9e mercredi 1er octobre 2025<\/strong>, apr\u00e8s un incendie suivi d\u2019une explosion dans le nord de la ville&nbsp;<strong>qui ont fait au moins un mort<\/strong>, a indiqu\u00e9 la police.<\/p>\n\n\n\n<p class=\"\">La police a indiqu\u00e9 que des engins explosifs avaient \u00e9t\u00e9 d\u00e9couverts dans un immeuble r\u00e9sidentiel du nord de Munich o\u00f9 l\u2019incident s\u2019est produit, et qu\u2019elle enqu\u00eatait sur un \u00e9ventuel lien avec F\u00eate de la bi\u00e8re qui se tient pr\u00e8s du centre de la capitale bavaroise.<\/p>\n\n\n\n<p class=\"\">\u00ab&nbsp;La F\u00eate de la bi\u00e8re restera&nbsp;<strong>ferm\u00e9e provisoirement jusqu\u2019\u00e0 17 heures<\/strong>&nbsp;en raison d\u2019une alerte \u00e0 la bombe li\u00e9e \u00e0 une explosion dans le nord de Munich&nbsp;\u00bb, a annonc\u00e9 l\u2019Oktoberfest sur son site.<\/p>\n\n\n\n<h2 class=\"wp-block-heading\">Important dispositif<\/h2>\n\n\n\n<p class=\"\">Un important dispositif policier a \u00e9t\u00e9 d\u00e9ploy\u00e9 mercredi autour d\u2019un immeuble r\u00e9sidentiel du nord de Munich o\u00f9 un incendie s\u2019est d\u00e9clar\u00e9, suivi d\u2019une explosion. Les pompiers ont \u00e9t\u00e9 appel\u00e9s \u00e0 4 h 40 du matin.Selon les informations actuelles, l&rsquo;immeuble r\u00e9sidentiel aurait \u00e9t\u00e9 volontairement incendi\u00e9 dans le cadre d&rsquo;un conflit familial.<strong>Police de Munich<\/strong><\/p>\n\n\n\n<p class=\"\">Un bless\u00e9 avait \u00e9t\u00e9 retrouv\u00e9 et il est entretemps d\u00e9c\u00e9d\u00e9. Une personne est port\u00e9e disparue, que la police dit ne pas estimer dangereuse.<\/p>\n\n\n\n<p class=\"\">Le quotidien&nbsp;<a href=\"https:\/\/www.bild.de\/regional\/muenchen\/explosionen-in-muenchen-oktoberfest-bleibt-geschlossen-68dcb0cee12da109b804fb59\"><em>Bild<\/em>&nbsp;<\/a>a rapport\u00e9 qu\u2019un homme avait \u00e9t\u00e9 retrouv\u00e9 mort, soup\u00e7onn\u00e9 d\u2019avoir provoqu\u00e9 l\u2019explosion et l\u2019incendie avant de se suicider, et qu\u2019une deuxi\u00e8me personne avait \u00e9t\u00e9 retrouv\u00e9e bless\u00e9e par balle.<\/p>\n\n\n\n<p class=\"\">\u00ab&nbsp;Il n\u2019y a actuellement aucun danger pour le public&nbsp;\u00bb, a d\u00e9clar\u00e9 un porte-parole de la police au journal.<\/p>\n","protected":false},"excerpt":{"rendered":"<p>La c\u00e9l\u00e8bre&nbsp;F\u00eate de la bi\u00e8re&nbsp;\u00e0 Munich, dans le sud de l\u2019Allemagne, a \u00e9t\u00e9 provisoirement ferm\u00e9e mercredi 1er octobre 2025, apr\u00e8s un incendie suivi d\u2019une explosion dans le nord de la ville&nbsp;qui ont fait au moins un mort, a indiqu\u00e9 la police. La police a indiqu\u00e9 que des engins explosifs avaient \u00e9t\u00e9 d\u00e9couverts dans un immeuble [&hellip;]<\/p>\n","protected":false},"author":2,"featured_media":38638,"comment_status":"open","ping_status":"open","sticky":false,"template":"","format":"standard","meta":{"_jetpack_memberships_contains_paid_content":false,"footnotes":"","jetpack_publicize_message":"","jetpack_publicize_feature_enabled":true,"jetpack_social_post_already_shared":true,"jetpack_social_options":{"image_generator_settings":{"template":"highway","default_image_id":0,"font":"","enabled":true,"token":"eyJpbWciOiJodHRwczpcL1wvd3d3LmljZWFnZXR2LmNvbVwvcmFkaW9zaXRlXC93cC1jb250ZW50XC91cGxvYWRzXC8yMDI1XC8xMFwvYWZwLW9rdG9iZXJmZXN0LWZldGUtZGUtbGEtYmllcmUtbXVuaWNoLWV4cGxvc2lvbi1leHBsb3NpZnMtZmVybWV0dXJlLTk2MHg2NDAtMS5qcGVnIiwidHh0IjoiT2t0b2JlcmZlc3QgXHUwMGUwIE11bmljaCA6IGxhIEZcdTAwZWF0ZSBkZSBsYSBiaVx1MDBlOHJlIGZlcm1cdTAwZTllIGFwclx1MDBlOHMgdW5lIGV4cGxvc2lvbiBkYW5zIGxhIHZpbGxlLCBhdSBtb2lucyB1biBtb3J0IiwidGVtcGxhdGUiOiJoaWdod2F5IiwiZm9udCI6IiIsImJsb2dfaWQiOjExMTAxNjQ2MX0.ONQ0PEmoV5macYxtsqTuIGF5qolEEfwo4FmnH8W9pAMMQ"},"version":2},"_wpas_customize_per_network":false},"categories":[405],"tags":[],"class_list":["post-38637","post","type-post","status-publish","format-standard","has-post-thumbnail","hentry","category-actu-france-monde"],"jetpack_publicize_connections":[],"jetpack_featured_media_url":"https:\/\/i0.wp.com\/www.iceagetv.com\/radiosite\/wp-content\/uploads\/2025\/10\/afp-oktoberfest-fete-de-la-biere-munich-explosion-explosifs-fermeture-960x640-1.jpeg?fit=960%2C640&ssl=1","jetpack_sharing_enabled":true,"_links":{"self":[{"href":"https:\/\/www.iceagetv.com\/radiosite\/wp-json\/wp\/v2\/posts\/38637","targetHints":{"allow":["GET"]}}],"collection":[{"href":"https:\/\/www.iceagetv.com\/radiosite\/wp-json\/wp\/v2\/posts"}],"about":[{"href":"https:\/\/www.iceagetv.com\/radiosite\/wp-json\/wp\/v2\/types\/post"}],"author":[{"embeddable":true,"href":"https:\/\/www.iceagetv.com\/radiosite\/wp-json\/wp\/v2\/users\/2"}],"replies":[{"embeddable":true,"href":"https:\/\/www.iceagetv.com\/radiosite\/wp-json\/wp\/v2\/comments?post=38637"}],"version-history":[{"count":1,"href":"https:\/\/www.iceagetv.com\/radiosite\/wp-json\/wp\/v2\/posts\/38637\/revisions"}],"predecessor-version":[{"id":38639,"href":"https:\/\/www.iceagetv.com\/radiosite\/wp-json\/wp\/v2\/posts\/38637\/revisions\/38639"}],"wp:featuredmedia":[{"embeddable":true,"href":"https:\/\/www.iceagetv.com\/radiosite\/wp-json\/wp\/v2\/media\/38638"}],"wp:attachment":[{"href":"https:\/\/www.iceagetv.com\/radiosite\/wp-json\/wp\/v2\/media?parent=38637"}],"wp:term":[{"taxonomy":"category","embeddable":true,"href":"https:\/\/www.iceagetv.com\/radiosite\/wp-json\/wp\/v2\/categories?post=38637"},{"taxonomy":"post_tag","embeddable":true,"href":"https:\/\/www.iceagetv.com\/radiosite\/wp-json\/wp\/v2\/tags?post=38637"}],"curies":[{"name":"wp","href":"https:\/\/api.w.org\/{rel}","templated":true}]}}