{"id":38661,"date":"2025-10-02T09:04:51","date_gmt":"2025-10-02T07:04:51","guid":{"rendered":"https:\/\/www.iceagetv.com\/radiosite\/?p=38661"},"modified":"2025-10-02T09:04:55","modified_gmt":"2025-10-02T07:04:55","slug":"le-nombre-de-detenus-dans-les-prisons-francaises-etait-de-84-311-au-1er-septembre-2025-un-chiffre-en-hausse-par-rapport-a-celui-enregistre-au-1er-aout-selon-des-donnees-publiees-par-le-ministere-de","status":"publish","type":"post","link":"https:\/\/www.iceagetv.com\/radiosite\/le-nombre-de-detenus-dans-les-prisons-francaises-etait-de-84-311-au-1er-septembre-2025-un-chiffre-en-hausse-par-rapport-a-celui-enregistre-au-1er-aout-selon-des-donnees-publiees-par-le-ministere-de\/","title":{"rendered":"Le nombre de d\u00e9tenus dans les prisons fran\u00e7aises \u00e9tait de 84.311 au 1er septembre 2025, un chiffre en hausse par rapport \u00e0 celui enregistr\u00e9 au 1er ao\u00fbt, selon des donn\u00e9es publi\u00e9es par le minist\u00e8re de la Justice"},"content":{"rendered":"\n<p class=\"\">Le nombre de d\u00e9tenus dans les prisons fran\u00e7aises \u00e9tait de 84.311 au 1er septembre 2025, un chiffre en hausse par rapport \u00e0 celui enregistr\u00e9 au 1er ao\u00fbt, selon des donn\u00e9es publi\u00e9es mardi par le minist\u00e8re de la Justice.<\/p>\n\n\n\n<p class=\"\">Les prisons fran\u00e7aises comptaient seulement 62.614 places op\u00e9rationnelles au 1er septembre, soit une densit\u00e9 carc\u00e9rale de 134,7%. Celle-ci d\u00e9passait m\u00eame les 200% dans 24 \u00e9tablissements ou quartiers p\u00e9nitentiaires et 150% dans 66 autres.<\/p>\n\n\n\n<p class=\"\">En un an, les prisons fran\u00e7aises comptent 5.342 d\u00e9tenus de plus. Au 1er ao\u00fbt, le nombre de d\u00e9tenus avait toutefois l\u00e9g\u00e8rement fl\u00e9chi, apr\u00e8s six mois de hausse \u00e0 des niveaux in\u00e9gal\u00e9s, pour s\u2019\u00e9tablir \u00e0 84.177 personnes incarc\u00e9r\u00e9es, contre 84.951 le mois pr\u00e9c\u00e9dent.<\/p>\n\n\n\n<p class=\"\">Au 1er septembre, la densit\u00e9 carc\u00e9rale atteint 164,1% en maison d\u2019arr\u00eat, o\u00f9 sont incarc\u00e9r\u00e9s les d\u00e9tenus en attente de jugement, donc pr\u00e9sum\u00e9s innocents, et ceux condamn\u00e9s \u00e0 de courtes peines.<\/p>\n\n\n\n<p class=\"\">Parmi les personnes incarc\u00e9r\u00e9es, 22.364 sont des pr\u00e9venus, en d\u00e9tention dans l\u2019attente de leur jugement d\u00e9finitif. Au total, 101.412 personnes \u00e9taient plac\u00e9es sous \u00e9crou au d\u00e9but du mois. Parmi elles, on compte 17.101 personnes non d\u00e9tenues faisant l\u2019objet d\u2019un placement sous bracelet \u00e9lectronique ou d\u2019un placement \u00e0 l\u2019ext\u00e9rieur.<\/p>\n\n\n\n<p class=\"\">La France figure parmi les mauvais \u00e9l\u00e8ves en Europe en terme de surpopulation carc\u00e9rale, en troisi\u00e8me position derri\u00e8re la Slov\u00e9nie et Chypre, selon une \u00e9tude publi\u00e9e en juillet 2025 par le Conseil de l\u2019Europe.<\/p>\n","protected":false},"excerpt":{"rendered":"<p>Le nombre de d\u00e9tenus dans les prisons fran\u00e7aises \u00e9tait de 84.311 au 1er septembre 2025, un chiffre en hausse par rapport \u00e0 celui enregistr\u00e9 au 1er ao\u00fbt, selon des donn\u00e9es publi\u00e9es mardi par le minist\u00e8re de la Justice. Les prisons fran\u00e7aises comptaient seulement 62.614 places op\u00e9rationnelles au 1er septembre, soit une densit\u00e9 carc\u00e9rale de 134,7%. [&hellip;]<\/p>\n","protected":false},"author":2,"featured_media":38662,"comment_status":"open","ping_status":"open","sticky":false,"template":"","format":"standard","meta":{"_jetpack_memberships_contains_paid_content":false,"footnotes":"","jetpack_publicize_message":"","jetpack_publicize_feature_enabled":true,"jetpack_social_post_already_shared":true,"jetpack_social_options":{"image_generator_settings":{"template":"highway","default_image_id":0,"font":"","enabled":true,"token":"eyJpbWciOiJodHRwczpcL1wvd3d3LmljZWFnZXR2LmNvbVwvcmFkaW9zaXRlXC93cC1jb250ZW50XC91cGxvYWRzXC8yMDI1XC8xMFwvQlA1TWJHaW8uanBnIiwidHh0IjoiTGUgbm9tYnJlIGRlIGRcdTAwZTl0ZW51cyBkYW5zIGxlcyBwcmlzb25zIGZyYW5cdTAwZTdhaXNlcyBcdTAwZTl0YWl0IGRlIDg0LjMxMSBhdSAxZXIgc2VwdGVtYnJlIDIwMjUsIHVuIGNoaWZmcmUgZW4gaGF1c3NlIHBhciByYXBwb3J0IFx1MDBlMCBjZWx1aSBlbnJlZ2lzdHJcdTAwZTkgYXUgMWVyIGFvXHUwMGZidCwgc2Vsb24gZGVzIGRvbm5cdTAwZTllcyBwdWJsaVx1MDBlOWVzIHBhciBsZSBtaW5pc3RcdTAwZThyZSBkZSBsYSBKdXN0aWNlIiwidGVtcGxhdGUiOiJoaWdod2F5IiwiZm9udCI6IiIsImJsb2dfaWQiOjExMTAxNjQ2MX0.jlwCGdfrrUvdg5m6VWBV_W5RwtXlm0zkKkASlMrfq-AMQ"},"version":2},"_wpas_customize_per_network":false},"categories":[405],"tags":[],"class_list":["post-38661","post","type-post","status-publish","format-standard","has-post-thumbnail","hentry","category-actu-france-monde"],"jetpack_publicize_connections":[],"jetpack_featured_media_url":"https:\/\/i0.wp.com\/www.iceagetv.com\/radiosite\/wp-content\/uploads\/2025\/10\/BP5MbGio.jpg?fit=679%2C293&ssl=1","jetpack_sharing_enabled":true,"_links":{"self":[{"href":"https:\/\/www.iceagetv.com\/radiosite\/wp-json\/wp\/v2\/posts\/38661","targetHints":{"allow":["GET"]}}],"collection":[{"href":"https:\/\/www.iceagetv.com\/radiosite\/wp-json\/wp\/v2\/posts"}],"about":[{"href":"https:\/\/www.iceagetv.com\/radiosite\/wp-json\/wp\/v2\/types\/post"}],"author":[{"embeddable":true,"href":"https:\/\/www.iceagetv.com\/radiosite\/wp-json\/wp\/v2\/users\/2"}],"replies":[{"embeddable":true,"href":"https:\/\/www.iceagetv.com\/radiosite\/wp-json\/wp\/v2\/comments?post=38661"}],"version-history":[{"count":1,"href":"https:\/\/www.iceagetv.com\/radiosite\/wp-json\/wp\/v2\/posts\/38661\/revisions"}],"predecessor-version":[{"id":38663,"href":"https:\/\/www.iceagetv.com\/radiosite\/wp-json\/wp\/v2\/posts\/38661\/revisions\/38663"}],"wp:featuredmedia":[{"embeddable":true,"href":"https:\/\/www.iceagetv.com\/radiosite\/wp-json\/wp\/v2\/media\/38662"}],"wp:attachment":[{"href":"https:\/\/www.iceagetv.com\/radiosite\/wp-json\/wp\/v2\/media?parent=38661"}],"wp:term":[{"taxonomy":"category","embeddable":true,"href":"https:\/\/www.iceagetv.com\/radiosite\/wp-json\/wp\/v2\/categories?post=38661"},{"taxonomy":"post_tag","embeddable":true,"href":"https:\/\/www.iceagetv.com\/radiosite\/wp-json\/wp\/v2\/tags?post=38661"}],"curies":[{"name":"wp","href":"https:\/\/api.w.org\/{rel}","templated":true}]}}