{"id":38685,"date":"2025-10-03T09:22:36","date_gmt":"2025-10-03T07:22:36","guid":{"rendered":"https:\/\/www.iceagetv.com\/radiosite\/?p=38685"},"modified":"2025-10-03T09:22:40","modified_gmt":"2025-10-03T07:22:40","slug":"jai-decide-de-renoncer-a-larticle-49-3-de-la-constitution-annonce-le-premier-ministre-sebastien-lecornu-depuis-matignon","status":"publish","type":"post","link":"https:\/\/www.iceagetv.com\/radiosite\/jai-decide-de-renoncer-a-larticle-49-3-de-la-constitution-annonce-le-premier-ministre-sebastien-lecornu-depuis-matignon\/","title":{"rendered":"j&rsquo;ai d\u00e9cid\u00e9 de renoncer \u00e0 l&rsquo;article 49.3 de la Constitution\u00a0\u00bb, annonce le Premier ministre S\u00e9bastien Lecornu depuis Matignon"},"content":{"rendered":"\n<p class=\"\">Le Premier ministre \u00e9tait plut\u00f4t discret jusqu&rsquo;ici. S\u00e9bastien Lecornu a pris la parole, vendredi 3 octobre, aux alentours de 8h45, \u00e0 l&rsquo;occasion d&rsquo;une allocution prononc\u00e9e depuis Matignon.&nbsp;<em>\u00ab\u00a0J&rsquo;ai d\u00e9cid\u00e9 de renoncer \u00e0 l&rsquo;article 49.3 de la Constitution\u00a0\u00bb<\/em>, a-t-il notamment annonc\u00e9.&nbsp;<em>\u00ab\u00a0On ne peut pas passer en force et contraindre les oppositions\u00a0\u00bb<\/em>, a-t-il justifi\u00e9,&nbsp;\u00e9voquant&nbsp;<em>\u00ab\u00a0le moment le plus parlementaire de la Ve R\u00e9publique\u00a0\u00bb<\/em>.&nbsp;<em>\u00ab\u00a0La question est maintenant de savoir comment chacun peut faire un geste, sans se renier dans ses convictions\u00a0\u00bb<\/em>, a encore d\u00e9clar\u00e9 S\u00e9bastien Lecornu, estimant que&nbsp;<em>\u00ab\u00a0les compromis sont possibles\u00a0\u00bb<\/em>.&nbsp;Suivez notre direct.<\/p>\n\n\n\n<p class=\"\"><strong>Nouvelle journ\u00e9e de consultations \u00e0 Matignon.<\/strong>&nbsp;Le chef de l&rsquo;ex\u00e9cutif re\u00e7oit Marine Le Pen \u00e0 9 heures, puis il tentera de convaincre les socialistes&nbsp;<a href=\"https:\/\/www.franceinfo.fr\/politique\/la-stabilite-est-entre-les-mains-du-gouvernement-les-socialistes-posent-leurs-conditions-avant-leur-rencontre-avec-sebastien-lecornu_7528003.html\">de ne pas le censurer<\/a>&nbsp;\u00e0 10h30. La t\u00e2che s&rsquo;annonce difficile. Les socialistes veulent par exemple une&nbsp;<a href=\"https:\/\/www.franceinfo.fr\/economie\/impots\/exil-fiscal\/vrai-ou-faux-la-taxe-zucman-sur-les-tres-hauts-patrimoines-serait-elle-inconstitutionnelle-comme-l-affirme-francois-bayrou_7468477.html\">taxe Zucman<\/a>&nbsp;sur les plus riches ou la suspension de la r\u00e9forme des retraites. Deux exigences d\u00e9j\u00e0 balay\u00e9es par le Premier ministre, qui met sur la table quelques pistes sur le pouvoir d&rsquo;achat. S\u00e9bastien Lecornu recevra enfin les Ecologistes en fin de matin\u00e9e.<\/p>\n\n\n\n<p class=\"\"><strong>Un petit pas en direction de la gauche&nbsp;?<\/strong>&nbsp;S\u00e9bastien Lecornu envisage plusieurs mesures, dont&nbsp;<a href=\"https:\/\/www.franceinfo.fr\/economie\/transports\/gilets-jaunes\/economie-succes-de-la-prime-macron-en-2020_4219867.html\">le r\u00e9tablissement de la prime Macron<\/a>,&nbsp;<a href=\"https:\/\/www.franceinfo.fr\/politique\/le-premier-ministre-sebastien-lecornu-etudie-plusieurs-mesures-dont-une-baisse-de-l-impot-sur-le-revenu-pour-les-couples-payes-au-smic_7527283.html\">a appris jeudi France T\u00e9l\u00e9visions<\/a>&nbsp;aupr\u00e8s de son entourage. Le Premier ministre \u00e9tudie aussi une r\u00e9duction de l&rsquo;imp\u00f4t sur le revenu pour les couples pay\u00e9s chacun&nbsp;<em>\u00ab\u00a0l\u00e9g\u00e8rement\u00a0\u00bb<\/em>&nbsp;au-dessus du smic, a ajout\u00e9 Matignon.<\/p>\n\n\n\n<p class=\"\"><strong>Les R\u00e9publicains haussent le ton.&nbsp;<\/strong>Les parlementaires de droite se sont r\u00e9unis en visioconf\u00e9rence, jeudi soir, pour faire un point sur les n\u00e9gociations en cours. Ils exigent notamment&nbsp;<em>\u00ab\u00a0un tiers du gouvernement\u00a0\u00bb<\/em>, selon les informations de France Inter. Ces \u00e9lus&nbsp;<a href=\"https:\/\/www.franceinfo.fr\/politique\/gouvernement-de-sebastien-lecornu\/gouvernement-lecornu-les-republicains-exigent-un-tiers-du-gouvernement-et-attendent-des-reponses-du-premier-ministre-notamment-sur-l-immigration_7529053.html\">veulent \u00e9galement des r\u00e9ponses du Premier ministre sur l&rsquo;immigration<\/a>. La participation de LR&nbsp;<a href=\"https:\/\/www.franceinfo.fr\/politique\/bruno-retailleau\/gouvernement-de-sebastien-lecornu-a-ce-stade-la-participation-de-lr-n-est-pas-acquise-du-tout-previent-bruno-retailleau_7527949.html\" target=\"_blank\" rel=\"noreferrer noopener\">n&rsquo;est pas&nbsp;<em>\u00ab\u00a0acquise du tout\u00a0\u00bb<\/em>&nbsp;(Nouvelle fen\u00eatre)<\/a>, a d\u00e9clar\u00e9 leur patron Bruno Retailleau dans&nbsp;<a href=\"https:\/\/www.lefigaro.fr\/politique\/bruno-retailleau-au-figaro-a-ce-stade-la-participation-de-la-droite-au-gouvernement-n-est-pas-acquise-du-tout-20251002\" target=\"_blank\" rel=\"noreferrer noopener\"><em>Le Figaro<\/em>(Nouvelle fen\u00eatre)<\/a>.<\/p>\n\n\n\n<p class=\"\"><strong>Du mouvement \u00e0 l&rsquo;Assembl\u00e9e nationale.&nbsp;<\/strong>Les macronistes et les d\u00e9put\u00e9s des R\u00e9publicains ont repris&nbsp;<a href=\"https:\/\/www.franceinfo.fr\/politique\/parlement-francais\/assemblee-nationale\/les-macronistes-et-les-republicains-recuperent-toutes-les-presidences-des-commissions-a-l-assemblee-sauf-les-finances-avec-le-soutien-du-rn_7527646.html\">toutes les pr\u00e9sidences des commissions<\/a>&nbsp;permanentes de&nbsp;<a href=\"https:\/\/www.franceinfo.fr\/politique\/parlement-francais\/assemblee-nationale\/les-espoirs-du-rn-les-craintes-de-la-gauche-la-menace-de-liot-pourquoi-la-bataille-pour-les-postes-cles-de-l-assemblee-est-loin-d-etre-anodine_7523176.html\">l&rsquo;Assembl\u00e9e nationale<\/a>, avec les voix du Rassemblement national. Une exception&nbsp;: la commission des Finances, d\u00e9volue \u00e0 l&rsquo;opposition et qui reste occup\u00e9e par l&rsquo;insoumis Eric Coquerel.<\/p>\n","protected":false},"excerpt":{"rendered":"<p>Le Premier ministre \u00e9tait plut\u00f4t discret jusqu&rsquo;ici. S\u00e9bastien Lecornu a pris la parole, vendredi 3 octobre, aux alentours de 8h45, \u00e0 l&rsquo;occasion d&rsquo;une allocution prononc\u00e9e depuis Matignon.&nbsp;\u00ab\u00a0J&rsquo;ai d\u00e9cid\u00e9 de renoncer \u00e0 l&rsquo;article 49.3 de la Constitution\u00a0\u00bb, a-t-il notamment annonc\u00e9.&nbsp;\u00ab\u00a0On ne peut pas passer en force et contraindre les oppositions\u00a0\u00bb, a-t-il justifi\u00e9,&nbsp;\u00e9voquant&nbsp;\u00ab\u00a0le moment le plus parlementaire [&hellip;]<\/p>\n","protected":false},"author":2,"featured_media":38523,"comment_status":"open","ping_status":"open","sticky":false,"template":"","format":"standard","meta":{"_jetpack_memberships_contains_paid_content":false,"footnotes":"","jetpack_publicize_message":"","jetpack_publicize_feature_enabled":true,"jetpack_social_post_already_shared":true,"jetpack_social_options":{"image_generator_settings":{"template":"highway","default_image_id":0,"font":"","enabled":true,"token":"eyJpbWciOiJodHRwczpcL1wvd3d3LmljZWFnZXR2LmNvbVwvcmFkaW9zaXRlXC93cC1jb250ZW50XC91cGxvYWRzXC8yMDI1XC8wOVwvSXdkN0Jkb1guanBnIiwidHh0IjoiaiYjODIxNzthaSBkXHUwMGU5Y2lkXHUwMGU5IGRlIHJlbm9uY2VyIFx1MDBlMCBsJiM4MjE3O2FydGljbGUgNDkuMyBkZSBsYSBDb25zdGl0dXRpb24mIzgyMjE7LCBhbm5vbmNlIGxlIFByZW1pZXIgbWluaXN0cmUgU1x1MDBlOWJhc3RpZW4gTGVjb3JudSBkZXB1aXMgTWF0aWdub24iLCJ0ZW1wbGF0ZSI6ImhpZ2h3YXkiLCJmb250IjoiIiwiYmxvZ19pZCI6MTExMDE2NDYxfQ.7SDBEMD2XnH0JrnI1C1BkmJhadcE7aDl7mMAR2Tu1cQMQ"},"version":2},"_wpas_customize_per_network":false},"categories":[405],"tags":[],"class_list":["post-38685","post","type-post","status-publish","format-standard","has-post-thumbnail","hentry","category-actu-france-monde"],"jetpack_publicize_connections":[],"jetpack_featured_media_url":"https:\/\/i0.wp.com\/www.iceagetv.com\/radiosite\/wp-content\/uploads\/2025\/09\/Iwd7BdoX.jpg?fit=679%2C293&ssl=1","jetpack_sharing_enabled":true,"_links":{"self":[{"href":"https:\/\/www.iceagetv.com\/radiosite\/wp-json\/wp\/v2\/posts\/38685","targetHints":{"allow":["GET"]}}],"collection":[{"href":"https:\/\/www.iceagetv.com\/radiosite\/wp-json\/wp\/v2\/posts"}],"about":[{"href":"https:\/\/www.iceagetv.com\/radiosite\/wp-json\/wp\/v2\/types\/post"}],"author":[{"embeddable":true,"href":"https:\/\/www.iceagetv.com\/radiosite\/wp-json\/wp\/v2\/users\/2"}],"replies":[{"embeddable":true,"href":"https:\/\/www.iceagetv.com\/radiosite\/wp-json\/wp\/v2\/comments?post=38685"}],"version-history":[{"count":1,"href":"https:\/\/www.iceagetv.com\/radiosite\/wp-json\/wp\/v2\/posts\/38685\/revisions"}],"predecessor-version":[{"id":38687,"href":"https:\/\/www.iceagetv.com\/radiosite\/wp-json\/wp\/v2\/posts\/38685\/revisions\/38687"}],"wp:featuredmedia":[{"embeddable":true,"href":"https:\/\/www.iceagetv.com\/radiosite\/wp-json\/wp\/v2\/media\/38523"}],"wp:attachment":[{"href":"https:\/\/www.iceagetv.com\/radiosite\/wp-json\/wp\/v2\/media?parent=38685"}],"wp:term":[{"taxonomy":"category","embeddable":true,"href":"https:\/\/www.iceagetv.com\/radiosite\/wp-json\/wp\/v2\/categories?post=38685"},{"taxonomy":"post_tag","embeddable":true,"href":"https:\/\/www.iceagetv.com\/radiosite\/wp-json\/wp\/v2\/tags?post=38685"}],"curies":[{"name":"wp","href":"https:\/\/api.w.org\/{rel}","templated":true}]}}