{"id":38730,"date":"2025-10-05T09:20:49","date_gmt":"2025-10-05T07:20:49","guid":{"rendered":"https:\/\/www.iceagetv.com\/radiosite\/?p=38730"},"modified":"2025-10-05T09:20:55","modified_gmt":"2025-10-05T07:20:55","slug":"cest-enorme-pourquoi-2025-est-une-annee-millesime-pour-la-cueillette-des-champignons","status":"publish","type":"post","link":"https:\/\/www.iceagetv.com\/radiosite\/cest-enorme-pourquoi-2025-est-une-annee-millesime-pour-la-cueillette-des-champignons\/","title":{"rendered":"C&rsquo;est \u00e9norme\u00a0\u00bb : pourquoi 2025 est \u00ab\u00a0une ann\u00e9e mill\u00e9sime\u00a0\u00bb pour la cueillette des champignons"},"content":{"rendered":"\n<p class=\"\">La pleine saison de la cueillette des champignons, c&rsquo;est en ce moment, en automne. Et l&rsquo;ann\u00e9e 2025 serait une ann\u00e9e prometteuse pour les passionn\u00e9s de cueillette.Si vous \u00eates all\u00e9 en for\u00eat r\u00e9cemment, vous l\u2019avez peut-\u00eatre remarqu\u00e9, c\u2019est la pleine saison\u00a0<strong>des champignons<\/strong>. Mais cet automne 2025 pourrait ne pas \u00eatre comme les autres : les paniers devraient \u00eatre bien plus remplis que les ann\u00e9es pr\u00e9c\u00e9dentes.\u00a0\u00ab\u2009Cette ann\u00e9e, c\u2019est vraiment un mill\u00e9sime\u2009\u00bb<\/p>\n\n\n\n<p class=\"\">D\u00e9j\u00e0, il faut noter que les champignons ne poussent pas uniquement en automne. \u00ab\u2009Les champignons, c\u2019est toute l\u2019ann\u00e9e. Il y en a m\u00eame en hiver, m\u00eame au printemps, m\u00eame l\u2019\u00e9t\u00e9\u2009\u00bb, souligne aupr\u00e8s d\u2019<em>actu.fr<\/em>&nbsp;Dan, un Alsacien dipl\u00f4m\u00e9 en mycologie, qui partage ses conseils champignons sur les&nbsp;<a href=\"https:\/\/actu.fr\/tag\/reseaux-sociaux\">r\u00e9seaux sociaux<\/a>. \u00ab\u2009On peut trouver des c\u00e8pes en \u00e9t\u00e9 ou encore des morilles \u00e0 partir de mars.\u2009\u00bb<\/p>\n\n\n\n<p class=\"\">Mais il est vrai que la pleine p\u00e9riode reste l\u2019automne. \u00ab\u2009On est en plein dedans. Cela fait \u00e0 peu pr\u00e8s trois semaines que \u00e7a pousse bien partout en France\u2009\u00bb, appuie Dan.<\/p>\n\n\n\n<p class=\"\">Car\u00a0<a href=\"https:\/\/actu.fr\/planete\/biodiversite\/on-ne-connait-que-6-de-leur-population-et-pourtant-les-champignons-sont-essentiels-pour-la-biodiversite_61762158.html\">les amateurs de champignons<\/a>\u00a0et de balades en for\u00eat l\u2019auront s\u00fbrement remarqu\u00e9 : la cueillette est vraiment bonne cette ann\u00e9e. \u00ab\u2009<strong>C\u2019est \u00e9norme<\/strong>. Cette ann\u00e9e, c\u2019est vraiment un mill\u00e9sime\u2009\u00bb, s\u2019\u00e9merveille le cr\u00e9ateur de la\u00a0<a href=\"https:\/\/www.youtube.com\/@CueillettedesChampignons\">cha\u00eene YouTube \u00ab\u2009Cueillette des champignons\u2009\u00bb<\/a>.L\u2019Alsacien raconte cueillir un champignon pris\u00e9 \u00ab\u2009\u00e0 profusion\u2009\u00bb\u2009: le c\u00e8pe. \u00ab\u2009J\u2019ai trouv\u00e9 un endroit o\u00f9 j\u2019en avais 70. J\u2019ai m\u00eame fait un carr\u00e9 de c\u00e8pes (quatre vari\u00e9t\u00e9s de c\u00e8pes trouv\u00e9es le m\u00eame jour, NDLR.).\u2009\u00bbSelon lui, avant que la saison ne d\u00e9bute en France, \u00ab\u2009la folie avait d\u00e9j\u00e0 commenc\u00e9 en Italie. Et il y avait une tr\u00e8s tr\u00e8s bonne saison en Pologne\u2009\u00bb.<\/p>\n\n\n\n<p class=\"\">Pourtant, ces retours de cueillettes avec un panier bien rempli ne sont pas monnaie courante. \u00ab\u2009<strong>\u00c7a faisait longtemps, tr\u00e8s longtemps que je n\u2019avais pas vu \u00e7a<\/strong>\u2009\u00bb, assure l\u2019expert.<\/p>\n\n\n\n<p class=\"\">D\u2019autant plus que l\u2019ann\u00e9e \u00e9tait mal partie. \u00ab\u2009Ce n\u2019\u00e9tait pas terrible au printemps, mais la deuxi\u00e8me partie de l\u2019ann\u00e9e est vraiment fantastique.\u2009\u00bbDes conditions climatiques favorables<\/p>\n\n\n\n<p class=\"\">Une ann\u00e9e exceptionnelle qui s\u2019expliquerait par de&nbsp;<strong>bonnes conditions m\u00e9t\u00e9o<\/strong>, que Dan r\u00e9sume ainsi\u2009:&nbsp;<strong>des temp\u00e9ratures ad\u00e9quates et un bon niveau de pr\u00e9cipitations<\/strong>.<\/p>\n\n\n\n<p class=\"\">D\u2019apr\u00e8s le site&nbsp;<a href=\"https:\/\/www.chasseursdechampignons.com\/blog\/comment-trouver-des-champignons\/en-combien-de-temps-pousse-un-cepe\/\">Chasseurs des champignons<\/a>, qui publie des cartes pour trouver les meilleurs coins en for\u00eats, les champignons sont constitu\u00e9s \u00e0 plus de 90\u2009% d\u2019eau. Ainsi, il leur faut de l\u2019humidit\u00e9 \u2013 et donc de la pluie. Mais ce n\u2019est pas tout, une temp\u00e9rature \u00e9lev\u00e9e va les faire sortir de terre. Ce sont deux param\u00e8tres qui doivent \u00eatre r\u00e9unis pour qu\u2019ils poussent.<\/p>\n","protected":false},"excerpt":{"rendered":"<p>La pleine saison de la cueillette des champignons, c&rsquo;est en ce moment, en automne. Et l&rsquo;ann\u00e9e 2025 serait une ann\u00e9e prometteuse pour les passionn\u00e9s de cueillette.Si vous \u00eates all\u00e9 en for\u00eat r\u00e9cemment, vous l\u2019avez peut-\u00eatre remarqu\u00e9, c\u2019est la pleine saison\u00a0des champignons. Mais cet automne 2025 pourrait ne pas \u00eatre comme les autres : les paniers [&hellip;]<\/p>\n","protected":false},"author":2,"featured_media":38731,"comment_status":"open","ping_status":"open","sticky":false,"template":"","format":"standard","meta":{"_jetpack_memberships_contains_paid_content":false,"footnotes":"","jetpack_publicize_message":"","jetpack_publicize_feature_enabled":true,"jetpack_social_post_already_shared":true,"jetpack_social_options":{"image_generator_settings":{"template":"highway","default_image_id":0,"font":"","enabled":true,"token":"eyJpbWciOiJodHRwczpcL1wvd3d3LmljZWFnZXR2LmNvbVwvcmFkaW9zaXRlXC93cC1jb250ZW50XC91cGxvYWRzXC8yMDI1XC8xMFwvaW1nLTIwMjUxMDAyLXdhMDAwMC05NjB4NjQwLTEuanBlZyIsInR4dCI6IkMmIzgyMTc7ZXN0IFx1MDBlOW5vcm1lJiM4MjIxOyA6IHBvdXJxdW9pIDIwMjUgZXN0ICYjODIyMDt1bmUgYW5uXHUwMGU5ZSBtaWxsXHUwMGU5c2ltZSYjODIyMTsgcG91ciBsYSBjdWVpbGxldHRlIGRlcyBjaGFtcGlnbm9ucyIsInRlbXBsYXRlIjoiaGlnaHdheSIsImZvbnQiOiIiLCJibG9nX2lkIjoxMTEwMTY0NjF9.xC4AwDQYie-Q54QotDD2HkLfGEwlnLyA0aS8x2NjlhMMQ"},"version":2},"_wpas_customize_per_network":false},"categories":[68],"tags":[],"class_list":["post-38730","post","type-post","status-publish","format-standard","has-post-thumbnail","hentry","category-actu-culturelle"],"jetpack_publicize_connections":[],"jetpack_featured_media_url":"https:\/\/i0.wp.com\/www.iceagetv.com\/radiosite\/wp-content\/uploads\/2025\/10\/img-20251002-wa0000-960x640-1.jpeg?fit=960%2C640&ssl=1","jetpack_sharing_enabled":true,"_links":{"self":[{"href":"https:\/\/www.iceagetv.com\/radiosite\/wp-json\/wp\/v2\/posts\/38730","targetHints":{"allow":["GET"]}}],"collection":[{"href":"https:\/\/www.iceagetv.com\/radiosite\/wp-json\/wp\/v2\/posts"}],"about":[{"href":"https:\/\/www.iceagetv.com\/radiosite\/wp-json\/wp\/v2\/types\/post"}],"author":[{"embeddable":true,"href":"https:\/\/www.iceagetv.com\/radiosite\/wp-json\/wp\/v2\/users\/2"}],"replies":[{"embeddable":true,"href":"https:\/\/www.iceagetv.com\/radiosite\/wp-json\/wp\/v2\/comments?post=38730"}],"version-history":[{"count":1,"href":"https:\/\/www.iceagetv.com\/radiosite\/wp-json\/wp\/v2\/posts\/38730\/revisions"}],"predecessor-version":[{"id":38732,"href":"https:\/\/www.iceagetv.com\/radiosite\/wp-json\/wp\/v2\/posts\/38730\/revisions\/38732"}],"wp:featuredmedia":[{"embeddable":true,"href":"https:\/\/www.iceagetv.com\/radiosite\/wp-json\/wp\/v2\/media\/38731"}],"wp:attachment":[{"href":"https:\/\/www.iceagetv.com\/radiosite\/wp-json\/wp\/v2\/media?parent=38730"}],"wp:term":[{"taxonomy":"category","embeddable":true,"href":"https:\/\/www.iceagetv.com\/radiosite\/wp-json\/wp\/v2\/categories?post=38730"},{"taxonomy":"post_tag","embeddable":true,"href":"https:\/\/www.iceagetv.com\/radiosite\/wp-json\/wp\/v2\/tags?post=38730"}],"curies":[{"name":"wp","href":"https:\/\/api.w.org\/{rel}","templated":true}]}}