{"id":38773,"date":"2025-10-06T05:58:10","date_gmt":"2025-10-06T03:58:10","guid":{"rendered":"https:\/\/www.iceagetv.com\/radiosite\/?p=38773"},"modified":"2025-10-06T05:58:14","modified_gmt":"2025-10-06T03:58:14","slug":"tout-juste-reconduit-le-ministre-bruno-retailleau-allume-deja-son-propre-gouvernement","status":"publish","type":"post","link":"https:\/\/www.iceagetv.com\/radiosite\/tout-juste-reconduit-le-ministre-bruno-retailleau-allume-deja-son-propre-gouvernement\/","title":{"rendered":"Tout juste reconduit, le ministre Bruno Retailleau allume d\u00e9j\u00e0 son propre gouvernement"},"content":{"rendered":"\n<p class=\"\">Pour le ministre de l&rsquo;Int\u00e9rieur reconduit, \u00ab\u00a0la composition du gouvernement ne refl\u00e8te pas la rupture promise\u00a0\u00bb. Il pr\u00e9voit de convoquer \u00ab\u00a0le comit\u00e9 strat\u00e9gique des R\u00e9publicains\u00a0\u00bb.\u00c0 peine 1h30 apr\u00e8s la nomination du gouvernement Lecornu, dont le Vend\u00e9en fait partie en tant que ministre de l\u2019Int\u00e9rieur reconduit, le patron des LR le critique d\u00e9j\u00e0. Dans un post sur X, il d\u00e9clare que \u00ab la composition du Gouvernement ne refl\u00e8te pas la rupture promise \u00bb.Il va m\u00eame plus loin : il convoque ce lundi matin \u00ab le comit\u00e9 strat\u00e9gique des R\u00e9publicains, devant la situation politique cr\u00e9\u00e9e par cette annonce \u00bb. Rien que \u00e7a. Dans la nuit de samedi \u00e0 dimanche, pour tenter de les rassurer, S\u00e9bastien Lecornu avait adress\u00e9 une \u00ab feuille de route gouvernementale \u00bb aux dirigeants des partis susceptibles de le soutenir (Renaissance, MoDem, Horizons, LR, UDI). Quatre ministres LR (mais pas de nouveaux)Le Premier ministre y d\u00e9clinait ses priorit\u00e9s \u2013 sans grand degr\u00e9 de d\u00e9tail ni calendrier l\u00e9gislatif pr\u00e9cis -, appelant son socle \u00e0 \u00ab s\u2019unir \u00bb et se \u00ab rassembler \u00bb malgr\u00e9 les \u00ab diff\u00e9rences \u00bb.Apr\u00e8s avoir hauss\u00e9 le ton samedi, le MoDem semble \u00eatre rentr\u00e9 dans le rang : deux ministres de sa formation \u2013 Jean-No\u00ebl Barrot au Quai d\u2019Orsay et Marina Ferrari aux Sports \u2013 figurent dans l\u2019\u00e9quipe annonc\u00e9e dimanche.L\u2019absence de nouvelles nominations de ministres LR, en plus de Bruno Retailleau donc, Rachida Dati (Culture), Annie Genevard (Agriculture) et Philippe Tabarot (Transports), n\u2019a pas suffi. <\/p>\n","protected":false},"excerpt":{"rendered":"<p>Pour le ministre de l&rsquo;Int\u00e9rieur reconduit, \u00ab\u00a0la composition du gouvernement ne refl\u00e8te pas la rupture promise\u00a0\u00bb. Il pr\u00e9voit de convoquer \u00ab\u00a0le comit\u00e9 strat\u00e9gique des R\u00e9publicains\u00a0\u00bb.\u00c0 peine 1h30 apr\u00e8s la nomination du gouvernement Lecornu, dont le Vend\u00e9en fait partie en tant que ministre de l\u2019Int\u00e9rieur reconduit, le patron des LR le critique d\u00e9j\u00e0. Dans un post [&hellip;]<\/p>\n","protected":false},"author":2,"featured_media":38774,"comment_status":"open","ping_status":"open","sticky":false,"template":"","format":"standard","meta":{"_jetpack_memberships_contains_paid_content":false,"footnotes":"","jetpack_publicize_message":"","jetpack_publicize_feature_enabled":true,"jetpack_social_post_already_shared":false,"jetpack_social_options":{"image_generator_settings":{"template":"highway","default_image_id":0,"font":"","enabled":true,"token":"eyJpbWciOiJodHRwczpcL1wvd3d3LmljZWFnZXR2LmNvbVwvcmFkaW9zaXRlXC93cC1jb250ZW50XC91cGxvYWRzXC8yMDI1XC8xMFwvYnJ1bm8tcmV0YWlsbGVhdS1taW5pc3RyZS1kZS1saW50ZXJpZXVyLTk2MHg2NDAtMS5qcGVnIiwidHh0IjoiVG91dCBqdXN0ZSByZWNvbmR1aXQsIGxlIG1pbmlzdHJlIEJydW5vIFJldGFpbGxlYXUgYWxsdW1lIGRcdTAwZTlqXHUwMGUwIHNvbiBwcm9wcmUgZ291dmVybmVtZW50IiwidGVtcGxhdGUiOiJoaWdod2F5IiwiZm9udCI6IiIsImJsb2dfaWQiOjExMTAxNjQ2MX0.ZovCu2LOv1pqBADfZhNFlkDM2wielvRvFjk58fm5nh4MQ"},"version":2},"_wpas_customize_per_network":false},"categories":[405],"tags":[],"class_list":["post-38773","post","type-post","status-publish","format-standard","has-post-thumbnail","hentry","category-actu-france-monde"],"jetpack_publicize_connections":[],"jetpack_featured_media_url":"https:\/\/i0.wp.com\/www.iceagetv.com\/radiosite\/wp-content\/uploads\/2025\/10\/bruno-retailleau-ministre-de-linterieur-960x640-1.jpeg?fit=960%2C640&ssl=1","jetpack_sharing_enabled":true,"_links":{"self":[{"href":"https:\/\/www.iceagetv.com\/radiosite\/wp-json\/wp\/v2\/posts\/38773","targetHints":{"allow":["GET"]}}],"collection":[{"href":"https:\/\/www.iceagetv.com\/radiosite\/wp-json\/wp\/v2\/posts"}],"about":[{"href":"https:\/\/www.iceagetv.com\/radiosite\/wp-json\/wp\/v2\/types\/post"}],"author":[{"embeddable":true,"href":"https:\/\/www.iceagetv.com\/radiosite\/wp-json\/wp\/v2\/users\/2"}],"replies":[{"embeddable":true,"href":"https:\/\/www.iceagetv.com\/radiosite\/wp-json\/wp\/v2\/comments?post=38773"}],"version-history":[{"count":1,"href":"https:\/\/www.iceagetv.com\/radiosite\/wp-json\/wp\/v2\/posts\/38773\/revisions"}],"predecessor-version":[{"id":38775,"href":"https:\/\/www.iceagetv.com\/radiosite\/wp-json\/wp\/v2\/posts\/38773\/revisions\/38775"}],"wp:featuredmedia":[{"embeddable":true,"href":"https:\/\/www.iceagetv.com\/radiosite\/wp-json\/wp\/v2\/media\/38774"}],"wp:attachment":[{"href":"https:\/\/www.iceagetv.com\/radiosite\/wp-json\/wp\/v2\/media?parent=38773"}],"wp:term":[{"taxonomy":"category","embeddable":true,"href":"https:\/\/www.iceagetv.com\/radiosite\/wp-json\/wp\/v2\/categories?post=38773"},{"taxonomy":"post_tag","embeddable":true,"href":"https:\/\/www.iceagetv.com\/radiosite\/wp-json\/wp\/v2\/tags?post=38773"}],"curies":[{"name":"wp","href":"https:\/\/api.w.org\/{rel}","templated":true}]}}