{"id":38780,"date":"2025-10-06T13:07:14","date_gmt":"2025-10-06T11:07:14","guid":{"rendered":"https:\/\/www.iceagetv.com\/radiosite\/?p=38780"},"modified":"2025-10-06T13:07:18","modified_gmt":"2025-10-06T11:07:18","slug":"sebastien-lecornu-sest-exprime-depuis-matignon-les-conditions-netaient-plus-remplies-pour-que-je-puisse-exercer-les-fonctions-de-premier-ministre-il-regrette-les-appetits-partisans-qui","status":"publish","type":"post","link":"https:\/\/www.iceagetv.com\/radiosite\/sebastien-lecornu-sest-exprime-depuis-matignon-les-conditions-netaient-plus-remplies-pour-que-je-puisse-exercer-les-fonctions-de-premier-ministre-il-regrette-les-appetits-partisans-qui\/","title":{"rendered":"S\u00e9bastien Lecornu s&rsquo;est exprim\u00e9 depuis Matignon: \u00ab\u00a0Les conditions n&rsquo;\u00e9taient plus remplies pour que je puisse exercer les fonctions de Premier ministre\u00a0\u00bb &#8211; Il regrette les \u00ab\u00a0app\u00e9tits partisans\u00a0\u00bb qui ont conduit \u00e0 sa d\u00e9mission"},"content":{"rendered":"\n<p class=\"\">Le gouvernement allemand a soulign\u00e9 lundi que la stabilit\u00e9 de la France \u00e9tait importante pour l\u2019Europe, apr\u00e8s la d\u00e9mission du Premier ministre fran\u00e7ais S\u00e9bastien Lecornu, prolongeant et approfondissant la crise politique dans le pays.<\/p>\n\n\n\n<p class=\"\">\u00ab&nbsp;Une France stable est une contribution importante pour l\u2019Europe&nbsp;\u00bb, a affirm\u00e9 le porte-parole du gouvernement allemand, Stefan Kornelius, interrog\u00e9 sur la crise fran\u00e7aise, avant d\u2019ajouter ne pas avoir de doute que \u00ab&nbsp;la stabilit\u00e9 r\u00e8gne en France&nbsp;\u00bb.<\/p>\n\n\n\n<p class=\"\">\u00ab\u00a0La formation du gouvernement va encore prendre un certain temps\u00a0\u00bb, a-t-il ajout\u00e9, appelant \u00e0 \u00ab\u00a0laisser le processus suivre son cours\u00a0\u00bb.La pr\u00e9sidente de l\u2019Assembl\u00e9e nationale, Ya\u00ebl Braun-Pivet, vient de poster un message sur son compte X.<\/p>\n\n\n\n<p class=\"\">\u00ab\u00a0La voie du dialogue est encore possible. Nos concitoyens attendent que nous nous mettions autour de la table. Il est urgent de d\u00e9finir un pacte de stabilit\u00e9 et de responsabilit\u00e9 pour r\u00e9pondre \u00e0 leurs attentes. Cela doit \u00eatre notre seul guide. C\u2019est notre responsabilit\u00e9 \u00e0 tous, maintenant\u00a0\u00bb, \u00e9crit-elle sur le r\u00e9seau social.\u00a0<strong>Le point sur la situation \u00e0 la mi-journ\u00e9e<\/strong><\/p>\n\n\n\n<p class=\"\">Un record depuis 1958&nbsp;: 14&nbsp;heures apr\u00e8s l\u2019annonce de la composition de son gouvernement, imm\u00e9diatement critiqu\u00e9 et menac\u00e9 d\u2019implosion, le premier ministre fran\u00e7ais S\u00e9bastien Lecornu a pr\u00e9sent\u00e9 lundi matin sa d\u00e9mission \u00e0 Emmanuel Macron, moins d\u2019un mois apr\u00e8s sa prise de fonction.<\/p>\n\n\n\n<p class=\"\">En proie \u00e0 l\u2019instabilit\u00e9 depuis la dissolution de l\u2019Assembl\u00e9e nationale d\u00e9cid\u00e9e par le chef de l\u2019\u00c9tat en juin&nbsp;2024, qui n\u2019a pas permis de d\u00e9gager de majorit\u00e9, la France s\u2019enfonce un peu plus dans la crise politique qui inqui\u00e8te les milieux \u00e9conomiques et financiers. Vingt-sept jours apr\u00e8s sa nomination, S\u00e9bastien Lecornu devient le premier ministre le plus \u00e9ph\u00e9m\u00e8re de l\u2019histoire de la Ve&nbsp;R\u00e9publique, fond\u00e9e en 1958.<\/p>\n\n\n\n<p class=\"\">Fid\u00e8le d\u2019Emmanuel Macron r\u00e9put\u00e9 fin n\u00e9gociateur, nomm\u00e9 pour tenter de composer un troisi\u00e8me gouvernement en un an, il a devanc\u00e9 l\u2019implosion annonc\u00e9e de sa fragile coalition gouvernementale. \u00ab&nbsp;Les conditions n\u2019\u00e9taient pas remplies&nbsp;\u00bb, a-t-il d\u00e9clar\u00e9 dans un discours, au cours duquel il a d\u00e9plor\u00e9 les \u00ab&nbsp;app\u00e9tits partisans&nbsp;\u00bb.<\/p>\n\n\n\n<p class=\"\">\u00ab&nbsp;Les partis politiques continuent d\u2019adopter une posture comme s\u2019ils avaient tous la majorit\u00e9 absolue \u00e0 l\u2019Assembl\u00e9e nationale&nbsp;\u00bb, a-t-il estim\u00e9, en affirmant qu\u2019il s\u2019\u00e9tait pourtant montr\u00e9 \u00ab&nbsp;pr\u00eat \u00e0 des compromis&nbsp;\u00bb.<\/p>\n\n\n\n<p class=\"\">La cheffe de file de l\u2019extr\u00eame droite fran\u00e7aise Marine Le&nbsp;Pen a jug\u00e9 lundi \u00ab&nbsp;absolument n\u00e9cessaire&nbsp;\u00bb une nouvelle dissolution de l\u2019Assembl\u00e9e, estimant \u00e9galement qu\u2019une d\u00e9mission d\u2019Emmanuel Macron \u00e9tait la \u00ab&nbsp;seule d\u00e9cision sage&nbsp;\u00bb.<\/p>\n\n\n\n<p class=\"\">Le leader de la gauche radicale Jean-Luc M\u00e9lenchon a appel\u00e9 de son c\u00f4t\u00e9 \u00e0 ce que l\u2019Assembl\u00e9e nationale examine \u00ab\u00a0imm\u00e9diatement\u00a0\u00bb une motion de destitution contre Emmanuel Macron, sign\u00e9e par les d\u00e9put\u00e9s de son parti La France Insoumise, mais aussi par des d\u00e9put\u00e9s des groupes \u00e9cologistes et communistes.<strong>&nbsp;<\/strong>L\u2019euro chute lundi avec l\u2019annonce de la d\u00e9mission du Premier ministre fran\u00e7ais S\u00e9bastien Lecornu, qui renforce la crise politique en France et alimente le risque d\u2019une d\u00e9gradation de la note du pays sur le march\u00e9 obligataire.<\/p>\n\n\n\n<p class=\"\">Vers 11H05 \u00e0 Paris (09H05 GMT), la monnaie unique perdait 0,63% face au dollar, \u00e0 1,1688 dollar pour un euro.<\/p>\n\n\n\n<p class=\"\">Le locataire de Matignon, nomm\u00e9 le 9 septembre, qui devait tenir son premier Conseil des ministres \u00e0 la t\u00eate du gouvernement plus tard dans la journ\u00e9e lundi, s\u2019est rendu aux premi\u00e8res heures de la matin\u00e9e \u00e0 l\u2019\u00c9lys\u00e9e pour remettre sa d\u00e9mission au pr\u00e9sident Emmanuel Macron, qui l\u2019a accept\u00e9e, selon un communiqu\u00e9 de l\u2019Elys\u00e9e.<\/p>\n\n\n\n<p class=\"\">Cette d\u00e9mission plonge la France dans une crise politique sans pr\u00e9c\u00e9dent depuis des d\u00e9cennies.<\/p>\n\n\n\n<p class=\"\">Ce d\u00e9part \u00ab&nbsp;montre clairement \u00e0 quel point la fracture au sein du Parlement rend presque impossible l\u2019adoption d\u2019un budget visant \u00e0 r\u00e9duire le d\u00e9ficit&nbsp;\u00bb, a soulign\u00e9 Jack Allen-Reynolds, analyste de Capital Economics.<\/p>\n\n\n\n<p class=\"\">\u00ab&nbsp;Si on avait encore des interrogations sur la d\u00e9gradation de la note fran\u00e7aise par les agences de notation, d\u00e9sormais on n\u2019a plus de doute&nbsp;\u00bb, a dit \u00e0 l\u2019AFP John Plassard, analyste de Cit\u00e9 Gestion Private Bank.<\/p>\n\n\n\n<p class=\"\">Le risque qui p\u00e8se sur la France est de devoir emprunter \u00e0 des taux encore plus \u00e9lev\u00e9s. \u00ab&nbsp;Le manque de confiance&nbsp;\u00bb des investisseurs p\u00e8se aussi sur les perspectives \u00e9conomiques de l\u2019Hexagone, a ajout\u00e9 M. Plassard.<\/p>\n\n\n\n<p class=\"\">L\u2019or, quant \u00e0 lui, a battu un nouveau record lundi, passant au-dessus de 3.949 dollars l\u2019once, encourag\u00e9 par l\u2019arr\u00eat prolong\u00e9 des activit\u00e9s gouvernementales aux Etats-Unis en pleine paralysie budg\u00e9taire.<\/p>\n\n\n\n<p class=\"\">Enfin, la devise nippone plongeait de 1,91% vers 09H05 GMT face au billet vert, \u00e0 150,34 yens pour un dollar, apr\u00e8s l\u2019\u00e9lection comme cheffe du parti au pouvoir au Japon de Sanae Takaichi qui d\u00e9fend un fort soutien \u00e0 l\u2019\u00e9conomie et une politique budg\u00e9taire expansionniste, augmentant le risque d\u2019inflation et de d\u00e9valuation de la monnaie.<strong>Jean-Luc M\u00e9lenchon vient de poster un message sur son compte X.&nbsp;<\/strong><\/p>\n\n\n\n<p class=\"\">\u00ab\u00a0Une situation politique sans pr\u00e9c\u00e9dent historique se pr\u00e9sente. Nous avons le devoir d&rsquo;y r\u00e9pondre en redonnant la parole au peuple. Victorieux sur la base du programme de rupture du NFP il y a un an, nous avons vot\u00e9 ensemble la semaine derni\u00e8re pour nos candidats aux fonctions de l&rsquo;Assembl\u00e9e nationale.<\/p>\n\n\n\n<p class=\"\">C&rsquo;est pourquoi nous proposons une rencontre cet apr\u00e8s-midi aux organisations fondatrices de la NUPES et du NFP afin d\u2019envisager toutes les hypoth\u00e8ses ouvertes par cette situation\u00a0\u00bb, \u00e9crit-il sur le r\u00e9seau social.\u00a0Xavier Bertrand s&rsquo;exprime : \u00ab\u00a0Il y urgence \u00e0 ce qu&rsquo;Emmanuel Macron se remette \u00e0 pr\u00e9sider le pays. Il doit parler. Les Fran\u00e7ais ont besoin de savoir\u00a0\u00bb<\/p>\n","protected":false},"excerpt":{"rendered":"<p>Le gouvernement allemand a soulign\u00e9 lundi que la stabilit\u00e9 de la France \u00e9tait importante pour l\u2019Europe, apr\u00e8s la d\u00e9mission du Premier ministre fran\u00e7ais S\u00e9bastien Lecornu, prolongeant et approfondissant la crise politique dans le pays. \u00ab&nbsp;Une France stable est une contribution importante pour l\u2019Europe&nbsp;\u00bb, a affirm\u00e9 le porte-parole du gouvernement allemand, Stefan Kornelius, interrog\u00e9 sur la [&hellip;]<\/p>\n","protected":false},"author":2,"featured_media":38781,"comment_status":"open","ping_status":"open","sticky":false,"template":"","format":"standard","meta":{"_jetpack_memberships_contains_paid_content":false,"footnotes":"","jetpack_publicize_message":"","jetpack_publicize_feature_enabled":true,"jetpack_social_post_already_shared":true,"jetpack_social_options":{"image_generator_settings":{"template":"highway","default_image_id":0,"font":"","enabled":true,"token":"eyJpbWciOiJodHRwczpcL1wvd3d3LmljZWFnZXR2LmNvbVwvcmFkaW9zaXRlXC93cC1jb250ZW50XC91cGxvYWRzXC8yMDI1XC8xMFwvcjJEb0lpczAuanBnIiwidHh0IjoiU1x1MDBlOWJhc3RpZW4gTGVjb3JudSBzJiM4MjE3O2VzdCBleHByaW1cdTAwZTkgZGVwdWlzIE1hdGlnbm9uOiAmIzgyMjA7TGVzIGNvbmRpdGlvbnMgbiYjODIxNztcdTAwZTl0YWllbnQgcGx1cyByZW1wbGllcyBwb3VyIHF1ZSBqZSBwdWlzc2UgZXhlcmNlciBsZXMgZm9uY3Rpb25zIGRlIFByZW1pZXIgbWluaXN0cmUmIzgyMjE7ICYjODIxMTsgSWwgcmVncmV0dGUgbGVzICYjODIyMDthcHBcdTAwZTl0aXRzIHBhcnRpc2FucyYjODIyMTsgcXVpIG9udCBjb25kdWl0IFx1MDBlMCBzYSBkXHUwMGU5bWlzc2lvbiIsInRlbXBsYXRlIjoiaGlnaHdheSIsImZvbnQiOiIiLCJibG9nX2lkIjoxMTEwMTY0NjF9.jol5tHp7z36ZD8l4gUODVA7ARUv7E3qj7hucLjKYni8MQ"},"version":2},"_wpas_customize_per_network":false},"categories":[405],"tags":[],"class_list":["post-38780","post","type-post","status-publish","format-standard","has-post-thumbnail","hentry","category-actu-france-monde"],"jetpack_publicize_connections":[],"jetpack_featured_media_url":"https:\/\/i0.wp.com\/www.iceagetv.com\/radiosite\/wp-content\/uploads\/2025\/10\/r2DoIis0.jpg?fit=679%2C293&ssl=1","jetpack_sharing_enabled":true,"_links":{"self":[{"href":"https:\/\/www.iceagetv.com\/radiosite\/wp-json\/wp\/v2\/posts\/38780","targetHints":{"allow":["GET"]}}],"collection":[{"href":"https:\/\/www.iceagetv.com\/radiosite\/wp-json\/wp\/v2\/posts"}],"about":[{"href":"https:\/\/www.iceagetv.com\/radiosite\/wp-json\/wp\/v2\/types\/post"}],"author":[{"embeddable":true,"href":"https:\/\/www.iceagetv.com\/radiosite\/wp-json\/wp\/v2\/users\/2"}],"replies":[{"embeddable":true,"href":"https:\/\/www.iceagetv.com\/radiosite\/wp-json\/wp\/v2\/comments?post=38780"}],"version-history":[{"count":1,"href":"https:\/\/www.iceagetv.com\/radiosite\/wp-json\/wp\/v2\/posts\/38780\/revisions"}],"predecessor-version":[{"id":38782,"href":"https:\/\/www.iceagetv.com\/radiosite\/wp-json\/wp\/v2\/posts\/38780\/revisions\/38782"}],"wp:featuredmedia":[{"embeddable":true,"href":"https:\/\/www.iceagetv.com\/radiosite\/wp-json\/wp\/v2\/media\/38781"}],"wp:attachment":[{"href":"https:\/\/www.iceagetv.com\/radiosite\/wp-json\/wp\/v2\/media?parent=38780"}],"wp:term":[{"taxonomy":"category","embeddable":true,"href":"https:\/\/www.iceagetv.com\/radiosite\/wp-json\/wp\/v2\/categories?post=38780"},{"taxonomy":"post_tag","embeddable":true,"href":"https:\/\/www.iceagetv.com\/radiosite\/wp-json\/wp\/v2\/tags?post=38780"}],"curies":[{"name":"wp","href":"https:\/\/api.w.org\/{rel}","templated":true}]}}