{"id":38784,"date":"2025-10-06T15:08:31","date_gmt":"2025-10-06T13:08:31","guid":{"rendered":"https:\/\/www.iceagetv.com\/radiosite\/?p=38784"},"modified":"2025-10-06T15:08:35","modified_gmt":"2025-10-06T13:08:35","slug":"demission-du-gouvernement-lecornu-qui-va-gerer-les-affaires-courantes","status":"publish","type":"post","link":"https:\/\/www.iceagetv.com\/radiosite\/demission-du-gouvernement-lecornu-qui-va-gerer-les-affaires-courantes\/","title":{"rendered":"D\u00e9mission du gouvernement Lecornu\u00a0: qui va g\u00e9rer les affaires courantes\u00a0?"},"content":{"rendered":"\n<p class=\"\">S\u00e9bastien Lecornu a remis la d\u00e9mission de son gouvernement ce lundi, moins de 24h apr\u00e8s la nomination des principaux ministres. Ce sont pourtant bien ces derniers qui vont g\u00e9rer les affaires courantes jusqu&rsquo;\u00e0 la constitution d&rsquo;un nouveau gouvernement.<\/p>\n\n\n\n<p class=\"\">Apr\u00e8s\u00a0<a href=\"https:\/\/www.francebleu.fr\/infos\/politique\/le-premier-ministre-sebastien-lecornu-a-demissionne-3801387\">la d\u00e9mission de S\u00e9bastien Lecornu<\/a>, ce sont \u00ab\u00a0les \u00e9ph\u00e9m\u00e8res ministres\u00a0\u00bb nomm\u00e9s ce dimanche qui sont aux manettes, a expliqu\u00e9 ce lundi sur\u00a0<a href=\"https:\/\/www.franceinfo.fr\/\" target=\"_blank\" rel=\"noreferrer noopener\">franceinfo<\/a>\u00a0le politologue et constitutionnaliste Olivier Roucan, les d\u00e9crets de nomination ayant \u00e9t\u00e9 publi\u00e9s dimanche. Aupr\u00e8s de\u00a0<a href=\"https:\/\/www.radiofrance.fr\/franceinter\" target=\"_blank\" rel=\"noreferrer noopener\">France Inter<\/a>, Bercy confirme que Roland Lescure et Am\u00e9lie de Montchalin g\u00e8rent d\u00e9sormais du c\u00f4t\u00e9 du minist\u00e8re de l&rsquo;Economie et des finances. La c\u00e9r\u00e9monie de passation est en revanche annul\u00e9e.Le gouvernement Lecornu est donc cantonn\u00e9 \u00e0 la gestion de ces&nbsp;affaires courantes, le temps que le pr\u00e9sident nomme un successeur au poste de Premier ministre. La situation est cocasse puisque S\u00e9bastien Lecornu n&rsquo;a m\u00eame pas eu le temps de r\u00e9unir un Conseil des ministres, ni de tenir de discours de politique g\u00e9n\u00e9rale \u00e0 l&rsquo;Assembl\u00e9e nationale.<\/p>\n\n\n\n<h2 class=\"wp-block-heading\">Que sont les \u00ab\u00a0affaires courantes\u00a0\u00bb ?<\/h2>\n\n\n\n<p class=\"\">Concr\u00e8tement, le gouvernement \u00ab\u00a0reste en place, tant qu&rsquo;il n&rsquo;est pas remplac\u00e9 par un nouveau gouvernement, pour assurer au nom de la continuit\u00e9 le fonctionnement minimal de l&rsquo;Etat\u00a0\u00bb, explique une note du secr\u00e9tariat g\u00e9n\u00e9ral du gouvernement (SGG) dat\u00e9e du 2 juillet 2024. Plus les p\u00e9riodes d&rsquo;affaires courantes sont longues, plus cette notion est \u00ab\u00a0appr\u00e9ci\u00e9e de fa\u00e7on extensive\u00a0\u00bb, rel\u00e8ve le SGG.<\/p>\n\n\n\n<p class=\"\">Les affaires courantes recouvrent d&rsquo;un c\u00f4t\u00e9 les \u00ab\u00a0affaires ordinaires\u00a0\u00bb qui participent \u00e0 \u00ab\u00a0la marche normale de l&rsquo;Etat\u00a0\u00bb et ne n\u00e9cessitent \u00ab\u00a0aucune appr\u00e9ciation de nature politique\u00a0\u00bb, et de l&rsquo;autre les \u00ab\u00a0affaires urgentes\u00a0\u00bb, dont l&rsquo;adoption est dict\u00e9e par \u00ab\u00a0une imp\u00e9rieuse n\u00e9cessit\u00e9\u00a0\u00bb (\u00e9tat d&rsquo;urgence, catastrophe naturelle, trouble \u00e0 l&rsquo;ordre public, techniques de renseignement par exemple).<\/p>\n\n\n\n<h2 class=\"wp-block-heading\">L&rsquo;activit\u00e9 parlementaire au ralenti<\/h2>\n\n\n\n<p class=\"\">Pour ce qui est des projets de loi, aucun gouvernement en affaires courantes n&rsquo;en a pr\u00e9sent\u00e9 sous la Ve R\u00e9publique parce que, d&rsquo;une part, toute mesure l\u00e9gislative est tenue \u00ab\u00a0pour importante et politiquement sensible\u00a0\u00bb et d&rsquo;autre part, \u00ab\u00a0il peut sembler inad\u00e9quat de saisir le Parlement alors m\u00eame qu&rsquo;il est priv\u00e9 de sa pr\u00e9rogative la plus forte, \u00e0 savoir la possibilit\u00e9 de renverser le gouvernement\u00a0\u00bb, explique le SGG.<\/p>\n\n\n\n<p class=\"\">Rien n&rsquo;interdit au pr\u00e9sident de r\u00e9unir un Conseil des ministres, mais souvent avec un ordre du jour \u00ab\u00a0particuli\u00e8rement l\u00e9ger\u00a0\u00bb, pr\u00e9cise le SGG. Il peut continuer \u00e0 proc\u00e9der \u00e0 des nominations sauf \u00ab\u00a0les plus politiquement sensibles\u00a0\u00bb. Les mesures r\u00e8glementaires ne sont prises \u00e0 l&rsquo;inverse que \u00ab\u00a0par exception\u00a0\u00bb, au nom de la continuit\u00e9 de l&rsquo;\u00c9tat, ou quand elles rel\u00e8vent de l&rsquo;urgence.Il avait fallu pr\u00e8s d&rsquo;un mois au nouveau Premier ministre,\u00a0<a href=\"https:\/\/www.francebleu.fr\/infos\/politique\/gouvernement-sebastien-lecornu-nomme-premier-ministre-4660279\">nomm\u00e9 le 9 septembre<\/a>, pour annoncer dimanche soir la majeure partie de son gouvernement. Son premier conseil des ministres \u00e9tait pr\u00e9vu lundi \u00e0 16h, mais, critiqu\u00e9 de toutes parts et fragilis\u00e9 par la fronde des R\u00e9publicains, il a pr\u00e9sent\u00e9 sa d\u00e9mission dans la matin\u00e9e. Du jamais vu sous la Ve R\u00e9publique.<\/p>\n","protected":false},"excerpt":{"rendered":"<p>S\u00e9bastien Lecornu a remis la d\u00e9mission de son gouvernement ce lundi, moins de 24h apr\u00e8s la nomination des principaux ministres. Ce sont pourtant bien ces derniers qui vont g\u00e9rer les affaires courantes jusqu&rsquo;\u00e0 la constitution d&rsquo;un nouveau gouvernement. Apr\u00e8s\u00a0la d\u00e9mission de S\u00e9bastien Lecornu, ce sont \u00ab\u00a0les \u00e9ph\u00e9m\u00e8res ministres\u00a0\u00bb nomm\u00e9s ce dimanche qui sont aux manettes, [&hellip;]<\/p>\n","protected":false},"author":2,"featured_media":38785,"comment_status":"open","ping_status":"open","sticky":false,"template":"","format":"standard","meta":{"_jetpack_memberships_contains_paid_content":false,"footnotes":"","jetpack_publicize_message":"","jetpack_publicize_feature_enabled":true,"jetpack_social_post_already_shared":true,"jetpack_social_options":{"image_generator_settings":{"template":"highway","default_image_id":0,"font":"","enabled":true,"token":"eyJpbWciOiJodHRwczpcL1wvd3d3LmljZWFnZXR2LmNvbVwvcmFkaW9zaXRlXC93cC1jb250ZW50XC91cGxvYWRzXC8yMDI1XC8xMFwvRGVtaXNzaW9uLWR1LWdvdXZlcm5lbWVudC1MZWNvcm51LXF1aS12YS1nZXJlci1sZXMtYWZmYWlyZXMtY291cmFudGVzLS5qcGciLCJ0eHQiOiJEXHUwMGU5bWlzc2lvbiBkdSBnb3V2ZXJuZW1lbnQgTGVjb3JudVx1MDBhMDogcXVpIHZhIGdcdTAwZTlyZXIgbGVzIGFmZmFpcmVzIGNvdXJhbnRlc1x1MDBhMD8iLCJ0ZW1wbGF0ZSI6ImhpZ2h3YXkiLCJmb250IjoiIiwiYmxvZ19pZCI6MTExMDE2NDYxfQ.3BmxSDP3bn-MRE6vbqB8DilvFKjz0_c9cTGDqwo3MQ0MQ"},"version":2},"_wpas_customize_per_network":false},"categories":[405],"tags":[],"class_list":["post-38784","post","type-post","status-publish","format-standard","has-post-thumbnail","hentry","category-actu-france-monde"],"jetpack_publicize_connections":[],"jetpack_featured_media_url":"https:\/\/i0.wp.com\/www.iceagetv.com\/radiosite\/wp-content\/uploads\/2025\/10\/Demission-du-gouvernement-Lecornu-qui-va-gerer-les-affaires-courantes-.jpg?fit=607%2C277&ssl=1","jetpack_sharing_enabled":true,"_links":{"self":[{"href":"https:\/\/www.iceagetv.com\/radiosite\/wp-json\/wp\/v2\/posts\/38784","targetHints":{"allow":["GET"]}}],"collection":[{"href":"https:\/\/www.iceagetv.com\/radiosite\/wp-json\/wp\/v2\/posts"}],"about":[{"href":"https:\/\/www.iceagetv.com\/radiosite\/wp-json\/wp\/v2\/types\/post"}],"author":[{"embeddable":true,"href":"https:\/\/www.iceagetv.com\/radiosite\/wp-json\/wp\/v2\/users\/2"}],"replies":[{"embeddable":true,"href":"https:\/\/www.iceagetv.com\/radiosite\/wp-json\/wp\/v2\/comments?post=38784"}],"version-history":[{"count":1,"href":"https:\/\/www.iceagetv.com\/radiosite\/wp-json\/wp\/v2\/posts\/38784\/revisions"}],"predecessor-version":[{"id":38786,"href":"https:\/\/www.iceagetv.com\/radiosite\/wp-json\/wp\/v2\/posts\/38784\/revisions\/38786"}],"wp:featuredmedia":[{"embeddable":true,"href":"https:\/\/www.iceagetv.com\/radiosite\/wp-json\/wp\/v2\/media\/38785"}],"wp:attachment":[{"href":"https:\/\/www.iceagetv.com\/radiosite\/wp-json\/wp\/v2\/media?parent=38784"}],"wp:term":[{"taxonomy":"category","embeddable":true,"href":"https:\/\/www.iceagetv.com\/radiosite\/wp-json\/wp\/v2\/categories?post=38784"},{"taxonomy":"post_tag","embeddable":true,"href":"https:\/\/www.iceagetv.com\/radiosite\/wp-json\/wp\/v2\/tags?post=38784"}],"curies":[{"name":"wp","href":"https:\/\/api.w.org\/{rel}","templated":true}]}}