{"id":38791,"date":"2025-10-06T20:06:21","date_gmt":"2025-10-06T18:06:21","guid":{"rendered":"https:\/\/www.iceagetv.com\/radiosite\/?p=38791"},"modified":"2025-10-06T20:06:25","modified_gmt":"2025-10-06T18:06:25","slug":"macron-demande-a-lecornu-de-mener-dici-mercredi-dultimes-negociations-lecornu-ne-souhaite-pas-etre-reconduit-le-rn-annonce-quil-censurera-tout-nouveau-gouvernement","status":"publish","type":"post","link":"https:\/\/www.iceagetv.com\/radiosite\/macron-demande-a-lecornu-de-mener-dici-mercredi-dultimes-negociations-lecornu-ne-souhaite-pas-etre-reconduit-le-rn-annonce-quil-censurera-tout-nouveau-gouvernement\/","title":{"rendered":"Macron demande \u00e0 Lecornu de mener, d\u2019ici mercredi, \u00ab\u00a0d\u2019ultimes n\u00e9gociations\u00a0\u00bb &#8211; Lecornu \u00ab\u00a0ne souhaite pas \u00eatre reconduit\u00a0\u00bb &#8211; Le RN annonce qu&rsquo;il censurera \u00ab\u00a0tout nouveau gouvernement\u00a0\u00bb &#8211; Bruno Le Maire se retire de Ministre des Arm\u00e9es"},"content":{"rendered":"\n<p class=\"\"><strong>\u00a0Boris Vallaud, pr\u00e9sident du groupe socialiste \u00e0 l\u2019Assembl\u00e9e nationale, a indiqu\u00e9 que le PS et les \u00e9cologistes sont \u00abdisponibles\u00bb pour Matignon. Il ne souhaite, en outre, \u00abni la dissolution ni la destitution\u00bb.S\u00e9bastien Lecornu a fait savoir au pr\u00e9sident de la R\u00e9publique qu\u2019il ne souhaitait pas \u00eatre reconduit \u00e0 Matignon selon le Figaro<\/strong>. Il a n\u00e9anmoins accept\u00e9 de mener les \u00abultimes n\u00e9gociations\u00bb politiques r\u00e9clam\u00e9es par Emmanuel Macron et lui fera part, mercredi, de ses conclusions. Mais, quel qu\u2019en soit le r\u00e9sultat, il ne poursuivra pas sa mission au-del\u00e0.\u00a0<strong>Lors de sa r\u00e9union, le groupe Rassemblement National a act\u00e9 une censure de tout gouvernement a priori, y compris un gouvernement Lecornu 2.Le chef du gouvernement sortant S\u00e9bastien Lecornu a indiqu\u00e9 dans une publication sur X avoir \u00abaccept\u00e9 \u00e0 la demande du Pr\u00e9sident de la R\u00e9publique<\/strong>\u00a0de mener d\u2019ultimes discussions avec les forces politiques pour la stabilit\u00e9 du pays.\u00bb Et d\u2019ajouter: \u00abJe dirai au chef de l\u2019\u00c9tat mercredi soir si cela est possible ou non, pour qu\u2019il puisse en tirer toutes les conclusions qui s\u2019imposent.\u00bb<strong>Le pr\u00e9sident de la R\u00e9publique a confi\u00e9 \u00e0 monsieur S\u00e9bastien Lecornu, premier ministre d\u00e9missionnaire en charge des affaires courantes, la responsabilit\u00e9 de mener, d\u2019ici mercredi soir, d\u2019ultimes n\u00e9gociations afin de d\u00e9finir une plateforme d\u2019action et de stabilit\u00e9 pour le pays\u00bb, a indiqu\u00e9 l\u2019\u00c9lys\u00e9e.<\/strong>S\u00e9bastien Lecornu est actuellement au S\u00e9nat pour rencontrer G\u00e9rard Larcher (LR)<strong>Bruno Le Maire d\u00e9cide de se retirer et de rendre les fonctions de minist\u00e8re des Arm\u00e9es au premier ministre d\u00e9missionnaire. Bruno Le Maire a propos\u00e9 \u00e0 S\u00e9bastien Lecornu de se retirer du minist\u00e8re des Arm\u00e9es. Les deux hommes ont \u00e9chang\u00e9 par t\u00e9l\u00e9phone ce matin. Le premier ministre a accept\u00e9 sa proposition. Il devrait reprendre le p\u00e9rim\u00e8tre des Arm\u00e9es, au moins provisoirement.<\/strong><\/p>\n\n\n\n<p class=\"\">Dans un tweet, Bruno Le Maire \u00e9crit :<\/p>\n\n\n\n<p class=\"\">\u00ab\u00a0Ma d\u00e9cision de rejoindre le gouvernement a \u00e9t\u00e9 prise uniquement par esprit de mission, dans des circonstances g\u00e9opolitiques graves, pour servir la France et les Fran\u00e7ais. Je constate que ma d\u00e9cision provoque chez certains des r\u00e9actions incompr\u00e9hensibles, fausses et disproportionn\u00e9es.<\/p>\n\n\n\n<p class=\"\">Aucune situation individuelle ne doit bloquer le bon fonctionnement du pays et de nos institutions.<\/p>\n\n\n\n<p class=\"\">Dans ces conditions, j\u2019ai propos\u00e9 en fin de matin\u00e9e au pr\u00e9sident de la R\u00e9publique de me retirer du gouvernement sans d\u00e9lai et de transf\u00e9rer mes responsabilit\u00e9s de ministre des Arm\u00e9es au Premier ministre.<\/p>\n\n\n\n<p class=\"\">Le pr\u00e9sident de la R\u00e9publique a accept\u00e9 ma proposition. Je souhaite que cette d\u00e9cision permette la reprise des discussions en vue de former un nouveau gouvernement, dont la France a besoin.<\/p>\n\n\n\n<p class=\"\">Mon engagement au service de la France et des Fran\u00e7ais restera toujours anim\u00e9 par le souci de l\u2019int\u00e9r\u00eat g\u00e9n\u00e9ral et de l\u2019Etat.\u00a0\u00bb<\/p>\n\n\n\n<p class=\"\"><strong>&nbsp;<\/strong>Le groupe Libert\u00e9s, ind\u00e9pendants, outre-mer et territoires (LIOT) \u00e0 l&rsquo;Assembl\u00e9e nationale \u00ab\u00a0r\u00e9it\u00e8re\u00a0\u00bb dans un communiqu\u00e9 sa \u00ab\u00a0volont\u00e9 d&rsquo;agir pour aboutir \u00e0 un large rassemblement de l&rsquo;arc r\u00e9publicain qui apportera la stabilit\u00e9 dont la France a besoin jusqu&rsquo;\u00e0 la prochaine \u00e9lection pr\u00e9sidentielle\u00a0\u00bb. Liot se d\u00e9signe dans ce communiqu\u00e9 comme un \u00ab\u00a0groupe parlementaire lib\u00e9r\u00e9 de toute ambition pr\u00e9sidentielle\u00a0\u00bb, et \u00ab\u00a0capable de parler aussi bien \u00e0 la droite qu&rsquo;\u00e0 la gauche\u00a0\u00bb.<\/p>\n\n\n\n<blockquote class=\"wp-block-quote is-layout-flow wp-block-quote-is-layout-flow\">\n<p class=\"\">Ma d\u00e9cision de rejoindre le gouvernement a \u00e9t\u00e9 prise uniquement par esprit de mission, dans des circonstances g\u00e9opolitiques graves, pour servir la France et les Fran\u00e7ais.<strong>Le premier ministre d\u00e9missionnaire a quitt\u00e9 l\u2019\u00c9lys\u00e9e, apr\u00e8s un entretien d\u2019une heure avec le pr\u00e9sident de la R\u00e9publique.<\/strong>Le pr\u00e9sident de la R\u00e9publique a fait le choix du chaos institutionnel \u00bb et son Premier ministre S\u00e9bastien Lecornu \u00ab n\u2019a pas eu le courage d\u2019affronter les grands patrons \u00bb ou de \u00ab rompre avec la politique de l\u2019offre \u00bb, accuse la CGT dans un communiqu\u00e9.<\/p>\n\n\n\n<p class=\"\">Emmanuel Macron \u00ab prend le risque de transformer une crise sociale et d\u00e9mocratique en crise de r\u00e9gime \u00bb, poursuit la deuxi\u00e8me centrale syndicale de France, qui estime qu&rsquo;\u00ab il n\u2019y aura pas de stabilit\u00e9 sans justice sociale \u00bb.Le PS demande la nomination d\u2019un premier ministre issu de la gauche et des \u00e9cologistes. \u00abNous demandons la nomination d\u2019un premier ministre issu de la gauche et des \u00e9cologistes, ouverte au compromis\u00bb, a d\u00e9clar\u00e9 le secr\u00e9taire g\u00e9n\u00e9ral du PS Pierre Jouvet, au terme d\u2019une r\u00e9union avec les cadres socialistes.<\/p>\n\n\n\n<p class=\"\">\u00abNous n\u2019appelons ni \u00e0 la dissolution ni \u00e0 la d\u00e9mission du chef de l\u2019Etat\u00bb, a poursuivi le porte-parole, annon\u00e7ant que le PS allait rencontrer \u00ables partenaires politiques de gauche et \u00e9cologistes\u00bb, incluant notamment Place Publique et le Parti communiste Fran\u00e7ais &#8211; et excluant donc La France Insoumise.Dans un communiqu\u00e9, le Secr\u00e9taire national du Parti communiste fran\u00e7ais, Fabien Roussel, appelle Emmanuel Macron \u00e0 \u00ab\u00a0nommer enfin un Premier Ministre et un gouvernement de gauche\u00a0\u00bb.<\/p>\n\n\n\n<p class=\"\">Et d&rsquo;ajouter: \u00ab\u00a0Depuis d\u00e9but septembre des millions de travailleurs et travailleuses se mobilisent pour les salaires, les retraites, l\u2019emploi, l\u2019industrie, les services publics. Il faut les entendre!\u00a0\u00bb.<\/p>\n\n\n\n<p class=\"\">Fabien Roussel pr\u00e9cise \u00e9galement que son parti \u00ab\u00a0\u00e9changera dans les jours qui viennent avec les forces de gauche\u00a0\u00bb.<strong>\u00a0Le Premier ministre d\u00e9missionnaire S\u00e9bastien Lecornu est de nouveau re\u00e7u \u00e0 l&rsquo;Elys\u00e9e\u00a0au terme d\u2019un d\u00e9jeuner avec plusieurs ministres, a appris l&rsquo;AFP.Emmanuel Macron ne pr\u00e9voit pas de prendre la parole \u00ab\u00a0\u00e0 ce stade\u00a0\u00bb, indique l&rsquo;Elys\u00e9e selon plusieurs sources\u00a0Bruno Retailleau sera l&rsquo;invit\u00e9 de Sonia Mabrouk sur CNews ce mardi matin, pour une interview exceptionnelle \u00e0 partir de 8h<\/strong>Le meeting du Medef pr\u00e9vu le 13 octobre prochain \u00e0 Paris est report\u00e9 afin de \u00ab\u00a0contribuer \u00e0 participer \u00e0 l&rsquo;apaisement du pays\u00a0\u00bb apr\u00e8s la d\u00e9mission du Premier ministre S\u00e9bastien Lecornu, annonce le Mouvement des entreprises de France dans un communiqu\u00e9. \u00ab\u00a0Ce matin, nous sommes entr\u00e9s dans une nouvelle phase qui risque de nous conduire \u00e0 une crise institutionnelle\u00a0\u00bb, \u00e9crit le Medef.Sur le r\u00e9seau social X, Lucie Castets estime qu\u2019il \u00ab n\u2019est pas trop tard pour respecter les r\u00e9sultats (des \u00e9lections l\u00e9gislatives) de 2024 \u00bb. \u00ab Toutes les forces de gauche qui avaient permis de tenir l\u2019extr\u00eame droite en \u00e9chec doivent dialoguer et se tenir pr\u00eates \u00bb, a ajout\u00e9\u00a0la candidate du NFP pour Matignon \u00e0 l\u2019\u00e9t\u00e9 dernier\u00a0<\/p>\n<\/blockquote>\n","protected":false},"excerpt":{"rendered":"<p>\u00a0Boris Vallaud, pr\u00e9sident du groupe socialiste \u00e0 l\u2019Assembl\u00e9e nationale, a indiqu\u00e9 que le PS et les \u00e9cologistes sont \u00abdisponibles\u00bb pour Matignon. Il ne souhaite, en outre, \u00abni la dissolution ni la destitution\u00bb.S\u00e9bastien Lecornu a fait savoir au pr\u00e9sident de la R\u00e9publique qu\u2019il ne souhaitait pas \u00eatre reconduit \u00e0 Matignon selon le Figaro. Il a n\u00e9anmoins [&hellip;]<\/p>\n","protected":false},"author":2,"featured_media":38792,"comment_status":"open","ping_status":"open","sticky":false,"template":"","format":"standard","meta":{"_jetpack_memberships_contains_paid_content":false,"footnotes":"","jetpack_publicize_message":"","jetpack_publicize_feature_enabled":true,"jetpack_social_post_already_shared":true,"jetpack_social_options":{"image_generator_settings":{"template":"highway","default_image_id":0,"font":"","enabled":true,"token":"eyJpbWciOiJodHRwczpcL1wvd3d3LmljZWFnZXR2LmNvbVwvcmFkaW9zaXRlXC93cC1jb250ZW50XC91cGxvYWRzXC8yMDI1XC8xMFwvSC1fcElDNkcuanBnIiwidHh0IjoiTWFjcm9uIGRlbWFuZGUgXHUwMGUwIExlY29ybnUgZGUgbWVuZXIsIGRcdTIwMTlpY2kgbWVyY3JlZGksICYjODIyMDtkXHUyMDE5dWx0aW1lcyBuXHUwMGU5Z29jaWF0aW9ucyYjODIyMTsgJiM4MjExOyBMZWNvcm51ICYjODIyMDtuZSBzb3VoYWl0ZSBwYXMgXHUwMGVhdHJlIHJlY29uZHVpdCYjODIyMTsgJiM4MjExOyBMZSBSTiBhbm5vbmNlIHF1JiM4MjE3O2lsIGNlbnN1cmVyYSAmIzgyMjA7dG91dCBub3V2ZWF1IGdvdXZlcm5lbWVudCYjODIyMTsgJiM4MjExOyBCcnVubyBMZSBNYWlyZSBzZSByZXRpcmUgZGUgTWluaXN0cmUgZGVzIEFybVx1MDBlOWVzIiwidGVtcGxhdGUiOiJoaWdod2F5IiwiZm9udCI6IiIsImJsb2dfaWQiOjExMTAxNjQ2MX0.twtRXhz5d2gRn6iTQOfEro7FXmRlmFW43C3IMyF338oMQ"},"version":2},"_wpas_customize_per_network":false},"categories":[405],"tags":[],"class_list":["post-38791","post","type-post","status-publish","format-standard","has-post-thumbnail","hentry","category-actu-france-monde"],"jetpack_publicize_connections":[],"jetpack_featured_media_url":"https:\/\/i0.wp.com\/www.iceagetv.com\/radiosite\/wp-content\/uploads\/2025\/10\/H-_pIC6G.jpg?fit=679%2C293&ssl=1","jetpack_sharing_enabled":true,"_links":{"self":[{"href":"https:\/\/www.iceagetv.com\/radiosite\/wp-json\/wp\/v2\/posts\/38791","targetHints":{"allow":["GET"]}}],"collection":[{"href":"https:\/\/www.iceagetv.com\/radiosite\/wp-json\/wp\/v2\/posts"}],"about":[{"href":"https:\/\/www.iceagetv.com\/radiosite\/wp-json\/wp\/v2\/types\/post"}],"author":[{"embeddable":true,"href":"https:\/\/www.iceagetv.com\/radiosite\/wp-json\/wp\/v2\/users\/2"}],"replies":[{"embeddable":true,"href":"https:\/\/www.iceagetv.com\/radiosite\/wp-json\/wp\/v2\/comments?post=38791"}],"version-history":[{"count":1,"href":"https:\/\/www.iceagetv.com\/radiosite\/wp-json\/wp\/v2\/posts\/38791\/revisions"}],"predecessor-version":[{"id":38793,"href":"https:\/\/www.iceagetv.com\/radiosite\/wp-json\/wp\/v2\/posts\/38791\/revisions\/38793"}],"wp:featuredmedia":[{"embeddable":true,"href":"https:\/\/www.iceagetv.com\/radiosite\/wp-json\/wp\/v2\/media\/38792"}],"wp:attachment":[{"href":"https:\/\/www.iceagetv.com\/radiosite\/wp-json\/wp\/v2\/media?parent=38791"}],"wp:term":[{"taxonomy":"category","embeddable":true,"href":"https:\/\/www.iceagetv.com\/radiosite\/wp-json\/wp\/v2\/categories?post=38791"},{"taxonomy":"post_tag","embeddable":true,"href":"https:\/\/www.iceagetv.com\/radiosite\/wp-json\/wp\/v2\/tags?post=38791"}],"curies":[{"name":"wp","href":"https:\/\/api.w.org\/{rel}","templated":true}]}}