{"id":38810,"date":"2025-10-08T06:32:44","date_gmt":"2025-10-08T04:32:44","guid":{"rendered":"https:\/\/www.iceagetv.com\/radiosite\/?p=38810"},"modified":"2025-10-08T06:32:47","modified_gmt":"2025-10-08T04:32:47","slug":"alerte-enlevement-le-dispositif-alerte-enlevement-a-ete-declenche-pour-retrouver-une-fillette-de-3-ans-enlevee-sans-doute-par-son-pere-dans-lorne-le-suspect-age-de-36-ans-mesure-169-m-et-a","status":"publish","type":"post","link":"https:\/\/www.iceagetv.com\/radiosite\/alerte-enlevement-le-dispositif-alerte-enlevement-a-ete-declenche-pour-retrouver-une-fillette-de-3-ans-enlevee-sans-doute-par-son-pere-dans-lorne-le-suspect-age-de-36-ans-mesure-169-m-et-a\/","title":{"rendered":"ALERTE ENLEVEMENT &#8211; Le dispositif alerte enl\u00e8vement a \u00e9t\u00e9 d\u00e9clench\u00e9 pour retrouver une fillette de 3 ans enlev\u00e9e, sans doute par son p\u00e8re, dans l&rsquo;Orne &#8211; Le suspect, \u00e2g\u00e9 de 36 ans, mesure 1,69 m et a \u00ab\u00a0l&rsquo;allure mince\u00a0\u00bb"},"content":{"rendered":"\n<p class=\"\">Le dispositif alerte enl\u00e8vement a \u00e9t\u00e9 d\u00e9clench\u00e9  pour retrouver une fillette de 3 ans enlev\u00e9e la veille dans la soir\u00e9e \u00e0 Alen\u00e7on (Orne), a annonc\u00e9 le minist\u00e8re de la Justice. L&rsquo;enfant, pr\u00e9nomm\u00e9e Khuslen et d&rsquo;origine mongole, a \u00e9t\u00e9 enlev\u00e9e vers 21h40 lundi selon l&rsquo;alerte enl\u00e8vement diffus\u00e9e, et son ravisseur pr\u00e9sum\u00e9, son p\u00e8re, pourrait avoir pris la fuite dans un v\u00e9hicule blanc Peugeot 308. L&rsquo;enfant \u00e0 \u00ab\u00a0la peau mate\u00a0\u00bb, \u00ab\u00a0yeux et cheveux noirs\u00a0\u00bb et \u00ab\u00a0m\u00e8che sur le front\u00a0\u00bb, portait \u00ab\u00a0un ensemble gris, une t\u00e9tine et un doudou Mickey\u00a0\u00bb au moment des faits, pr\u00e9cise l&rsquo;alerte qui d\u00e9crit le ravisseur pr\u00e9sum\u00e9 comme portant \u00ab\u00a0une grosse tache rouge dans le cou\u00a0\u00bb, et comme \u00e9tant v\u00eatu d'\u00a0\u00bbun pull vert\u00a0\u00bb et de baskets.L&rsquo;alerte ajoute que le suspect, \u00e2g\u00e9 de 36 ans, mesure 1,69 m, et a \u00ab\u00a0l&rsquo;allure mince\u00a0\u00bb, les cheveux bruns\u00a0\u00bb et \u00ab\u00a0les yeux noirs\u00a0\u00bb.Les autorit\u00e9s enjoignent quiconque susceptible d&rsquo;avoir localis\u00e9 l&rsquo;enfant de ne pas intervenir directement mais d&rsquo;appeler le 197 ou d&rsquo;envoyer un email \u00e0 alerte-enlevement@interieur.gouv.frSollicit\u00e9 par l&rsquo;AFP pour fournir des pr\u00e9cisions sur le contexte de cet enl\u00e8vement et le profil du suspect, le parquet d&rsquo;Alen\u00e7on n&rsquo;avait pas r\u00e9agi dans l&rsquo;imm\u00e9diat.<\/p>\n","protected":false},"excerpt":{"rendered":"<p>Le dispositif alerte enl\u00e8vement a \u00e9t\u00e9 d\u00e9clench\u00e9 pour retrouver une fillette de 3 ans enlev\u00e9e la veille dans la soir\u00e9e \u00e0 Alen\u00e7on (Orne), a annonc\u00e9 le minist\u00e8re de la Justice. L&rsquo;enfant, pr\u00e9nomm\u00e9e Khuslen et d&rsquo;origine mongole, a \u00e9t\u00e9 enlev\u00e9e vers 21h40 lundi selon l&rsquo;alerte enl\u00e8vement diffus\u00e9e, et son ravisseur pr\u00e9sum\u00e9, son p\u00e8re, pourrait avoir pris [&hellip;]<\/p>\n","protected":false},"author":2,"featured_media":38812,"comment_status":"open","ping_status":"open","sticky":false,"template":"","format":"standard","meta":{"_jetpack_memberships_contains_paid_content":false,"footnotes":"","jetpack_publicize_message":"","jetpack_publicize_feature_enabled":true,"jetpack_social_post_already_shared":true,"jetpack_social_options":{"image_generator_settings":{"template":"highway","default_image_id":0,"font":"","enabled":true,"token":"eyJpbWciOiJodHRwczpcL1wvd3d3LmljZWFnZXR2LmNvbVwvcmFkaW9zaXRlXC93cC1jb250ZW50XC91cGxvYWRzXC8yMDI1XC8xMFwvbC1hbGVydGUtZW5sZXZlbWVudC1kZWNsZW5jaGVlLWFwcmVzLWxhLWRpc3Bhcml0aW9uLWQtdW5lLWZpbGxldHRlLWRlLTMtYW5zLWEtYWxlbmNvbi0xNzU5ODcyOTYxXzAuanBnIiwidHh0IjoiQUxFUlRFIEVOTEVWRU1FTlQgJiM4MjExOyBMZSBkaXNwb3NpdGlmIGFsZXJ0ZSBlbmxcdTAwZTh2ZW1lbnQgYSBcdTAwZTl0XHUwMGU5IGRcdTAwZTljbGVuY2hcdTAwZTkgcG91ciByZXRyb3V2ZXIgdW5lIGZpbGxldHRlIGRlIDMgYW5zIGVubGV2XHUwMGU5ZSwgc2FucyBkb3V0ZSBwYXIgc29uIHBcdTAwZThyZSwgZGFucyBsJiM4MjE3O09ybmUgJiM4MjExOyBMZSBzdXNwZWN0LCBcdTAwZTJnXHUwMGU5IGRlIDM2IGFucywgbWVzdXJlIDEsNjkgbSBldCBhICYjODIyMDtsJiM4MjE3O2FsbHVyZSBtaW5jZSYjODIyMTsiLCJ0ZW1wbGF0ZSI6ImhpZ2h3YXkiLCJmb250IjoiIiwiYmxvZ19pZCI6MTExMDE2NDYxfQ.puVXZAOsF-aV6D7Cv21GmMKY7CpTzzzLMGevcw6dlmkMQ"},"version":2},"_wpas_customize_per_network":false},"categories":[405],"tags":[],"class_list":["post-38810","post","type-post","status-publish","format-standard","has-post-thumbnail","hentry","category-actu-france-monde"],"jetpack_publicize_connections":[],"jetpack_featured_media_url":"https:\/\/i0.wp.com\/www.iceagetv.com\/radiosite\/wp-content\/uploads\/2025\/10\/l-alerte-enlevement-declenchee-apres-la-disparition-d-une-fillette-de-3-ans-a-alencon-1759872961_0.jpg?fit=920%2C397&ssl=1","jetpack_sharing_enabled":true,"_links":{"self":[{"href":"https:\/\/www.iceagetv.com\/radiosite\/wp-json\/wp\/v2\/posts\/38810","targetHints":{"allow":["GET"]}}],"collection":[{"href":"https:\/\/www.iceagetv.com\/radiosite\/wp-json\/wp\/v2\/posts"}],"about":[{"href":"https:\/\/www.iceagetv.com\/radiosite\/wp-json\/wp\/v2\/types\/post"}],"author":[{"embeddable":true,"href":"https:\/\/www.iceagetv.com\/radiosite\/wp-json\/wp\/v2\/users\/2"}],"replies":[{"embeddable":true,"href":"https:\/\/www.iceagetv.com\/radiosite\/wp-json\/wp\/v2\/comments?post=38810"}],"version-history":[{"count":1,"href":"https:\/\/www.iceagetv.com\/radiosite\/wp-json\/wp\/v2\/posts\/38810\/revisions"}],"predecessor-version":[{"id":38811,"href":"https:\/\/www.iceagetv.com\/radiosite\/wp-json\/wp\/v2\/posts\/38810\/revisions\/38811"}],"wp:featuredmedia":[{"embeddable":true,"href":"https:\/\/www.iceagetv.com\/radiosite\/wp-json\/wp\/v2\/media\/38812"}],"wp:attachment":[{"href":"https:\/\/www.iceagetv.com\/radiosite\/wp-json\/wp\/v2\/media?parent=38810"}],"wp:term":[{"taxonomy":"category","embeddable":true,"href":"https:\/\/www.iceagetv.com\/radiosite\/wp-json\/wp\/v2\/categories?post=38810"},{"taxonomy":"post_tag","embeddable":true,"href":"https:\/\/www.iceagetv.com\/radiosite\/wp-json\/wp\/v2\/tags?post=38810"}],"curies":[{"name":"wp","href":"https:\/\/api.w.org\/{rel}","templated":true}]}}