{"id":38814,"date":"2025-10-08T08:40:07","date_gmt":"2025-10-08T06:40:07","guid":{"rendered":"https:\/\/www.iceagetv.com\/radiosite\/?p=38814"},"modified":"2025-10-08T08:40:19","modified_gmt":"2025-10-08T06:40:19","slug":"loire-atlantique-six-membres-de-la-cgt-de-la-centrale-thermique-de-cordemais-ont-ete-places-en-garde-a-vue-pour-violences-avec-arme-en-reunion","status":"publish","type":"post","link":"https:\/\/www.iceagetv.com\/radiosite\/loire-atlantique-six-membres-de-la-cgt-de-la-centrale-thermique-de-cordemais-ont-ete-places-en-garde-a-vue-pour-violences-avec-arme-en-reunion\/","title":{"rendered":"Loire-Atlantique : Six membres de la CGT de la centrale thermique de Cordemais ont \u00e9t\u00e9 plac\u00e9s en garde \u00e0 vue pour \u00ab\u00a0violences avec arme en r\u00e9union\u00a0\u00bb"},"content":{"rendered":"\n<p class=\"\">Six membres de la CGT de la centrale thermique de Cordemais ont \u00e9t\u00e9 plac\u00e9s en garde \u00e0 vue pour \u00ab\u00a0violences avec arme en r\u00e9union\u00a0\u00bb dans plusieurs gendarmeries de Loire-Atlantique ce mardi. Ils ont \u00e9t\u00e9 interpell\u00e9s chez eux \u00e0 l&rsquo;aube \u00ab\u00a0fouill\u00e9s et menott\u00e9s devant leurs familles, comme des criminels\u00a0\u00bb, d\u00e9nonce la CGT Mines-\u00c9nergie.<\/p>\n\n\n\n<p class=\"\">\u00c0 l&rsquo;issue, deux sur les six sont renvoy\u00e9s devant le tribunal correctionnel, le proc\u00e8s aura lieu le 2 d\u00e9cembre 2025, a pr\u00e9cis\u00e9 le parquet de Nantes en fin de journ\u00e9e.<\/p>\n\n\n\n<p class=\"\">Il s&rsquo;agit, confirment aussi bien EDF que le parquet, des suites judiciaires du 27 septembre 2024. Des responsables syndicaux avaient alors fait exploser leur col\u00e8re sur le site.<\/p>\n\n\n\n<p class=\"\">Ce 27 septembre 2024, nous sommes trois jours apr\u00e8s l&rsquo;annonce d&rsquo;EDF qui ent\u00e9rine la fermeture de la centrale \u00e0 charbon pour 2027. Le projet Eccocombust, cens\u00e9 convertir le site \u00e0 la biomasse et port\u00e9 \u00e0 bout de bras par la CGT pendant des ann\u00e9es, est d\u00e9finitivement enterr\u00e9.<\/p>\n\n\n\n<p class=\"\">Les salari\u00e9s syndicalistes vont alors faire exploser des p\u00e9tards industriels tr\u00e8s puissants dans les couloirs du quatri\u00e8me \u00e9tage, celui de la direction.<\/p>\n\n\n\n<p class=\"\">\u00ab\u00a0Un mortier est actionn\u00e9, d\u00e9veloppant 150 d\u00e9cibels\u00a0\u00bb, d\u00e9taille le procureur de la R\u00e9publique de Nantes, Antoine Leroy. Si les gr\u00e9vistes ont mis des bouchons d&rsquo;oreille ou des protections, ce n&rsquo;est pas le cas de tous les cadres dans les bureaux. Or, \u00ab\u00a0\u00e0 partir de 120 d\u00e9cibels, les dommages sont irr\u00e9versibles\u00a0\u00bb, pr\u00e9cise encore le parquet.<\/p>\n\n\n\n<p class=\"\">Bilan \u00e0 l&rsquo;\u00e9poque : des accidents du travail et des arr\u00eats maladie pour des l\u00e9sions auditives pour sept personnels, dont le directeur Michel Durand, aujourd\u2019hui remplac\u00e9 et souffrant d\u2019une perte d\u2019audition de 20%.<\/p>\n","protected":false},"excerpt":{"rendered":"<p>Six membres de la CGT de la centrale thermique de Cordemais ont \u00e9t\u00e9 plac\u00e9s en garde \u00e0 vue pour \u00ab\u00a0violences avec arme en r\u00e9union\u00a0\u00bb dans plusieurs gendarmeries de Loire-Atlantique ce mardi. Ils ont \u00e9t\u00e9 interpell\u00e9s chez eux \u00e0 l&rsquo;aube \u00ab\u00a0fouill\u00e9s et menott\u00e9s devant leurs familles, comme des criminels\u00a0\u00bb, d\u00e9nonce la CGT Mines-\u00c9nergie. \u00c0 l&rsquo;issue, deux [&hellip;]<\/p>\n","protected":false},"author":2,"featured_media":38815,"comment_status":"open","ping_status":"open","sticky":false,"template":"","format":"standard","meta":{"_jetpack_memberships_contains_paid_content":false,"footnotes":"","jetpack_publicize_message":"","jetpack_publicize_feature_enabled":true,"jetpack_social_post_already_shared":true,"jetpack_social_options":{"image_generator_settings":{"template":"highway","default_image_id":0,"font":"","enabled":true,"token":"eyJpbWciOiJodHRwczpcL1wvd3d3LmljZWFnZXR2LmNvbVwvcmFkaW9zaXRlXC93cC1jb250ZW50XC91cGxvYWRzXC8yMDI1XC8xMFwvQ2FwdHVyZS1kZWNyYW4tMjAyNS0xMC0wOC0wODM4NTgucG5nIiwidHh0IjoiTG9pcmUtQXRsYW50aXF1ZSA6IFNpeCBtZW1icmVzIGRlIGxhIENHVCBkZSBsYSBjZW50cmFsZSB0aGVybWlxdWUgZGUgQ29yZGVtYWlzIG9udCBcdTAwZTl0XHUwMGU5IHBsYWNcdTAwZTlzIGVuIGdhcmRlIFx1MDBlMCB2dWUgcG91ciAmIzgyMjA7dmlvbGVuY2VzIGF2ZWMgYXJtZSBlbiByXHUwMGU5dW5pb24mIzgyMjE7IiwidGVtcGxhdGUiOiJoaWdod2F5IiwiZm9udCI6IiIsImJsb2dfaWQiOjExMTAxNjQ2MX0.DyaOfblrMwyQD1qFg0m3dwEoO0c0pfvY7Da-92_4FoEMQ"},"version":2},"_wpas_customize_per_network":false},"categories":[405],"tags":[],"class_list":["post-38814","post","type-post","status-publish","format-standard","has-post-thumbnail","hentry","category-actu-france-monde"],"jetpack_publicize_connections":[],"jetpack_featured_media_url":"https:\/\/i0.wp.com\/www.iceagetv.com\/radiosite\/wp-content\/uploads\/2025\/10\/Capture-decran-2025-10-08-083858.png?fit=738%2C301&ssl=1","jetpack_sharing_enabled":true,"_links":{"self":[{"href":"https:\/\/www.iceagetv.com\/radiosite\/wp-json\/wp\/v2\/posts\/38814","targetHints":{"allow":["GET"]}}],"collection":[{"href":"https:\/\/www.iceagetv.com\/radiosite\/wp-json\/wp\/v2\/posts"}],"about":[{"href":"https:\/\/www.iceagetv.com\/radiosite\/wp-json\/wp\/v2\/types\/post"}],"author":[{"embeddable":true,"href":"https:\/\/www.iceagetv.com\/radiosite\/wp-json\/wp\/v2\/users\/2"}],"replies":[{"embeddable":true,"href":"https:\/\/www.iceagetv.com\/radiosite\/wp-json\/wp\/v2\/comments?post=38814"}],"version-history":[{"count":1,"href":"https:\/\/www.iceagetv.com\/radiosite\/wp-json\/wp\/v2\/posts\/38814\/revisions"}],"predecessor-version":[{"id":38816,"href":"https:\/\/www.iceagetv.com\/radiosite\/wp-json\/wp\/v2\/posts\/38814\/revisions\/38816"}],"wp:featuredmedia":[{"embeddable":true,"href":"https:\/\/www.iceagetv.com\/radiosite\/wp-json\/wp\/v2\/media\/38815"}],"wp:attachment":[{"href":"https:\/\/www.iceagetv.com\/radiosite\/wp-json\/wp\/v2\/media?parent=38814"}],"wp:term":[{"taxonomy":"category","embeddable":true,"href":"https:\/\/www.iceagetv.com\/radiosite\/wp-json\/wp\/v2\/categories?post=38814"},{"taxonomy":"post_tag","embeddable":true,"href":"https:\/\/www.iceagetv.com\/radiosite\/wp-json\/wp\/v2\/tags?post=38814"}],"curies":[{"name":"wp","href":"https:\/\/api.w.org\/{rel}","templated":true}]}}