{"id":38817,"date":"2025-10-08T08:48:22","date_gmt":"2025-10-08T06:48:22","guid":{"rendered":"https:\/\/www.iceagetv.com\/radiosite\/?p=38817"},"modified":"2025-10-08T08:48:26","modified_gmt":"2025-10-08T06:48:26","slug":"disparition-dans-lorne-le-dispositif-alerte-enlevement-est-leve-la-petite-fille-de-3-ans-na-pas-ete-retrouvee","status":"publish","type":"post","link":"https:\/\/www.iceagetv.com\/radiosite\/disparition-dans-lorne-le-dispositif-alerte-enlevement-est-leve-la-petite-fille-de-3-ans-na-pas-ete-retrouvee\/","title":{"rendered":"Disparition dans l&rsquo;Orne\u00a0: le dispositif alerte enl\u00e8vement est lev\u00e9, la petite fille de 3\u00a0ans \u00ab\u00a0n&rsquo;a pas \u00e9t\u00e9 retrouv\u00e9e\u00a0\u00bb"},"content":{"rendered":"\n<p class=\"\">L&rsquo;enfant a \u00ab\u00a0\u00e9t\u00e9 enlev\u00e9e \u00e0 Alen\u00e7on\u00a0\u00bb lundi \u00ab\u00a0vers 21h40\u00a0\u00bb, selon le minist\u00e8re de la Justice.Le dispositif alerte enl\u00e8vement, d\u00e9clench\u00e9 mardi en milieu de soir\u00e9e pour retrouver une petite fille de 3&nbsp;ans enlev\u00e9e lundi \u00e0 Alen\u00e7on (Orne), a \u00e9t\u00e9 lev\u00e9 mercredi 8 octobre au matin sur d\u00e9cision du parquet, a fait savoir le minist\u00e8re de la Justice dans un communiqu\u00e9.<em>&nbsp;\u00ab\u00a0Khuslen n&rsquo;a pas \u00e9t\u00e9 retrouv\u00e9e. (&#8230;) L&rsquo;enqu\u00eate se poursuit\u00a0\u00bb<\/em>, a-t-il pr\u00e9cis\u00e9.<\/p>\n\n\n\n<p class=\"\">Le dispositif avait \u00e9t\u00e9 d\u00e9clench\u00e9 pour retrouver l&rsquo;enfant&nbsp;<em>\u00ab\u00a0<\/em><em>enlev\u00e9e \u00e0 Alen\u00e7on\u00a0\u00bb&nbsp;<\/em>lundi,&nbsp;<em>\u00ab\u00a0vers 21h40\u00a0\u00bb<\/em>, avait pr\u00e9cis\u00e9 le minist\u00e8re.&nbsp;<em>\u00ab\u00a0Le suspect serait son p\u00e8re\u00a0\u00bb,&nbsp;\u00ab\u00a0un&nbsp;homme de 36&nbsp;ans d&rsquo;origine mongole\u00a0\u00bb<\/em>, avait-il ajout\u00e9.<\/p>\n","protected":false},"excerpt":{"rendered":"<p>L&rsquo;enfant a \u00ab\u00a0\u00e9t\u00e9 enlev\u00e9e \u00e0 Alen\u00e7on\u00a0\u00bb lundi \u00ab\u00a0vers 21h40\u00a0\u00bb, selon le minist\u00e8re de la Justice.Le dispositif alerte enl\u00e8vement, d\u00e9clench\u00e9 mardi en milieu de soir\u00e9e pour retrouver une petite fille de 3&nbsp;ans enlev\u00e9e lundi \u00e0 Alen\u00e7on (Orne), a \u00e9t\u00e9 lev\u00e9 mercredi 8 octobre au matin sur d\u00e9cision du parquet, a fait savoir le minist\u00e8re de la [&hellip;]<\/p>\n","protected":false},"author":2,"featured_media":38818,"comment_status":"open","ping_status":"open","sticky":false,"template":"","format":"standard","meta":{"_jetpack_memberships_contains_paid_content":false,"footnotes":"","jetpack_publicize_message":"","jetpack_publicize_feature_enabled":true,"jetpack_social_post_already_shared":true,"jetpack_social_options":{"image_generator_settings":{"template":"highway","default_image_id":0,"font":"","enabled":true,"token":"eyJpbWciOiJodHRwczpcL1wvd3d3LmljZWFnZXR2LmNvbVwvcmFkaW9zaXRlXC93cC1jb250ZW50XC91cGxvYWRzXC8yMDI1XC8xMFwvQ2FwdHVyZS1kZWNyYW4tMjAyNS0xMC0wOC0wODQ3MzMtMTAyNHg0ODAucG5nIiwidHh0IjoiRGlzcGFyaXRpb24gZGFucyBsJiM4MjE3O09ybmVcdTAwYTA6IGxlIGRpc3Bvc2l0aWYgYWxlcnRlIGVubFx1MDBlOHZlbWVudCBlc3QgbGV2XHUwMGU5LCBsYSBwZXRpdGUgZmlsbGUgZGUgM1x1MDBhMGFucyAmIzgyMjA7biYjODIxNzthIHBhcyBcdTAwZTl0XHUwMGU5IHJldHJvdXZcdTAwZTllJiM4MjIxOyIsInRlbXBsYXRlIjoiaGlnaHdheSIsImZvbnQiOiIiLCJibG9nX2lkIjoxMTEwMTY0NjF9.04bZjyVid2s-0RjHR-y6yBEy7zUD56ife8lkXmRQSZcMQ"},"version":2},"_wpas_customize_per_network":false},"categories":[405],"tags":[],"class_list":["post-38817","post","type-post","status-publish","format-standard","has-post-thumbnail","hentry","category-actu-france-monde"],"jetpack_publicize_connections":[],"jetpack_featured_media_url":"https:\/\/i0.wp.com\/www.iceagetv.com\/radiosite\/wp-content\/uploads\/2025\/10\/Capture-decran-2025-10-08-084733.png?fit=1040%2C488&ssl=1","jetpack_sharing_enabled":true,"_links":{"self":[{"href":"https:\/\/www.iceagetv.com\/radiosite\/wp-json\/wp\/v2\/posts\/38817","targetHints":{"allow":["GET"]}}],"collection":[{"href":"https:\/\/www.iceagetv.com\/radiosite\/wp-json\/wp\/v2\/posts"}],"about":[{"href":"https:\/\/www.iceagetv.com\/radiosite\/wp-json\/wp\/v2\/types\/post"}],"author":[{"embeddable":true,"href":"https:\/\/www.iceagetv.com\/radiosite\/wp-json\/wp\/v2\/users\/2"}],"replies":[{"embeddable":true,"href":"https:\/\/www.iceagetv.com\/radiosite\/wp-json\/wp\/v2\/comments?post=38817"}],"version-history":[{"count":1,"href":"https:\/\/www.iceagetv.com\/radiosite\/wp-json\/wp\/v2\/posts\/38817\/revisions"}],"predecessor-version":[{"id":38819,"href":"https:\/\/www.iceagetv.com\/radiosite\/wp-json\/wp\/v2\/posts\/38817\/revisions\/38819"}],"wp:featuredmedia":[{"embeddable":true,"href":"https:\/\/www.iceagetv.com\/radiosite\/wp-json\/wp\/v2\/media\/38818"}],"wp:attachment":[{"href":"https:\/\/www.iceagetv.com\/radiosite\/wp-json\/wp\/v2\/media?parent=38817"}],"wp:term":[{"taxonomy":"category","embeddable":true,"href":"https:\/\/www.iceagetv.com\/radiosite\/wp-json\/wp\/v2\/categories?post=38817"},{"taxonomy":"post_tag","embeddable":true,"href":"https:\/\/www.iceagetv.com\/radiosite\/wp-json\/wp\/v2\/tags?post=38817"}],"curies":[{"name":"wp","href":"https:\/\/api.w.org\/{rel}","templated":true}]}}