{"id":3882,"date":"2016-02-04T12:24:42","date_gmt":"2016-02-04T12:24:42","guid":{"rendered":"http:\/\/www.iceagetv.com\/radiosite\/?p=3882"},"modified":"2016-02-04T12:24:42","modified_gmt":"2016-02-04T12:24:42","slug":"alerte-generale-vol-a-laeroport-de-madrid-forces-de-securite-de-secours-mobilises","status":"publish","type":"post","link":"https:\/\/www.iceagetv.com\/radiosite\/alerte-generale-vol-a-laeroport-de-madrid-forces-de-securite-de-secours-mobilises\/","title":{"rendered":"Alerte g\u00e9n\u00e9rale sur un vol \u00e0 l&rsquo;a\u00e9roport de Madrid &#8211; Forces de s\u00e9curit\u00e9 et de secours mobilis\u00e9s"},"content":{"rendered":"<p>\n\tLes autorit&eacute;s a&eacute;roportuaires ont d&eacute;cr&eacute;t&eacute;, ce matin, une &quot;alerte g&eacute;n&eacute;rale&quot; &agrave; l&#39;a&eacute;roport de Madrid &agrave; la demande du commandant d&#39;un vol de Saudi Airlines, qui devait d&eacute;coller pour Riyad, a-t-on appris aupr&egrave;s du gestionnaire d&#39;a&eacute;roports Aena.\n<\/p>\n<p>\n\t&quot;L&#39;alerte g&eacute;n&eacute;rale signifie que les forces de s&eacute;curit&eacute; et les services de secours sont mobilis&eacute;s&quot;.&nbsp;<br \/>\n\tLes passagers du vol ont &eacute;t&eacute; d&eacute;barqu&eacute;s.<\/p>\n","protected":false},"excerpt":{"rendered":"<p>Les autorit&eacute;s a&eacute;roportuaires ont d&eacute;cr&eacute;t&eacute;, ce matin, une &quot;alerte g&eacute;n&eacute;rale&quot; &agrave; l&#39;a&eacute;roport de Madrid &agrave; la demande du commandant d&#39;un vol de Saudi Airlines, qui devait d&eacute;coller pour Riyad, a-t-on appris aupr&egrave;s du gestionnaire d&#39;a&eacute;roports Aena. &quot;L&#39;alerte g&eacute;n&eacute;rale signifie que les forces de s&eacute;curit&eacute; et les services de secours sont mobilis&eacute;s&quot;.&nbsp; Les passagers du vol [&hellip;]<\/p>\n","protected":false},"author":2,"featured_media":3883,"comment_status":"open","ping_status":"open","sticky":false,"template":"","format":"standard","meta":{"_jetpack_memberships_contains_paid_content":false,"footnotes":"","jetpack_publicize_message":"","jetpack_publicize_feature_enabled":true,"jetpack_social_post_already_shared":false,"jetpack_social_options":{"image_generator_settings":{"template":"highway","default_image_id":0,"font":"","enabled":false},"version":2},"_wpas_customize_per_network":false},"categories":[405],"tags":[891],"class_list":["post-3882","post","type-post","status-publish","format-standard","has-post-thumbnail","hentry","category-actu-france-monde","tag-alerte-generale-sur-un-vol-a-laeroport-de-madrid"],"jetpack_publicize_connections":[],"jetpack_featured_media_url":"https:\/\/i0.wp.com\/www.iceagetv.com\/radiosite\/wp-content\/uploads\/2016\/02\/Alerte-g%C3%A9n%C3%A9rale-sur-un-vol-%C3%A0-la%C3%A9roport-de-Madrid.jpg?fit=628%2C287&ssl=1","jetpack_sharing_enabled":true,"_links":{"self":[{"href":"https:\/\/www.iceagetv.com\/radiosite\/wp-json\/wp\/v2\/posts\/3882","targetHints":{"allow":["GET"]}}],"collection":[{"href":"https:\/\/www.iceagetv.com\/radiosite\/wp-json\/wp\/v2\/posts"}],"about":[{"href":"https:\/\/www.iceagetv.com\/radiosite\/wp-json\/wp\/v2\/types\/post"}],"author":[{"embeddable":true,"href":"https:\/\/www.iceagetv.com\/radiosite\/wp-json\/wp\/v2\/users\/2"}],"replies":[{"embeddable":true,"href":"https:\/\/www.iceagetv.com\/radiosite\/wp-json\/wp\/v2\/comments?post=3882"}],"version-history":[{"count":1,"href":"https:\/\/www.iceagetv.com\/radiosite\/wp-json\/wp\/v2\/posts\/3882\/revisions"}],"predecessor-version":[{"id":3884,"href":"https:\/\/www.iceagetv.com\/radiosite\/wp-json\/wp\/v2\/posts\/3882\/revisions\/3884"}],"wp:featuredmedia":[{"embeddable":true,"href":"https:\/\/www.iceagetv.com\/radiosite\/wp-json\/wp\/v2\/media\/3883"}],"wp:attachment":[{"href":"https:\/\/www.iceagetv.com\/radiosite\/wp-json\/wp\/v2\/media?parent=3882"}],"wp:term":[{"taxonomy":"category","embeddable":true,"href":"https:\/\/www.iceagetv.com\/radiosite\/wp-json\/wp\/v2\/categories?post=3882"},{"taxonomy":"post_tag","embeddable":true,"href":"https:\/\/www.iceagetv.com\/radiosite\/wp-json\/wp\/v2\/tags?post=3882"}],"curies":[{"name":"wp","href":"https:\/\/api.w.org\/{rel}","templated":true}]}}