{"id":38823,"date":"2025-10-08T12:58:18","date_gmt":"2025-10-08T10:58:18","guid":{"rendered":"https:\/\/www.iceagetv.com\/radiosite\/?p=38823"},"modified":"2025-10-08T12:58:21","modified_gmt":"2025-10-08T10:58:21","slug":"equateur-le-president-indemne-apres-une-attaque-visant-le-cortege-presidentiel","status":"publish","type":"post","link":"https:\/\/www.iceagetv.com\/radiosite\/equateur-le-president-indemne-apres-une-attaque-visant-le-cortege-presidentiel\/","title":{"rendered":"Equateur: le pr\u00e9sident indemne apr\u00e8s une attaque visant le cort\u00e8ge pr\u00e9sidentiel"},"content":{"rendered":"\n<p class=\"\"><strong>Le pr\u00e9sident de l&rsquo;Equateur, Daniel Noboa, est sorti indemne mardi d&rsquo;une attaque contre son \u00a0v\u00e9hicule dans le sud du pays, o\u00f9 se d\u00e9roulent des manifestations indig\u00e8nes sous tension, selon les autorit\u00e9s, violence vivement condamn\u00e9e par l&rsquo;OEA.<\/strong>500 personnes sont apparues et ont commenc\u00e9 \u00e0 jeter des pierres (sur le cort\u00e8ge pr\u00e9sidentiel, ndlr) et, clairement, il y a aussi des traces de balles sur la voiture du pr\u00e9sident\u00a0\u00bb, a d\u00e9clar\u00e9 \u00e0 la presse la ministre de l&rsquo;Environnement et de l&rsquo;Energie, In\u00e9s Manzano, assurant que le pr\u00e9sident en est sorti indemne.&nbsp;<\/p>\n\n\n\n<p class=\"\">Sur le r\u00e9seau social X, la pr\u00e9sidence a \u00e9voqu\u00e9 une \u00ab\u00a0attaque\u00a0\u00bb et diffus\u00e9 des vid\u00e9os film\u00e9es de l&rsquo;int\u00e9rieur de l&rsquo;un des v\u00e9hicules du cort\u00e8ge pr\u00e9sidentiel, au moment o\u00f9 plusieurs projectiles heurtent ses vitres et qu&rsquo;un passager crie : \u00ab\u00a0baissez la t\u00eate !\u00a0\u00bb.&nbsp;<\/p>\n\n\n\n<p class=\"\">Sur d&rsquo;autres images tourn\u00e9es \u00e0 l&rsquo;ext\u00e9rieur, appara\u00eet un groupe de manifestants, certains en tenues traditionnelles, lan\u00e7ant des pierres et des b\u00e2tons contre le cort\u00e8ge.&nbsp;<\/p>\n\n\n\n<p class=\"\">Les autorit\u00e9s enqu\u00eatent pour d\u00e9terminer si les impacts visibles sur le SUV blind\u00e9 qui transportait le dirigeant proviennent de tirs par balles.<\/p>\n\n\n\n<p class=\"\">Le secr\u00e9taire g\u00e9n\u00e9ral de l&rsquo;Organisation des Etats am\u00e9ricains (OEA) Albert Ramdin a \u00ab\u00a0fermement condamn\u00e9 l&rsquo;attaque\u00a0\u00bb sur le r\u00e9seau social X.<\/p>\n\n\n\n<p class=\"\">\u00ab\u00a0Ces actes de violence constituent une atteinte \u00e0 la d\u00e9mocratie\u00a0\u00bb, a ajout\u00e9 M. Ramdin.<\/p>\n\n\n\n<p class=\"\">Il a appel\u00e9 les Equatoriens \u00e0 \u00ab\u00a0maintenir un esprit de dialogue pacifique\u00a0\u00bb.<\/p>\n\n\n\n<p class=\"\">Le cort\u00e8ge a \u00e9t\u00e9 pris pour cible alors qu&rsquo;il se dirigeait vers la localit\u00e9 andine de Ca\u00f1ar (sud). Le pr\u00e9sident conservateur a ensuite particip\u00e9 \u00e0 un \u00e9v\u00e9nement public dans la ville de Cuenca, o\u00f9 il a fustig\u00e9 \u00ab\u00a0ces agressions (qui) ne sont pas acceptables dans le nouvel Equateur\u00a0\u00bb.&nbsp;<\/p>\n\n\n\n<p class=\"\">\u00ab\u00a0La loi s&rsquo;applique \u00e0 tous (&#8230;) Nous ne permettrons pas qu&rsquo;une poign\u00e9e de vandales nous emp\u00eachent de travailler pour vous\u00a0\u00bb, a-t-il d\u00e9clar\u00e9 \u00e0 l&rsquo;assistance.&nbsp;<\/p>\n\n\n\n<p class=\"\">Mme Manzano a indiqu\u00e9 que le gouvernement avait d\u00e9pos\u00e9 plainte pour \u00ab\u00a0tentative de meurtre\u00a0\u00bb et que cinq personnes avaient \u00e9t\u00e9 arr\u00eat\u00e9es. Elles feront l&rsquo;objet d&rsquo;une enqu\u00eate pour le d\u00e9lit de terrorisme, passible d&rsquo;une peine pouvant aller jusqu&rsquo;\u00e0 30 ans de prison.<\/p>\n\n\n\n<p class=\"\">&#8211; Manifestations tendues &#8211;<\/p>\n\n\n\n<p class=\"\">L&rsquo;avocat et leader autochtone Yaku P\u00e9rez a d\u00e9clar\u00e9 aux journalistes que les personnes arr\u00eat\u00e9es, dont un homme et une femme de 60 ans, lui avaient affirm\u00e9 qu'\u00a0\u00bbaucune d&rsquo;entre elles n&rsquo;\u00e9taient \u00e0 la manifestation\u00a0\u00bb. Il a \u00e9voqu\u00e9 une m\u00e9prise au milieu de l&rsquo;agitation, au cours de laquelle les forces de s\u00e9curit\u00e9 ont, selon lui, fait usage de gaz lacrymog\u00e8nes.<\/p>\n\n\n\n<p class=\"\">Depuis le 22 septembre, le gouvernement Noboa fait face \u00e0 des manifestations accompagn\u00e9es de blocages de routes dans plusieurs provinces, \u00e0 l&rsquo;appel de la plus grande organisation des peuples autochtones du pays (Conaie), en r\u00e9action \u00e0 la suppression de la subvention au diesel dont le prix est pass\u00e9 de 1,80 \u00e0 2,80 dollars le gallon (3,8 litres).&nbsp;<\/p>\n\n\n\n<p class=\"\">Depuis le d\u00e9but de cette mobilisation qui se prolonge, un manifestant autochtone a \u00e9t\u00e9 tu\u00e9 par balles, 16 soldats ont \u00e9t\u00e9 pris en otage puis lib\u00e9r\u00e9s, quelque 150 ont \u00e9t\u00e9 bless\u00e9s parmi les civils, militaires et policiers et une centaine de personnes a \u00e9t\u00e9 arr\u00eat\u00e9e.<\/p>\n\n\n\n<p class=\"\">La hausse des prix des carburants avait d\u00e9j\u00e0 provoqu\u00e9 une forte mobilisation en 2019 et en 2022 sous de pr\u00e9c\u00e9dents gouvernements qui avaient d\u00fb y renoncer.<\/p>\n\n\n\n<p class=\"\">Les peuples autochtones repr\u00e9sentent pr\u00e8s de 8% des 17 millions d&rsquo;habitants de l&rsquo;Equateur, selon le dernier recensement. Les dirigeants autochtones affirment que, d&rsquo;apr\u00e8s des \u00e9tudes ind\u00e9pendantes, ils repr\u00e9sentent 25% de la population.<\/p>\n\n\n\n<p class=\"\">Le pr\u00e9sident Noboa, r\u00e9\u00e9lu en 2025, tente de r\u00e9duire les subventions au diesel pour \u00e9conomiser environ 1 milliard de dollars de d\u00e9penses publiques et financer sa lutte contre le crime organis\u00e9.<\/p>\n\n\n\n<p class=\"\">Du fait de sa situation entre la Colombie et le P\u00e9rou &#8211; les plus grands pays producteurs mondiaux de coca\u00efne &#8211; et de ses ports strat\u00e9giques sur le Pacifique, l&rsquo;Equateur est devenu ces derni\u00e8res ann\u00e9es le th\u00e9\u00e2tre de violents affrontements li\u00e9s au narcotrafic.<\/p>\n","protected":false},"excerpt":{"rendered":"<p>Le pr\u00e9sident de l&rsquo;Equateur, Daniel Noboa, est sorti indemne mardi d&rsquo;une attaque contre son \u00a0v\u00e9hicule dans le sud du pays, o\u00f9 se d\u00e9roulent des manifestations indig\u00e8nes sous tension, selon les autorit\u00e9s, violence vivement condamn\u00e9e par l&rsquo;OEA.500 personnes sont apparues et ont commenc\u00e9 \u00e0 jeter des pierres (sur le cort\u00e8ge pr\u00e9sidentiel, ndlr) et, clairement, il y [&hellip;]<\/p>\n","protected":false},"author":2,"featured_media":38824,"comment_status":"open","ping_status":"open","sticky":false,"template":"","format":"standard","meta":{"_jetpack_memberships_contains_paid_content":false,"footnotes":"","jetpack_publicize_message":"","jetpack_publicize_feature_enabled":true,"jetpack_social_post_already_shared":true,"jetpack_social_options":{"image_generator_settings":{"template":"highway","default_image_id":0,"font":"","enabled":true,"token":"eyJpbWciOiJodHRwczpcL1wvd3d3LmljZWFnZXR2LmNvbVwvcmFkaW9zaXRlXC93cC1jb250ZW50XC91cGxvYWRzXC8yMDI1XC8xMFwvQ2FwdHVyZS1kZWNyYW4tMjAyNS0xMC0wOC0xMjU3MzAtMTAyNHgzODYucG5nIiwidHh0IjoiRXF1YXRldXI6IGxlIHByXHUwMGU5c2lkZW50IGluZGVtbmUgYXByXHUwMGU4cyB1bmUgYXR0YXF1ZSB2aXNhbnQgbGUgY29ydFx1MDBlOGdlIHByXHUwMGU5c2lkZW50aWVsIiwidGVtcGxhdGUiOiJoaWdod2F5IiwiZm9udCI6IiIsImJsb2dfaWQiOjExMTAxNjQ2MX0.fQqqRnhTj4RdXQJyxDtW0OmhccdoBc-yMzemJjhnzI8MQ"},"version":2},"_wpas_customize_per_network":false},"categories":[405],"tags":[],"class_list":["post-38823","post","type-post","status-publish","format-standard","has-post-thumbnail","hentry","category-actu-france-monde"],"jetpack_publicize_connections":[],"jetpack_featured_media_url":"https:\/\/i0.wp.com\/www.iceagetv.com\/radiosite\/wp-content\/uploads\/2025\/10\/Capture-decran-2025-10-08-125730.png?fit=1242%2C468&ssl=1","jetpack_sharing_enabled":true,"_links":{"self":[{"href":"https:\/\/www.iceagetv.com\/radiosite\/wp-json\/wp\/v2\/posts\/38823","targetHints":{"allow":["GET"]}}],"collection":[{"href":"https:\/\/www.iceagetv.com\/radiosite\/wp-json\/wp\/v2\/posts"}],"about":[{"href":"https:\/\/www.iceagetv.com\/radiosite\/wp-json\/wp\/v2\/types\/post"}],"author":[{"embeddable":true,"href":"https:\/\/www.iceagetv.com\/radiosite\/wp-json\/wp\/v2\/users\/2"}],"replies":[{"embeddable":true,"href":"https:\/\/www.iceagetv.com\/radiosite\/wp-json\/wp\/v2\/comments?post=38823"}],"version-history":[{"count":1,"href":"https:\/\/www.iceagetv.com\/radiosite\/wp-json\/wp\/v2\/posts\/38823\/revisions"}],"predecessor-version":[{"id":38825,"href":"https:\/\/www.iceagetv.com\/radiosite\/wp-json\/wp\/v2\/posts\/38823\/revisions\/38825"}],"wp:featuredmedia":[{"embeddable":true,"href":"https:\/\/www.iceagetv.com\/radiosite\/wp-json\/wp\/v2\/media\/38824"}],"wp:attachment":[{"href":"https:\/\/www.iceagetv.com\/radiosite\/wp-json\/wp\/v2\/media?parent=38823"}],"wp:term":[{"taxonomy":"category","embeddable":true,"href":"https:\/\/www.iceagetv.com\/radiosite\/wp-json\/wp\/v2\/categories?post=38823"},{"taxonomy":"post_tag","embeddable":true,"href":"https:\/\/www.iceagetv.com\/radiosite\/wp-json\/wp\/v2\/tags?post=38823"}],"curies":[{"name":"wp","href":"https:\/\/api.w.org\/{rel}","templated":true}]}}