{"id":38828,"date":"2025-10-08T16:54:36","date_gmt":"2025-10-08T14:54:36","guid":{"rendered":"https:\/\/www.iceagetv.com\/radiosite\/?p=38828"},"modified":"2025-10-08T16:54:40","modified_gmt":"2025-10-08T14:54:40","slug":"lennart-monterlos-le-jeune-franco-allemand-detenu-en-iran-depuis-juin-a-ete-libere-il-avait-ete-arrete-pour-espionnage-alors-quil-traversait-le-pays-a-velo-en-solitaire","status":"publish","type":"post","link":"https:\/\/www.iceagetv.com\/radiosite\/lennart-monterlos-le-jeune-franco-allemand-detenu-en-iran-depuis-juin-a-ete-libere-il-avait-ete-arrete-pour-espionnage-alors-quil-traversait-le-pays-a-velo-en-solitaire\/","title":{"rendered":"Lennart Monterlos, le jeune franco-allemand d\u00e9tenu en Iran depuis juin, a \u00e9t\u00e9 lib\u00e9r\u00e9 &#8211; Il avait \u00e9t\u00e9 arr\u00eat\u00e9 pour \u00ab\u00a0espionnage\u00a0\u00bb alors qu\u2019il traversait le pays \u00e0 v\u00e9lo en solitaire"},"content":{"rendered":"\n<p class=\"\">Le jeune Franco-Allemand de 19 ans qui \u00e9tait d\u00e9tenu en Iran depuis juin est libre, a annonc\u00e9 mercredi \u00e0 l\u2019AFP le ministre fran\u00e7ais des Affaires \u00e9trang\u00e8res et il devrait \u00eatre de retour en France jeudi, selon des sources proches du dossier.<\/p>\n\n\n\n<p class=\"\">\u00abLennart Monterlos est libre\u00bb, a d\u00e9clar\u00e9 Jean-No\u00ebl Barrot. \u00abJe n\u2019oublie pas C\u00e9cile Kohler et Jacques Paris dont nous exigeons la lib\u00e9ration imm\u00e9diate\u00bb, a-t-il ajout\u00e9 alors que ces deux autres Fran\u00e7ais sont emprisonn\u00e9s depuis plus de trois ans en Iran.<\/p>\n\n\n\n<p class=\"\">\u00abNous sommes soulag\u00e9s du retour de notre fils aupr\u00e8s de nous\u00bb, ont r\u00e9agi les parents de Lennart Monterlos dans une d\u00e9claration \u00e9crite transmise \u00e0 l\u2019AFP par leur avocate Me Chirinne Ardakani.<\/p>\n","protected":false},"excerpt":{"rendered":"<p>Le jeune Franco-Allemand de 19 ans qui \u00e9tait d\u00e9tenu en Iran depuis juin est libre, a annonc\u00e9 mercredi \u00e0 l\u2019AFP le ministre fran\u00e7ais des Affaires \u00e9trang\u00e8res et il devrait \u00eatre de retour en France jeudi, selon des sources proches du dossier. \u00abLennart Monterlos est libre\u00bb, a d\u00e9clar\u00e9 Jean-No\u00ebl Barrot. \u00abJe n\u2019oublie pas C\u00e9cile Kohler et [&hellip;]<\/p>\n","protected":false},"author":2,"featured_media":38829,"comment_status":"open","ping_status":"open","sticky":false,"template":"","format":"standard","meta":{"_jetpack_memberships_contains_paid_content":false,"footnotes":"","jetpack_publicize_message":"","jetpack_publicize_feature_enabled":true,"jetpack_social_post_already_shared":true,"jetpack_social_options":{"image_generator_settings":{"template":"highway","default_image_id":0,"font":"","enabled":true,"token":"eyJpbWciOiJodHRwczpcL1wvd3d3LmljZWFnZXR2LmNvbVwvcmFkaW9zaXRlXC93cC1jb250ZW50XC91cGxvYWRzXC8yMDI1XC8xMFwvbGVubmFydF9tb250ZXJsb3NfMl8wLmpwZyIsInR4dCI6Ikxlbm5hcnQgTW9udGVybG9zLCBsZSBqZXVuZSBmcmFuY28tYWxsZW1hbmQgZFx1MDBlOXRlbnUgZW4gSXJhbiBkZXB1aXMganVpbiwgYSBcdTAwZTl0XHUwMGU5IGxpYlx1MDBlOXJcdTAwZTkgJiM4MjExOyBJbCBhdmFpdCBcdTAwZTl0XHUwMGU5IGFyclx1MDBlYXRcdTAwZTkgcG91ciAmIzgyMjA7ZXNwaW9ubmFnZSYjODIyMTsgYWxvcnMgcXVcdTIwMTlpbCB0cmF2ZXJzYWl0IGxlIHBheXMgXHUwMGUwIHZcdTAwZTlsbyBlbiBzb2xpdGFpcmUiLCJ0ZW1wbGF0ZSI6ImhpZ2h3YXkiLCJmb250IjoiIiwiYmxvZ19pZCI6MTExMDE2NDYxfQ.4ABcrQrBd0wPjG5gHPOtq057pWhZOlFKGGEnFFK_k08MQ"},"version":2},"_wpas_customize_per_network":false},"categories":[405],"tags":[],"class_list":["post-38828","post","type-post","status-publish","format-standard","has-post-thumbnail","hentry","category-actu-france-monde"],"jetpack_publicize_connections":[],"jetpack_featured_media_url":"https:\/\/i0.wp.com\/www.iceagetv.com\/radiosite\/wp-content\/uploads\/2025\/10\/lennart_monterlos_2_0.jpg?fit=680%2C294&ssl=1","jetpack_sharing_enabled":true,"_links":{"self":[{"href":"https:\/\/www.iceagetv.com\/radiosite\/wp-json\/wp\/v2\/posts\/38828","targetHints":{"allow":["GET"]}}],"collection":[{"href":"https:\/\/www.iceagetv.com\/radiosite\/wp-json\/wp\/v2\/posts"}],"about":[{"href":"https:\/\/www.iceagetv.com\/radiosite\/wp-json\/wp\/v2\/types\/post"}],"author":[{"embeddable":true,"href":"https:\/\/www.iceagetv.com\/radiosite\/wp-json\/wp\/v2\/users\/2"}],"replies":[{"embeddable":true,"href":"https:\/\/www.iceagetv.com\/radiosite\/wp-json\/wp\/v2\/comments?post=38828"}],"version-history":[{"count":1,"href":"https:\/\/www.iceagetv.com\/radiosite\/wp-json\/wp\/v2\/posts\/38828\/revisions"}],"predecessor-version":[{"id":38830,"href":"https:\/\/www.iceagetv.com\/radiosite\/wp-json\/wp\/v2\/posts\/38828\/revisions\/38830"}],"wp:featuredmedia":[{"embeddable":true,"href":"https:\/\/www.iceagetv.com\/radiosite\/wp-json\/wp\/v2\/media\/38829"}],"wp:attachment":[{"href":"https:\/\/www.iceagetv.com\/radiosite\/wp-json\/wp\/v2\/media?parent=38828"}],"wp:term":[{"taxonomy":"category","embeddable":true,"href":"https:\/\/www.iceagetv.com\/radiosite\/wp-json\/wp\/v2\/categories?post=38828"},{"taxonomy":"post_tag","embeddable":true,"href":"https:\/\/www.iceagetv.com\/radiosite\/wp-json\/wp\/v2\/tags?post=38828"}],"curies":[{"name":"wp","href":"https:\/\/api.w.org\/{rel}","templated":true}]}}