{"id":38833,"date":"2025-10-08T20:40:19","date_gmt":"2025-10-08T18:40:19","guid":{"rendered":"https:\/\/www.iceagetv.com\/radiosite\/?p=38833"},"modified":"2025-10-08T20:40:23","modified_gmt":"2025-10-08T18:40:23","slug":"urgent-crise-politique-sebastien-lecornu-affirme-que-la-situation-permet-un-nouveau-premier-ministre-dans-les-48-prochaines-heures","status":"publish","type":"post","link":"https:\/\/www.iceagetv.com\/radiosite\/urgent-crise-politique-sebastien-lecornu-affirme-que-la-situation-permet-un-nouveau-premier-ministre-dans-les-48-prochaines-heures\/","title":{"rendered":"URGENT \u00a0Crise politique: S\u00e9bastien Lecornu affirme que la situation permet \u00ab\u00a0un nouveau Premier ministre dans les 48 prochaines heures\u00a0\u00bb"},"content":{"rendered":"\n<h2 class=\"wp-block-heading\">Le Premier ministre d\u00e9missionnaire souhaite \u00ab\u00a0un chemin pour que le d\u00e9bat ait lieu\u00a0\u00bb sur les retraites<\/h2>\n\n\n\n<p class=\"\">Sur France 2, S\u00e9bastien Lecornu \u00e9voque la r\u00e9forme des retraites, qui est selon lui \u00ab\u00a0une source de blocage au Parlement\u00a0\u00bb, et \u00ab\u00a0l&rsquo;un des dossiers les plus bloquants\u00a0\u00bb.<\/p>\n\n\n\n<blockquote class=\"wp-block-quote is-layout-flow wp-block-quote-is-layout-flow\">\n<p class=\"\">\u00ab\u00a0On aura bien du mal \u00e0 dire qu&rsquo;il ne faut pas un d\u00e9bat, estime le Premier ministre d\u00e9missionnaire. Il faudra continuer \u00e0 travailler sur la question des retraites.<\/p>\n<\/blockquote>\n\n\n\n<p class=\"\">\u00ab\u00a0Il faudra trouver un chemin pour que le d\u00e9bat ait lieu sur la r\u00e9forme des retraites\u00a0\u00bb, assure-t-il, estimant que la suspension de la r\u00e9forme co\u00fbterait \u00ab\u00a0pas moins 3 milliards d&rsquo;euros en 2027.\u00a0\u00bbUn Premier ministre de gauche? S\u00e9bastien Lecornu estime que \u00ab\u00a0c&rsquo;est au chef de l&rsquo;\u00c9tat de mener les ultimes n\u00e9gociations\u00a0\u00bb<\/p>\n\n\n\n<p class=\"\">Une personnalit\u00e9 de gauche \u00e0 Matignon? \u00ab\u00a0C&rsquo;est au chef de l&rsquo;\u00c9tat de mener les ultimes n\u00e9gociations\u00a0\u00bb pour nommer un nouveau Premier ministre, estime S\u00e9bastien Lecornu.<\/p>\n\n\n\n<p class=\"\">Se disant \u00ab\u00a0plut\u00f4t optimiste\u00a0\u00bb, le Premier ministre d\u00e9missionnaire avance que \u00ab\u00a0ce qu&rsquo;il nous manque c&rsquo;est le dernier m\u00e8tre\u00a0\u00bb dans ces n\u00e9gociations et \u00ab\u00a0la capacit\u00e9 \u00e0 b\u00e2tir des compromis dans l&rsquo;H\u00e9micycle.\u00a0\u00bbPour S\u00e9bastien Lecornu, le prochain gouvernement devra \u00eatre \u00ab\u00a0compl\u00e8tement d\u00e9connect\u00e9 des ambitions pr\u00e9sidentielles\u00a0\u00bb<\/p>\n\n\n\n<p class=\"\">\u00ab\u00a0L&rsquo;\u00e9quipe qui devra prendre les responsabilit\u00e9s dans l&rsquo;avenir, quelle qu&rsquo;elle soit, devra \u00eatre une \u00e9quipe compl\u00e8tement d\u00e9connect\u00e9e des ambitions pr\u00e9sidentielles pour 2027\u00a0\u00bb, estime sur France 2 le Premier ministre d\u00e9missionnaire.<\/p>\n\n\n\n<p class=\"\">\u00ab\u00a0La situation est d\u00e9j\u00e0 suffisamment difficile, ajoute-t-il. Il faut qu&rsquo;on ait au fond une \u00e9quipe qui d\u00e9cide de se retrousser les manches et de r\u00e9gler les probl\u00e8mes du pays jusqu&rsquo;\u00e0 l&rsquo;\u00e9lection pr\u00e9sidentielle\u00a0\u00bb.S\u00e9bastien Lecornu affirme qu&rsquo;un Premier ministre peut \u00eatre nomm\u00e9 \u00ab\u00a0dans les 48 prochaines heures\u00a0\u00bb<\/p>\n\n\n\n<p class=\"\">S\u00e9bastien Lecornu a men\u00e9, ces derni\u00e8res 48 heures, des n\u00e9gociations avec des \u00ab\u00a0formations politiques qui, au fond, sont pr\u00e8tes \u00e0 s&rsquo;accorder sur un budget commun et des formations politiques de l&rsquo;opposition qui veulent aussi cette stabilit\u00e9 (&#8230;), mais ils mettent des conditions. Je sens qu&rsquo;un chemin est possible\u00a0\u00bb.<\/p>\n\n\n\n<p class=\"\">\u00ab\u00a0J&rsquo;ai dit au pr\u00e9sident de la R\u00e9publique que les perspectives de dissolution s&rsquo;\u00e9loignaient et que je pense que la situation permet, pour lui, de nommer un Premier ministre dans les 48 prochaines heures\u00a0\u00bb, a-t-il ajout\u00e9 sur France 2.S\u00e9bastien Lecornu consid\u00e8re sa \u00ab\u00a0mission termin\u00e9e\u00a0\u00bb<\/p>\n\n\n\n<p class=\"\">\u00ab\u00a0Je ne cours pas apr\u00e8s le job\u00a0\u00bb, a affirm\u00e9 S\u00e9bastien Lecornu, invit\u00e9 du 20Heures de France 2 ce mercredi soir.<\/p>\n\n\n\n<p class=\"\">\u00ab\u00a0J&rsquo;ai accept\u00e9 la mission que le pr\u00e9sident m\u2019a donn\u00e9, ce soir je consid\u00e8re que ma mission est termin\u00e9e\u00a0\u00bb, a ajout\u00e9 le Premier ministre d\u00e9missionnaire.<\/p>\n","protected":false},"excerpt":{"rendered":"<p>Le Premier ministre d\u00e9missionnaire souhaite \u00ab\u00a0un chemin pour que le d\u00e9bat ait lieu\u00a0\u00bb sur les retraites Sur France 2, S\u00e9bastien Lecornu \u00e9voque la r\u00e9forme des retraites, qui est selon lui \u00ab\u00a0une source de blocage au Parlement\u00a0\u00bb, et \u00ab\u00a0l&rsquo;un des dossiers les plus bloquants\u00a0\u00bb. \u00ab\u00a0On aura bien du mal \u00e0 dire qu&rsquo;il ne faut pas un [&hellip;]<\/p>\n","protected":false},"author":2,"featured_media":38834,"comment_status":"open","ping_status":"open","sticky":false,"template":"","format":"standard","meta":{"_jetpack_memberships_contains_paid_content":false,"footnotes":"","jetpack_publicize_message":"","jetpack_publicize_feature_enabled":true,"jetpack_social_post_already_shared":true,"jetpack_social_options":{"image_generator_settings":{"template":"highway","default_image_id":0,"font":"","enabled":true,"token":"eyJpbWciOiJodHRwczpcL1wvd3d3LmljZWFnZXR2LmNvbVwvcmFkaW9zaXRlXC93cC1jb250ZW50XC91cGxvYWRzXC8yMDI1XC8xMFwvQ2FwdHVyZS1kZWNyYW4tMjAyNS0xMC0wOC0yMDM5MzEtMTAyNHgzNDgucG5nIiwidHh0IjoiVVJHRU5UIFx1MDBhMENyaXNlIHBvbGl0aXF1ZTogU1x1MDBlOWJhc3RpZW4gTGVjb3JudSBhZmZpcm1lIHF1ZSBsYSBzaXR1YXRpb24gcGVybWV0ICYjODIyMDt1biBub3V2ZWF1IFByZW1pZXIgbWluaXN0cmUgZGFucyBsZXMgNDggcHJvY2hhaW5lcyBoZXVyZXMmIzgyMjE7IiwidGVtcGxhdGUiOiJoaWdod2F5IiwiZm9udCI6IiIsImJsb2dfaWQiOjExMTAxNjQ2MX0.n12pOg0TCEH-E8V7WZeUIMNJygdtwQDc7B6gGPUGISIMQ"},"version":2},"_wpas_customize_per_network":false},"categories":[405],"tags":[],"class_list":["post-38833","post","type-post","status-publish","format-standard","has-post-thumbnail","hentry","category-actu-france-monde"],"jetpack_publicize_connections":[],"jetpack_featured_media_url":"https:\/\/i0.wp.com\/www.iceagetv.com\/radiosite\/wp-content\/uploads\/2025\/10\/Capture-decran-2025-10-08-203931.png?fit=1212%2C412&ssl=1","jetpack_sharing_enabled":true,"_links":{"self":[{"href":"https:\/\/www.iceagetv.com\/radiosite\/wp-json\/wp\/v2\/posts\/38833","targetHints":{"allow":["GET"]}}],"collection":[{"href":"https:\/\/www.iceagetv.com\/radiosite\/wp-json\/wp\/v2\/posts"}],"about":[{"href":"https:\/\/www.iceagetv.com\/radiosite\/wp-json\/wp\/v2\/types\/post"}],"author":[{"embeddable":true,"href":"https:\/\/www.iceagetv.com\/radiosite\/wp-json\/wp\/v2\/users\/2"}],"replies":[{"embeddable":true,"href":"https:\/\/www.iceagetv.com\/radiosite\/wp-json\/wp\/v2\/comments?post=38833"}],"version-history":[{"count":1,"href":"https:\/\/www.iceagetv.com\/radiosite\/wp-json\/wp\/v2\/posts\/38833\/revisions"}],"predecessor-version":[{"id":38835,"href":"https:\/\/www.iceagetv.com\/radiosite\/wp-json\/wp\/v2\/posts\/38833\/revisions\/38835"}],"wp:featuredmedia":[{"embeddable":true,"href":"https:\/\/www.iceagetv.com\/radiosite\/wp-json\/wp\/v2\/media\/38834"}],"wp:attachment":[{"href":"https:\/\/www.iceagetv.com\/radiosite\/wp-json\/wp\/v2\/media?parent=38833"}],"wp:term":[{"taxonomy":"category","embeddable":true,"href":"https:\/\/www.iceagetv.com\/radiosite\/wp-json\/wp\/v2\/categories?post=38833"},{"taxonomy":"post_tag","embeddable":true,"href":"https:\/\/www.iceagetv.com\/radiosite\/wp-json\/wp\/v2\/tags?post=38833"}],"curies":[{"name":"wp","href":"https:\/\/api.w.org\/{rel}","templated":true}]}}